{"id":46386,"date":"2022-09-03T23:01:47","date_gmt":"2022-09-03T23:01:47","guid":{"rendered":"https:\/\/www.bitacoracdmx.com\/?p=46386"},"modified":"2022-09-03T23:01:47","modified_gmt":"2022-09-03T23:01:47","slug":"regresa-al-paseo-de-la-reforma-estatua-restaurada-de-ignacio-ramirez-el-nigromante","status":"publish","type":"post","link":"https:\/\/www.bitacoracdmx.com\/?p=46386","title":{"rendered":"Regresa al PASEO DE LA REFORMA estatua restaurada de IGNACIO RAM\u00cdREZ \u201cEL NIGROMANTE\u201d"},"content":{"rendered":"<p>[fusion_builder_container hundred_percent=&#8221;no&#8221; equal_height_columns=&#8221;no&#8221; menu_anchor=&#8221;&#8221; hide_on_mobile=&#8221;small-visibility,medium-visibility,large-visibility&#8221; class=&#8221;&#8221; id=&#8221;&#8221; background_color=&#8221;&#8221; background_image=&#8221;&#8221; background_position=&#8221;center center&#8221; background_repeat=&#8221;no-repeat&#8221; fade=&#8221;no&#8221; background_parallax=&#8221;none&#8221; parallax_speed=&#8221;0.3&#8243; video_mp4=&#8221;&#8221; video_webm=&#8221;&#8221; video_ogv=&#8221;&#8221; video_url=&#8221;&#8221; video_aspect_ratio=&#8221;16:9&#8243; video_loop=&#8221;yes&#8221; video_mute=&#8221;yes&#8221; overlay_color=&#8221;&#8221; video_preview_image=&#8221;&#8221; border_size=&#8221;&#8221; border_color=&#8221;&#8221; border_style=&#8221;solid&#8221; padding_top=&#8221;&#8221; padding_bottom=&#8221;&#8221; padding_left=&#8221;&#8221; padding_right=&#8221;&#8221;][fusion_builder_row][fusion_builder_column type=&#8221;1_1&#8243; layout=&#8221;1_1&#8243; background_position=&#8221;left top&#8221; background_color=&#8221;&#8221; border_size=&#8221;&#8221; border_color=&#8221;&#8221; border_style=&#8221;solid&#8221; border_position=&#8221;all&#8221; spacing=&#8221;yes&#8221; background_image=&#8221;&#8221; background_repeat=&#8221;no-repeat&#8221; padding_top=&#8221;&#8221; padding_right=&#8221;&#8221; padding_bottom=&#8221;&#8221; padding_left=&#8221;&#8221; margin_top=&#8221;0px&#8221; margin_bottom=&#8221;0px&#8221; class=&#8221;&#8221; id=&#8221;&#8221; animation_type=&#8221;&#8221; animation_speed=&#8221;0.3&#8243; animation_direction=&#8221;left&#8221; hide_on_mobile=&#8221;small-visibility,medium-visibility,large-visibility&#8221; center_content=&#8221;no&#8221; last=&#8221;no&#8221; min_height=&#8221;&#8221; hover_type=&#8221;none&#8221; link=&#8221;&#8221;][fusion_text]<\/p>\n<p>REDACCI\u00d3N<\/p>\n<p>\u25cf En los trabajos de restauraci\u00f3n participaron expertos del INAH y el costo total de la obra fue de 584 mil 632 pesos.<\/p>\n<p>\u25cf Este monumento forma parte del Paseo Escult\u00f3rico de Paseo de la Reforma desde 1989, en honor al escritor Ignacio Ram\u00edrez<\/p>\n<p>La secretaria de Cultura de la Ciudad de M\u00e9xico,\u00a0<strong>Claudia Curiel de Icaza<\/strong>, encabez\u00f3 este s\u00e1bado la reinstalaci\u00f3n de la estatua del escritor mexicano\u00a0<strong>Ignacio Ram\u00edrez \u201cEl Nigromante\u201d<\/strong>\u00a0en el camell\u00f3n lateral del paramento norte del Paseo a la Reforma en la colonia Tabacalera, a casi un a\u00f1o de que fuera retirada tras un accidente automovil\u00edstico.<\/p>\n<p>En la ceremonia, Curiel de Icaza record\u00f3 que este monumento fue instalado en 1989 para formar parte del Paseo Escult\u00f3rico de Paseo de la Reforma, y fue da\u00f1ado el 10 de diciembre de 2021 cuando un autom\u00f3vil lo impact\u00f3.<\/p>\n<p>Acompa\u00f1ada de Carlos Alberto Ulloa, secretario de Desarrollo Urbano y Vivienda de la Ciudad de M\u00e9xico (SEDUVI), Curiel de Icaza destac\u00f3 que esta pieza es considerada un monumento hist\u00f3rico de la naci\u00f3n por el Instituto Nacional de Antropolog\u00eda e Historia, por lo que su restauraci\u00f3n era de suma importancia.<\/p>\n<p>Por su parte Ulloa indic\u00f3 que los trabajos de restauraci\u00f3n duraron y tuvieron una inversi\u00f3n de 584 mil 632 pesos.<\/p>\n<p>Para estos trabajos se cerc\u00f3 el pedestal de la estatua y posteriormente la escultura se traslad\u00f3 para su resguardo y registro del estado de deterioro y da\u00f1os, donde se efectu\u00f3 limpieza superficial y especializada mediante agentes qu\u00edmicos, para proceder al desmontaje de los elementos da\u00f1ados, reparaci\u00f3n de abolladuras, eliminaci\u00f3n de corrosiones existentes en su exterior e interior.<\/p>\n<p>Adem\u00e1s se intervinieron los puntos y pernos de fijaci\u00f3n para ensamblar la cabeza y los brazos al tronco, se sustituy\u00f3 el sistema de sujeci\u00f3n a la base met\u00e1lica. Para concluir con el traslado y reproducci\u00f3n de la placa de identificaci\u00f3n.<\/p>\n<p>Aunque la Secretar\u00eda de Cultura capitalina y la SEDUVI interpusieron una denuncia contra el responsable del accidente a fin de que se haga responsable del pago de los da\u00f1os, las autoridades decidieron no esperar ese proceso y restaurar la pieza con el financiamiento del Fideicomiso de Transferencia de Potencialidad; el costo final de los trabajos fue de 584 mil 632 pesos.<\/p>\n<p>Ignacio Ram\u00edrez, conocido como \u201cEl Nigromante\u201d por ser el seud\u00f3nimo con el que firmaba sus art\u00edculos de prensa, naci\u00f3 en San Miguel, Guanajuato en 1818, fue un escritor, poeta, periodista, abogado, pol\u00edtico y destacado intelectual liberal mexicano.<\/p>\n<p>De sangre ind\u00edgena, fue compa\u00f1ero de lucha de Benito Ju\u00e1rez, Guillermo Prieto y otros h\u00e9roes liberales. Es considerado uno de los art\u00edfices del Estado laico mexicano. Ocup\u00f3 distintos cargos como ministro en el gobierno juarista, combati\u00f3 la intervenci\u00f3n francesa y fue Presidente de la Suprema Corte de Justicia de la Naci\u00f3n.<\/p>\n<p>Las actividades de la\u00a0<strong>Secretar\u00eda de Cultura de la Ciudad de M\u00e9xico<\/strong>\u00a0se pueden conocer en su p\u00e1gina oficial (<a href=\"https:\/\/cultura.cdmx.gob.mx\/\">https:\/\/cultura.cdmx.gob.mx\/<\/a>), en la Cartelera Cultural de la Ciudad de M\u00e9xico y a trav\u00e9s de sus redes sociales: Facebook, Twitter, Instagram y YouTube.<\/p>\n<p>[\/fusion_text][fusion_imageframe image_id=&#8221;46387|medium&#8221; max_width=&#8221;&#8221; style_type=&#8221;&#8221; blur=&#8221;&#8221; stylecolor=&#8221;&#8221; hover_type=&#8221;none&#8221; bordersize=&#8221;&#8221; bordercolor=&#8221;&#8221; borderradius=&#8221;&#8221; align=&#8221;none&#8221; lightbox=&#8221;no&#8221; gallery_id=&#8221;&#8221; lightbox_image=&#8221;&#8221; lightbox_image_id=&#8221;&#8221; alt=&#8221;&#8221; link=&#8221;&#8221; linktarget=&#8221;_self&#8221; hide_on_mobile=&#8221;small-visibility,medium-visibility,large-visibility&#8221; class=&#8221;&#8221; id=&#8221;&#8221; animation_type=&#8221;&#8221; animation_direction=&#8221;left&#8221; animation_speed=&#8221;0.3&#8243; animation_offset=&#8221;&#8221;]https:\/\/www.bitacoracdmx.com\/wp-content\/uploads\/2022\/09\/WhatsApp-Image-2022-09-03-at-3.07.22-PM-300&#215;200.jpeg[\/fusion_imageframe][\/fusion_builder_column][\/fusion_builder_row][\/fusion_builder_container]<\/p>\n","protected":false},"excerpt":{"rendered":"<p>[fusion_builder_container hundred_percent=&#8221;no&#8221; equal_height_columns=&#8221;no&#8221; menu_anchor=&#8221;&#8221; hide_on_mobile=&#8221;small-visibility,medium-visibility,large-visibility&#8221; class=&#8221;&#8221; id=&#8221;&#8221; background_color=&#8221;&#8221; background_image=&#8221;&#8221; background_position=&#8221;center center&#8221; background_repeat=&#8221;no-repeat&#8221; fade=&#8221;no&#8221; background_parallax=&#8221;none&#8221; parallax_speed=&#8221;0.3&#8243; video_mp4=&#8221;&#8221; video_webm=&#8221;&#8221; video_ogv=&#8221;&#8221; video_url=&#8221;&#8221; video_aspect_ratio=&#8221;16:9&#8243; video_loop=&#8221;yes&#8221; video_mute=&#8221;yes&#8221; overlay_color=&#8221;&#8221; video_preview_image=&#8221;&#8221; border_size=&#8221;&#8221; border_color=&#8221;&#8221; border_style=&#8221;solid&#8221; padding_top=&#8221;&#8221; padding_bottom=&#8221;&#8221; padding_left=&#8221;&#8221; padding_right=&#8221;&#8221;][fusion_builder_row][fusion_builder_column type=&#8221;1_1&#8243; layout=&#8221;1_1&#8243; background_position=&#8221;left top&#8221; background_color=&#8221;&#8221; border_size=&#8221;&#8221; border_color=&#8221;&#8221; border_style=&#8221;solid&#8221; border_position=&#8221;all&#8221; spacing=&#8221;yes&#8221; background_image=&#8221;&#8221; background_repeat=&#8221;no-repeat&#8221; padding_top=&#8221;&#8221; padding_right=&#8221;&#8221; padding_bottom=&#8221;&#8221; padding_left=&#8221;&#8221; margin_top=&#8221;0px&#8221; margin_bottom=&#8221;0px&#8221; class=&#8221;&#8221; id=&#8221;&#8221; animation_type=&#8221;&#8221; animation_speed=&#8221;0.3&#8243; animation_direction=&#8221;left&#8221; hide_on_mobile=&#8221;small-visibility,medium-visibility,large-visibility&#8221; center_content=&#8221;no&#8221; last=&#8221;no&#8221; min_height=&#8221;&#8221; hover_type=&#8221;none&#8221; link=&#8221;&#8221;][fusion_text] REDACCI\u00d3N \u25cf En los trabajos de restauraci\u00f3n participaron expertos del INAH y el costo total de la obra fue de 584 mil 632 pesos. \u25cf Este monumento forma parte del Paseo Escult\u00f3rico de Paseo de la Reforma desde 1989, en [&hellip;]<\/p>\n","protected":false},"author":1,"featured_media":46387,"comment_status":"open","ping_status":"open","sticky":false,"template":"","format":"standard","meta":{"footnotes":""},"categories":[5,9],"tags":[],"_links":{"self":[{"href":"https:\/\/www.bitacoracdmx.com\/index.php?rest_route=\/wp\/v2\/posts\/46386"}],"collection":[{"href":"https:\/\/www.bitacoracdmx.com\/index.php?rest_route=\/wp\/v2\/posts"}],"about":[{"href":"https:\/\/www.bitacoracdmx.com\/index.php?rest_route=\/wp\/v2\/types\/post"}],"author":[{"embeddable":true,"href":"https:\/\/www.bitacoracdmx.com\/index.php?rest_route=\/wp\/v2\/users\/1"}],"replies":[{"embeddable":true,"href":"https:\/\/www.bitacoracdmx.com\/index.php?rest_route=%2Fwp%2Fv2%2Fcomments&post=46386"}],"version-history":[{"count":1,"href":"https:\/\/www.bitacoracdmx.com\/index.php?rest_route=\/wp\/v2\/posts\/46386\/revisions"}],"predecessor-version":[{"id":46388,"href":"https:\/\/www.bitacoracdmx.com\/index.php?rest_route=\/wp\/v2\/posts\/46386\/revisions\/46388"}],"wp:featuredmedia":[{"embeddable":true,"href":"https:\/\/www.bitacoracdmx.com\/index.php?rest_route=\/wp\/v2\/media\/46387"}],"wp:attachment":[{"href":"https:\/\/www.bitacoracdmx.com\/index.php?rest_route=%2Fwp%2Fv2%2Fmedia&parent=46386"}],"wp:term":[{"taxonomy":"category","embeddable":true,"href":"https:\/\/www.bitacoracdmx.com\/index.php?rest_route=%2Fwp%2Fv2%2Fcategories&post=46386"},{"taxonomy":"post_tag","embeddable":true,"href":"https:\/\/www.bitacoracdmx.com\/index.php?rest_route=%2Fwp%2Fv2%2Ftags&post=46386"}],"curies":[{"name":"wp","href":"https:\/\/api.w.org\/{rel}","templated":true}]}}