{"id":46389,"date":"2022-09-04T02:21:08","date_gmt":"2022-09-04T02:21:08","guid":{"rendered":"https:\/\/www.bitacoracdmx.com\/?p=46389"},"modified":"2022-09-04T02:21:08","modified_gmt":"2022-09-04T02:21:08","slug":"foro-lindbergh-renace-en-parque-mexico-con-el-programa-cultura-en-tu-alcaldia","status":"publish","type":"post","link":"https:\/\/www.bitacoracdmx.com\/?p=46389","title":{"rendered":"FORO LINDBERGH renace en PARQUE M\u00c9XICO con el programa \u201cCULTURA EN TU ALCALD\u00cdA\u201d"},"content":{"rendered":"<p>[fusion_builder_container hundred_percent=&#8221;no&#8221; equal_height_columns=&#8221;no&#8221; menu_anchor=&#8221;&#8221; hide_on_mobile=&#8221;small-visibility,medium-visibility,large-visibility&#8221; class=&#8221;&#8221; id=&#8221;&#8221; background_color=&#8221;&#8221; background_image=&#8221;&#8221; background_position=&#8221;center center&#8221; background_repeat=&#8221;no-repeat&#8221; fade=&#8221;no&#8221; background_parallax=&#8221;none&#8221; parallax_speed=&#8221;0.3&#8243; video_mp4=&#8221;&#8221; video_webm=&#8221;&#8221; video_ogv=&#8221;&#8221; video_url=&#8221;&#8221; video_aspect_ratio=&#8221;16:9&#8243; video_loop=&#8221;yes&#8221; video_mute=&#8221;yes&#8221; overlay_color=&#8221;&#8221; video_preview_image=&#8221;&#8221; border_size=&#8221;&#8221; border_color=&#8221;&#8221; border_style=&#8221;solid&#8221; padding_top=&#8221;&#8221; padding_bottom=&#8221;&#8221; padding_left=&#8221;&#8221; padding_right=&#8221;&#8221;][fusion_builder_row][fusion_builder_column type=&#8221;1_1&#8243; layout=&#8221;1_1&#8243; background_position=&#8221;left top&#8221; background_color=&#8221;&#8221; border_size=&#8221;&#8221; border_color=&#8221;&#8221; border_style=&#8221;solid&#8221; border_position=&#8221;all&#8221; spacing=&#8221;yes&#8221; background_image=&#8221;&#8221; background_repeat=&#8221;no-repeat&#8221; padding_top=&#8221;&#8221; padding_right=&#8221;&#8221; padding_bottom=&#8221;&#8221; padding_left=&#8221;&#8221; margin_top=&#8221;0px&#8221; margin_bottom=&#8221;0px&#8221; class=&#8221;&#8221; id=&#8221;&#8221; animation_type=&#8221;&#8221; animation_speed=&#8221;0.3&#8243; animation_direction=&#8221;left&#8221; hide_on_mobile=&#8221;small-visibility,medium-visibility,large-visibility&#8221; center_content=&#8221;no&#8221; last=&#8221;no&#8221; min_height=&#8221;&#8221; hover_type=&#8221;none&#8221; link=&#8221;&#8221;][fusion_text]<\/p>\n<p>REDACCI\u00d3N<\/p>\n<p>\u25cf En la restauraci\u00f3n de Foro colaboraron las secretar\u00edas locales de\u00a0<strong>Cultura<\/strong>, de\u00a0<strong>Obras P\u00fablicas y Servicios (SOBSE)<\/strong>, y de\u00a0<strong>Desarrollo Urbano y Vivienda (SEDUVI)<\/strong>, as\u00ed como la\u00a0<strong>Secretar\u00eda de Cultura del Gobierno de M\u00e9xico<\/strong>\u00a0y el\u00a0<strong>Instituto Nacional de Bellas Artes y Literatura<\/strong>.<\/p>\n<p>\u25cf Con la reapertura de este espacio tambi\u00e9n dio inicio el programa \u201cCultura en tu Alcald\u00eda\u201d, que llevar\u00e1 programaci\u00f3n cultural a diversos espacios p\u00fablicos de las 16 demarcaciones.<\/p>\n<p>Tras un exhaustivo proceso de restauraci\u00f3n en el que participaron diversas dependencias del Gobierno de M\u00e9xico y el Gobierno capitalino, este s\u00e1bado\u00a0<strong>Claudia Curiel de Icaza, secretaria de Cultura de la Ciudad de M\u00e9xico<\/strong>, reinaugur\u00f3 oficialmente el\u00a0<strong>Foro Lindbergh<\/strong>, ubicado en el coraz\u00f3n del Parque M\u00e9xico de la colonia Hip\u00f3dromo Condesa.<\/p>\n<p>Curiel de Icaza destac\u00f3 que con esta ceremonia de reapertura tambi\u00e9n inicia el programa \u201cCultura en tu Alcald\u00eda\u201d, que tiene como prop\u00f3sito crear sinergia con la ciudadan\u00eda para definir el tipo de programaci\u00f3n que le interesa.<\/p>\n<p>Adelant\u00f3 que el Foro Lindbergh ser\u00e1 escenario para espect\u00e1culos culturales, especialmente m\u00fasica de c\u00e1mara, y recalc\u00f3 el compromiso para abrir el di\u00e1logo con los vecinos.<\/p>\n<p>Como debut de \u201cCultura en tu Alcald\u00eda\u201d, este s\u00e1bado en Foro Lindbergh se present\u00f3 la obra\u00a0<em>La revuelta de los bichos olvidados<\/em>, una posmoderna y c\u00f3mica puesta en escena dirigida por Daniela Arroio, con dramaturgia del bi\u00f3logo-escritor Andr\u00e9s Cota y m\u00fasica en vivo de Leo Soqui.<\/p>\n<p>Esta pieza est\u00e1 dirigida para ni\u00f1as, ni\u00f1os y j\u00f3venes inspirada en el universo est\u00e9tico de las marchas, donde los bichos excluidos de los cuentos infantiles se manifiestan en contra de la discriminaci\u00f3n y a favor de la inclusi\u00f3n en los discursos colectivos.<\/p>\n<p>Le sigui\u00f3\u00a0<em>Afuera. Reconstrucci\u00f3n de una obra<\/em>, una desafiante y l\u00fadica propuesta de teatro f\u00edsico para p\u00fablico infantil y adulto dirigido por el core\u00f3grafo Nicol\u00e1s Poggi, que tiene como tema principal el fracaso, planteando un espacio de ensayo abierto donde las cosas nunca suceden como esperamos que lo hagan.<\/p>\n<p>Finalmente se present\u00f3 el tr\u00edo musical Tres Tristes Tangos, que puso a bailar a los asistentes con ritmos como el jazz, el balkan, el tango, la m\u00fasica oaxaque\u00f1a y la improvisaci\u00f3n libre.<\/p>\n<p>El Foro Lindbergh, adem\u00e1s de ser un escenario para este tipo de expresiones art\u00edsticas, representa un importante lugar de esparcimientos en el que se dan clases de baile y cursos de patinaje para ni\u00f1as y ni\u00f1os.<\/p>\n<p>En ese sentido, Jos\u00e9 Mar\u00eda Bilbao Rodr\u00edguez, de la direcci\u00f3n de Arquitectura y Conservaci\u00f3n del Patrimonio Art\u00edstico Inmueble del Instituto Nacional de Bellas Artes y Literatura (INBAL), expres\u00f3 que la necesidad de restaurarlo se debe, no solo a su valor art\u00edstico y arquitect\u00f3nico, sino a que es un sitio acumulador de memoria.<\/p>\n<p>En los trabajos de rehabilitaci\u00f3n que iniciaron en octubre del 2021 participaron el Gobierno de la Ciudad de M\u00e9xico a trav\u00e9s de las secretar\u00edas de\u00a0<strong>Cultura, Obras P\u00fablicas y Servicios (SOBSE), y Desarrollo Urbano y Vivienda (SEDUVI)<\/strong>\u00a0locales, as\u00ed como la\u00a0<strong>Secretar\u00eda de Cultura del Gobierno de M\u00e9xico y Instituto Nacional de Bellas Artes y Literatura (INBAL)<\/strong>.<\/p>\n<p>Reconocido por su valor art\u00edstico y arquitect\u00f3nico, el Foro Lindbergh fue construido en 1927 por el arquitecto Leonardo Noriega y el ingeniero Javier Francisco St\u00e1voli Llamas con un estilo art-deco, sin embargo, con el paso de los a\u00f1os sufri\u00f3 diversos da\u00f1os por encontrarse a la intemperie, el crecimiento de flora nociva, suciedad, grafitis y pintas.<\/p>\n<p>Para proteger la obra del muralista Roberto Montenegro que embellece el recinto cultural, el Centro Nacional Conservaci\u00f3n y Registro del Patrimonio Art\u00edstico Mueble (CENCROPAM) del INBAL, realiz\u00f3 el desmontaje y montaje de cristales de protecci\u00f3n, retiro de hongo, musgo y reintegraci\u00f3n crom\u00e1tica en los murales del sol y la luna.<\/p>\n<p>Jos\u00e9 Mart\u00edn G\u00f3mez Tagle, director de Patrimonio Cultural Urbano y de Espacio P\u00fablico de la SEDUVI, inform\u00f3 que se realiz\u00f3 el montaje de andamiajes multidireccionales para realizar trabajos de limpieza, pintura, retiro de flora par\u00e1sita, reintegraci\u00f3n de acabado de pasta, retiro pintas y pegatinas en muros, puertas, pisos y canteras.<\/p>\n<p>Todo ello respetando la crom\u00e1tica original, as\u00ed como los materiales especializados en los diversos elementos del foro como columnas, p\u00e9rgolas, maceteros y la fuente de La Mujer de los C\u00e1ntaros<\/p>\n<p>Las actividades de la\u00a0<strong>Secretar\u00eda de Cultura de la Ciudad de M\u00e9xico<\/strong>\u00a0se pueden conocer en su p\u00e1gina oficial (<a href=\"https:\/\/cultura.cdmx.gob.mx\/\">https:\/\/cultura.cdmx.gob.mx\/<\/a>), en la Cartelera Cultural de la Ciudad de M\u00e9xico y a trav\u00e9s de sus redes sociales: Facebook, Twitter, Instagram y YouTube.<\/p>\n<p>[\/fusion_text][fusion_imageframe image_id=&#8221;46390|medium&#8221; max_width=&#8221;&#8221; style_type=&#8221;&#8221; blur=&#8221;&#8221; stylecolor=&#8221;&#8221; hover_type=&#8221;none&#8221; bordersize=&#8221;&#8221; bordercolor=&#8221;&#8221; borderradius=&#8221;&#8221; align=&#8221;none&#8221; lightbox=&#8221;no&#8221; gallery_id=&#8221;&#8221; lightbox_image=&#8221;&#8221; lightbox_image_id=&#8221;&#8221; alt=&#8221;&#8221; link=&#8221;&#8221; linktarget=&#8221;_self&#8221; hide_on_mobile=&#8221;small-visibility,medium-visibility,large-visibility&#8221; class=&#8221;&#8221; id=&#8221;&#8221; animation_type=&#8221;&#8221; animation_direction=&#8221;left&#8221; animation_speed=&#8221;0.3&#8243; animation_offset=&#8221;&#8221;]https:\/\/www.bitacoracdmx.com\/wp-content\/uploads\/2022\/09\/WhatsApp-Image-2022-09-03-at-4.36.46-PM-300&#215;200.jpeg[\/fusion_imageframe][\/fusion_builder_column][\/fusion_builder_row][\/fusion_builder_container]<\/p>\n","protected":false},"excerpt":{"rendered":"<p>[fusion_builder_container hundred_percent=&#8221;no&#8221; equal_height_columns=&#8221;no&#8221; menu_anchor=&#8221;&#8221; hide_on_mobile=&#8221;small-visibility,medium-visibility,large-visibility&#8221; class=&#8221;&#8221; id=&#8221;&#8221; background_color=&#8221;&#8221; background_image=&#8221;&#8221; background_position=&#8221;center center&#8221; background_repeat=&#8221;no-repeat&#8221; fade=&#8221;no&#8221; background_parallax=&#8221;none&#8221; parallax_speed=&#8221;0.3&#8243; video_mp4=&#8221;&#8221; video_webm=&#8221;&#8221; video_ogv=&#8221;&#8221; video_url=&#8221;&#8221; video_aspect_ratio=&#8221;16:9&#8243; video_loop=&#8221;yes&#8221; video_mute=&#8221;yes&#8221; overlay_color=&#8221;&#8221; video_preview_image=&#8221;&#8221; border_size=&#8221;&#8221; border_color=&#8221;&#8221; border_style=&#8221;solid&#8221; padding_top=&#8221;&#8221; padding_bottom=&#8221;&#8221; padding_left=&#8221;&#8221; padding_right=&#8221;&#8221;][fusion_builder_row][fusion_builder_column type=&#8221;1_1&#8243; layout=&#8221;1_1&#8243; background_position=&#8221;left top&#8221; background_color=&#8221;&#8221; border_size=&#8221;&#8221; border_color=&#8221;&#8221; border_style=&#8221;solid&#8221; border_position=&#8221;all&#8221; spacing=&#8221;yes&#8221; background_image=&#8221;&#8221; background_repeat=&#8221;no-repeat&#8221; padding_top=&#8221;&#8221; padding_right=&#8221;&#8221; padding_bottom=&#8221;&#8221; padding_left=&#8221;&#8221; margin_top=&#8221;0px&#8221; margin_bottom=&#8221;0px&#8221; class=&#8221;&#8221; id=&#8221;&#8221; animation_type=&#8221;&#8221; animation_speed=&#8221;0.3&#8243; animation_direction=&#8221;left&#8221; hide_on_mobile=&#8221;small-visibility,medium-visibility,large-visibility&#8221; center_content=&#8221;no&#8221; last=&#8221;no&#8221; min_height=&#8221;&#8221; hover_type=&#8221;none&#8221; link=&#8221;&#8221;][fusion_text] REDACCI\u00d3N \u25cf En la restauraci\u00f3n de Foro colaboraron las secretar\u00edas locales de\u00a0Cultura, de\u00a0Obras P\u00fablicas y Servicios (SOBSE), y de\u00a0Desarrollo Urbano y Vivienda (SEDUVI), as\u00ed como la\u00a0Secretar\u00eda de Cultura del Gobierno de M\u00e9xico\u00a0y el\u00a0Instituto Nacional de Bellas Artes y Literatura. \u25cf [&hellip;]<\/p>\n","protected":false},"author":1,"featured_media":46390,"comment_status":"open","ping_status":"open","sticky":false,"template":"","format":"standard","meta":{"footnotes":""},"categories":[5,9],"tags":[],"_links":{"self":[{"href":"https:\/\/www.bitacoracdmx.com\/index.php?rest_route=\/wp\/v2\/posts\/46389"}],"collection":[{"href":"https:\/\/www.bitacoracdmx.com\/index.php?rest_route=\/wp\/v2\/posts"}],"about":[{"href":"https:\/\/www.bitacoracdmx.com\/index.php?rest_route=\/wp\/v2\/types\/post"}],"author":[{"embeddable":true,"href":"https:\/\/www.bitacoracdmx.com\/index.php?rest_route=\/wp\/v2\/users\/1"}],"replies":[{"embeddable":true,"href":"https:\/\/www.bitacoracdmx.com\/index.php?rest_route=%2Fwp%2Fv2%2Fcomments&post=46389"}],"version-history":[{"count":1,"href":"https:\/\/www.bitacoracdmx.com\/index.php?rest_route=\/wp\/v2\/posts\/46389\/revisions"}],"predecessor-version":[{"id":46391,"href":"https:\/\/www.bitacoracdmx.com\/index.php?rest_route=\/wp\/v2\/posts\/46389\/revisions\/46391"}],"wp:featuredmedia":[{"embeddable":true,"href":"https:\/\/www.bitacoracdmx.com\/index.php?rest_route=\/wp\/v2\/media\/46390"}],"wp:attachment":[{"href":"https:\/\/www.bitacoracdmx.com\/index.php?rest_route=%2Fwp%2Fv2%2Fmedia&parent=46389"}],"wp:term":[{"taxonomy":"category","embeddable":true,"href":"https:\/\/www.bitacoracdmx.com\/index.php?rest_route=%2Fwp%2Fv2%2Fcategories&post=46389"},{"taxonomy":"post_tag","embeddable":true,"href":"https:\/\/www.bitacoracdmx.com\/index.php?rest_route=%2Fwp%2Fv2%2Ftags&post=46389"}],"curies":[{"name":"wp","href":"https:\/\/api.w.org\/{rel}","templated":true}]}}