{"id":46402,"date":"2022-09-05T23:44:12","date_gmt":"2022-09-05T23:44:12","guid":{"rendered":"https:\/\/www.bitacoracdmx.com\/?p=46402"},"modified":"2022-09-05T23:44:12","modified_gmt":"2022-09-05T23:44:12","slug":"jarvis-cocker-destaca-en-el-museo-de-la-ciudad-de-mexico-la-importancia-de-las-pequenas-cosas","status":"publish","type":"post","link":"https:\/\/www.bitacoracdmx.com\/?p=46402","title":{"rendered":"JARVIS COCKER destaca en el MUSEO DE LA CIUDAD DE M\u00c9XICO la importancia de las peque\u00f1as cosas."},"content":{"rendered":"<p>[fusion_builder_container hundred_percent=&#8221;no&#8221; equal_height_columns=&#8221;no&#8221; menu_anchor=&#8221;&#8221; hide_on_mobile=&#8221;small-visibility,medium-visibility,large-visibility&#8221; class=&#8221;&#8221; id=&#8221;&#8221; background_color=&#8221;&#8221; background_image=&#8221;&#8221; background_position=&#8221;center center&#8221; background_repeat=&#8221;no-repeat&#8221; fade=&#8221;no&#8221; background_parallax=&#8221;none&#8221; parallax_speed=&#8221;0.3&#8243; video_mp4=&#8221;&#8221; video_webm=&#8221;&#8221; video_ogv=&#8221;&#8221; video_url=&#8221;&#8221; video_aspect_ratio=&#8221;16:9&#8243; video_loop=&#8221;yes&#8221; video_mute=&#8221;yes&#8221; overlay_color=&#8221;&#8221; video_preview_image=&#8221;&#8221; border_size=&#8221;&#8221; border_color=&#8221;&#8221; border_style=&#8221;solid&#8221; padding_top=&#8221;&#8221; padding_bottom=&#8221;&#8221; padding_left=&#8221;&#8221; padding_right=&#8221;&#8221;][fusion_builder_row][fusion_builder_column type=&#8221;1_1&#8243; layout=&#8221;1_1&#8243; background_position=&#8221;left top&#8221; background_color=&#8221;&#8221; border_size=&#8221;&#8221; border_color=&#8221;&#8221; border_style=&#8221;solid&#8221; border_position=&#8221;all&#8221; spacing=&#8221;yes&#8221; background_image=&#8221;&#8221; background_repeat=&#8221;no-repeat&#8221; padding_top=&#8221;&#8221; padding_right=&#8221;&#8221; padding_bottom=&#8221;&#8221; padding_left=&#8221;&#8221; margin_top=&#8221;0px&#8221; margin_bottom=&#8221;0px&#8221; class=&#8221;&#8221; id=&#8221;&#8221; animation_type=&#8221;&#8221; animation_speed=&#8221;0.3&#8243; animation_direction=&#8221;left&#8221; hide_on_mobile=&#8221;small-visibility,medium-visibility,large-visibility&#8221; center_content=&#8221;no&#8221; last=&#8221;no&#8221; min_height=&#8221;&#8221; hover_type=&#8221;none&#8221; link=&#8221;&#8221;][fusion_text]<\/p>\n<p>REDACCI\u00d3N<\/p>\n<p>\u25cf El l\u00edder de la banda brit\u00e1nica Pulp llev\u00f3 al p\u00fablico por algunos de los pasajes m\u00e1s importantes de su libro\u00a0<em>Pop bueno, pop malo<\/em>.<\/p>\n<p>\u25cf La secretaria de Cultura capitalina, Claudia Curiel de Icaza, se\u00f1al\u00f3 que este evento se suma a los esfuerzos de la dependencia para llevar a cabo colaboraciones con promotores culturales y agentes creativos.<\/p>\n<p>Como parte de la colaboraci\u00f3n entre el\u00a0<strong>Hay Festival<\/strong>\u00a0y la\u00a0<strong>Secretar\u00eda de Cultura de la Ciudad de M\u00e9xico<\/strong>, el cantante y compositor brit\u00e1nico\u00a0<strong>Jarvis Cocker<\/strong>\u00a0sostuvo una conversaci\u00f3n con el locutor Rulo sobre su \u00faltimo libro\u00a0<em>Pop bueno, pop malo<\/em>\u00a0(Sexto Piso, 2022), resultado de un ejercicio de remembranza e introspecci\u00f3n con el que revela momentos clave de su vida profesional, y al mismo tiempo analiza la cultura pop.<\/p>\n<p>Ante un aforo de alrededor de 500 personas que se reunieron en el\u00a0<strong>Museo de la Ciudad de M\u00e9xico<\/strong>, la secretaria de Cultura capitalina,\u00a0<strong>Claudia Curiel de Icaza<\/strong>, se\u00f1al\u00f3 que este evento se suma a los esfuerzos de la dependencia para llevar a cabo colaboraciones con promotores culturales y agentes creativos, y se suma a otros importantes foros como \u201cGr\u00e1fica Urbana Chilanga\u201d y \u201cForo Tlaxcoaque: historia, verdad y justicia\u201d<\/p>\n<p>En la charla, el l\u00edder de la legendaria banda de britpop Pulp explic\u00f3 c\u00f3mo al hacer limpieza en su desv\u00e1n se reencontr\u00f3 con diversos objetos que lo remontaron a momentos espec\u00edficos de su vida.<\/p>\n<p>En la acci\u00f3n de tirar o guardar, el autor de &#8220;Disco 2000&#8243; consider\u00f3 tambi\u00e9n que no era necesario un espacio f\u00edsico como el suyo, ya que todos, de manera consciente o inconsciente, guardamos algo, pues el consumismo y la acumulaci\u00f3n son parte de la naturaleza humana y una condici\u00f3n contempor\u00e1nea de los ciudadanos del siglo XX y XXI.<\/p>\n<p>No obstante, cada persona tiene una historia que contar: \u201cTodos tenemos cosas en la vida y esa combinaci\u00f3n de ver el mundo nos hace \u00fanicos. De alguna forma, todos inventamos el mundo. Es alquimia\u201d, expres\u00f3 el autor.<\/p>\n<p>Se percat\u00f3 que, aunque muchas de las cosas eran basura, tambi\u00e9n hab\u00eda objetos valiosos: junto a una envoltura de caramelo estaba el boleto del primer concierto de Pulp.<\/p>\n<p>Para Jarvis Cocker, esta fue parte de la inspiraci\u00f3n para escribir un ensayo autobiogr\u00e1fico y analizar la necesidad de las personas para tener siempre cosas nuevas olvid\u00e1ndose as\u00ed de las viejas; a la vez, ordenar una especie de repositorio de viejas memorias que representan los inicios de Pulp.<\/p>\n<p>A trav\u00e9s de fotograf\u00edas y objetos, Cocker llev\u00f3 al p\u00fablico por algunos de los pasajes del libro, primero con la imagen de la puerta amarilla del desv\u00e1n, que decidi\u00f3 limpiar con la idea de \u201ces momento de tirar algunas cosas&#8221;.<\/p>\n<p>Entre los objetos que poseen un gran significado personal (y que Cocker fue sacando de una bolsa negra), est\u00e1 una barra de jab\u00f3n con un dise\u00f1o que nunca m\u00e1s volvi\u00f3 a salir a la venta y que el autor guard\u00f3 debido a su carga sentimental, toda vez que sus abuelos se ba\u00f1aban con \u00e9l.<\/p>\n<p>Por otra parte, entre las cosas que abordan la historia de Pulp, Cocker mostr\u00f3 una vieja libreta escolar en la que, con s\u00f3lo 15 a\u00f1os, bocet\u00f3 el primer logotipo de la banda y cre\u00f3 un c\u00f3digo de vestimenta, as\u00ed como un manifiesto para atraer a miembros del grupo y seguidores.<\/p>\n<p>Con una mentalidad muy clara sobre la ideolog\u00eda que deb\u00eda tener Pulp, uno de los puntos del manifiesto especificaba que en un principio tendr\u00edan que tocar pop, pero una vez establecidos y con cierto reconocimiento podr\u00edan tener m\u00e1s libertad, para as\u00ed, revolucionar la m\u00fasica.<\/p>\n<p>Otro de los objetos mostrados al p\u00fablico fue una camisa de segunda mano, la cual sirvi\u00f3 a Jarvis en su adolescencia para reflexionar sobre el deseo consumista de poseer cosas nuevas, ideolog\u00eda que Pulp quiso atacar al usar instrumentos musicales de segunda mano: \u201ctenemos que sacar lo mejor de las cosas que ya tenemos\u201d.<\/p>\n<p>&#8220;No ten\u00eda dinero para ropa. Era repartidor de peri\u00f3dicos, as\u00ed que comprando ropa de segunda fue que conseguimos el estilo de Pulp\u201d, destac\u00f3 el m\u00fasico.<\/p>\n<p>&#8220;Lo que me interesaba [al escribir el libro] era contar una historia con aquello que la gente desechaba.&#8221;, dijo, y al mismo tiempo diferenciar lo que identific\u00f3 como \u201cpop bueno\u201d y \u201cpop malo\u201d.<\/p>\n<p>Para ejemplo, sac\u00f3 de su bolsa un dibujo de la ex primera ministra de Reino Unido, Margaret Thatcher, la cual, seg\u00fan Cocker, encarna un tipo de &#8220;pop malo&#8221;, y es opuesta al &#8220;pop bueno&#8221;, es decir &#8220;una idea del arte no elitista inspirado en la vida cotidiana&#8221; y que tiene mucho que ver con la democratizaci\u00f3n y accesibilidad del arte.<\/p>\n<p>Con un gran sentido del humor con el que m\u00e1s de una vez provoc\u00f3 carcajadas a los asistentes, el hombre de 58 a\u00f1os detall\u00f3 que en el libro se encuentra todo lo que ha sido importante en su vida, su profesi\u00f3n y su percepci\u00f3n de la sociedad, dicha a trav\u00e9s de los objetos que aparentemente no tienen importancia, pero que, en realidad, definen la personalidad de los individuos.<\/p>\n<p>Las actividades de la\u00a0<strong>Secretar\u00eda de Cultura de la Ciudad de M\u00e9xico<\/strong>\u00a0se pueden conocer en su p\u00e1gina oficial (<a href=\"https:\/\/cultura.cdmx.gob.mx\/\">https:\/\/cultura.cdmx.gob.mx\/<\/a>), en la Cartelera Cultural de la Ciudad de M\u00e9xico y a trav\u00e9s de sus redes sociales: Facebook, Twitter, Instagram y YouTube.<\/p>\n<p>[\/fusion_text][fusion_imageframe image_id=&#8221;46403|medium&#8221; max_width=&#8221;&#8221; style_type=&#8221;&#8221; blur=&#8221;&#8221; stylecolor=&#8221;&#8221; hover_type=&#8221;none&#8221; bordersize=&#8221;&#8221; bordercolor=&#8221;&#8221; borderradius=&#8221;&#8221; align=&#8221;none&#8221; lightbox=&#8221;no&#8221; gallery_id=&#8221;&#8221; lightbox_image=&#8221;&#8221; lightbox_image_id=&#8221;&#8221; alt=&#8221;&#8221; link=&#8221;&#8221; linktarget=&#8221;_self&#8221; hide_on_mobile=&#8221;small-visibility,medium-visibility,large-visibility&#8221; class=&#8221;&#8221; id=&#8221;&#8221; animation_type=&#8221;&#8221; animation_direction=&#8221;left&#8221; animation_speed=&#8221;0.3&#8243; animation_offset=&#8221;&#8221;]https:\/\/www.bitacoracdmx.com\/wp-content\/uploads\/2022\/09\/WhatsApp-Image-2022-09-05-at-9.05.19-AM-1-300&#215;213.jpeg[\/fusion_imageframe][\/fusion_builder_column][\/fusion_builder_row][\/fusion_builder_container]<\/p>\n","protected":false},"excerpt":{"rendered":"<p>[fusion_builder_container hundred_percent=&#8221;no&#8221; equal_height_columns=&#8221;no&#8221; menu_anchor=&#8221;&#8221; hide_on_mobile=&#8221;small-visibility,medium-visibility,large-visibility&#8221; class=&#8221;&#8221; id=&#8221;&#8221; background_color=&#8221;&#8221; background_image=&#8221;&#8221; background_position=&#8221;center center&#8221; background_repeat=&#8221;no-repeat&#8221; fade=&#8221;no&#8221; background_parallax=&#8221;none&#8221; parallax_speed=&#8221;0.3&#8243; video_mp4=&#8221;&#8221; video_webm=&#8221;&#8221; video_ogv=&#8221;&#8221; video_url=&#8221;&#8221; video_aspect_ratio=&#8221;16:9&#8243; video_loop=&#8221;yes&#8221; video_mute=&#8221;yes&#8221; overlay_color=&#8221;&#8221; video_preview_image=&#8221;&#8221; border_size=&#8221;&#8221; border_color=&#8221;&#8221; border_style=&#8221;solid&#8221; padding_top=&#8221;&#8221; padding_bottom=&#8221;&#8221; padding_left=&#8221;&#8221; padding_right=&#8221;&#8221;][fusion_builder_row][fusion_builder_column type=&#8221;1_1&#8243; layout=&#8221;1_1&#8243; background_position=&#8221;left top&#8221; background_color=&#8221;&#8221; border_size=&#8221;&#8221; border_color=&#8221;&#8221; border_style=&#8221;solid&#8221; border_position=&#8221;all&#8221; spacing=&#8221;yes&#8221; background_image=&#8221;&#8221; background_repeat=&#8221;no-repeat&#8221; padding_top=&#8221;&#8221; padding_right=&#8221;&#8221; padding_bottom=&#8221;&#8221; padding_left=&#8221;&#8221; margin_top=&#8221;0px&#8221; margin_bottom=&#8221;0px&#8221; class=&#8221;&#8221; id=&#8221;&#8221; animation_type=&#8221;&#8221; animation_speed=&#8221;0.3&#8243; animation_direction=&#8221;left&#8221; hide_on_mobile=&#8221;small-visibility,medium-visibility,large-visibility&#8221; center_content=&#8221;no&#8221; last=&#8221;no&#8221; min_height=&#8221;&#8221; hover_type=&#8221;none&#8221; link=&#8221;&#8221;][fusion_text] REDACCI\u00d3N \u25cf El l\u00edder de la banda brit\u00e1nica Pulp llev\u00f3 al p\u00fablico por algunos de los pasajes m\u00e1s importantes de su libro\u00a0Pop bueno, pop malo. \u25cf La secretaria de Cultura capitalina, Claudia Curiel de Icaza, se\u00f1al\u00f3 que este evento se [&hellip;]<\/p>\n","protected":false},"author":1,"featured_media":46403,"comment_status":"open","ping_status":"open","sticky":false,"template":"","format":"standard","meta":{"footnotes":""},"categories":[9,10],"tags":[],"_links":{"self":[{"href":"https:\/\/www.bitacoracdmx.com\/index.php?rest_route=\/wp\/v2\/posts\/46402"}],"collection":[{"href":"https:\/\/www.bitacoracdmx.com\/index.php?rest_route=\/wp\/v2\/posts"}],"about":[{"href":"https:\/\/www.bitacoracdmx.com\/index.php?rest_route=\/wp\/v2\/types\/post"}],"author":[{"embeddable":true,"href":"https:\/\/www.bitacoracdmx.com\/index.php?rest_route=\/wp\/v2\/users\/1"}],"replies":[{"embeddable":true,"href":"https:\/\/www.bitacoracdmx.com\/index.php?rest_route=%2Fwp%2Fv2%2Fcomments&post=46402"}],"version-history":[{"count":1,"href":"https:\/\/www.bitacoracdmx.com\/index.php?rest_route=\/wp\/v2\/posts\/46402\/revisions"}],"predecessor-version":[{"id":46404,"href":"https:\/\/www.bitacoracdmx.com\/index.php?rest_route=\/wp\/v2\/posts\/46402\/revisions\/46404"}],"wp:featuredmedia":[{"embeddable":true,"href":"https:\/\/www.bitacoracdmx.com\/index.php?rest_route=\/wp\/v2\/media\/46403"}],"wp:attachment":[{"href":"https:\/\/www.bitacoracdmx.com\/index.php?rest_route=%2Fwp%2Fv2%2Fmedia&parent=46402"}],"wp:term":[{"taxonomy":"category","embeddable":true,"href":"https:\/\/www.bitacoracdmx.com\/index.php?rest_route=%2Fwp%2Fv2%2Fcategories&post=46402"},{"taxonomy":"post_tag","embeddable":true,"href":"https:\/\/www.bitacoracdmx.com\/index.php?rest_route=%2Fwp%2Fv2%2Ftags&post=46402"}],"curies":[{"name":"wp","href":"https:\/\/api.w.org\/{rel}","templated":true}]}}