{"id":46405,"date":"2022-09-05T23:51:30","date_gmt":"2022-09-05T23:51:30","guid":{"rendered":"https:\/\/www.bitacoracdmx.com\/?p=46405"},"modified":"2022-09-05T23:51:30","modified_gmt":"2022-09-05T23:51:30","slug":"trasfrontera-cu-volvera-a-conectar-a-la-gente-con-los-conciertos-masivos-en-ciudad-universitaria","status":"publish","type":"post","link":"https:\/\/www.bitacoracdmx.com\/?p=46405","title":{"rendered":"TRASFRONTERA CU volver\u00e1 a conectar a la gente con los conciertos masivos en Ciudad Universitaria."},"content":{"rendered":"<p>[fusion_builder_container hundred_percent=&#8221;no&#8221; equal_height_columns=&#8221;no&#8221; menu_anchor=&#8221;&#8221; hide_on_mobile=&#8221;small-visibility,medium-visibility,large-visibility&#8221; class=&#8221;&#8221; id=&#8221;&#8221; background_color=&#8221;&#8221; background_image=&#8221;&#8221; background_position=&#8221;center center&#8221; background_repeat=&#8221;no-repeat&#8221; fade=&#8221;no&#8221; background_parallax=&#8221;none&#8221; parallax_speed=&#8221;0.3&#8243; video_mp4=&#8221;&#8221; video_webm=&#8221;&#8221; video_ogv=&#8221;&#8221; video_url=&#8221;&#8221; video_aspect_ratio=&#8221;16:9&#8243; video_loop=&#8221;yes&#8221; video_mute=&#8221;yes&#8221; overlay_color=&#8221;&#8221; video_preview_image=&#8221;&#8221; border_size=&#8221;&#8221; border_color=&#8221;&#8221; border_style=&#8221;solid&#8221; padding_top=&#8221;&#8221; padding_bottom=&#8221;&#8221; padding_left=&#8221;&#8221; padding_right=&#8221;&#8221;][fusion_builder_row][fusion_builder_column type=&#8221;1_1&#8243; layout=&#8221;1_1&#8243; background_position=&#8221;left top&#8221; background_color=&#8221;&#8221; border_size=&#8221;&#8221; border_color=&#8221;&#8221; border_style=&#8221;solid&#8221; border_position=&#8221;all&#8221; spacing=&#8221;yes&#8221; background_image=&#8221;&#8221; background_repeat=&#8221;no-repeat&#8221; padding_top=&#8221;&#8221; padding_right=&#8221;&#8221; padding_bottom=&#8221;&#8221; padding_left=&#8221;&#8221; margin_top=&#8221;0px&#8221; margin_bottom=&#8221;0px&#8221; class=&#8221;&#8221; id=&#8221;&#8221; animation_type=&#8221;&#8221; animation_speed=&#8221;0.3&#8243; animation_direction=&#8221;left&#8221; hide_on_mobile=&#8221;small-visibility,medium-visibility,large-visibility&#8221; center_content=&#8221;no&#8221; last=&#8221;no&#8221; min_height=&#8221;&#8221; hover_type=&#8221;none&#8221; link=&#8221;&#8221;][fusion_text]<\/p>\n<p>REDACCI\u00d3N<\/p>\n<p>\u25cf El acordeonista Jair Alcal\u00e1, el arpista Celso Duarte, la banda Klezmerzon, Carina L\u00f3pez, Leika Moch\u00e1n y Gustavo Nandayapa, y Gabriel \u201cQueso\u201d Bronfman forman el cartel del primer concierto masivo en la UNAM tras el confinamiento por la pandemia de COVID-19.<\/p>\n<p>\u25cf La iniciativa creada durante el paso de la actual secretaria de Cultura capitalina por la Direcci\u00f3n General de M\u00fasica de la UNAM tendr\u00e1 lugar en las Islas de CU el s\u00e1bado 10 de septiembre.<\/p>\n<p>El pr\u00f3ximo s\u00e1bado 10 de septiembre las\u00a0<strong>Islas de Ciudad Universitaria<\/strong>\u00a0dar\u00e1n la bienvenida a la comunidad estudiantil y p\u00fablico en general al regreso de los conciertos masivos en la Universidad Nacional Aut\u00f3noma de M\u00e9xico (UNAM) con\u00a0<strong>Trasfrontera CU<\/strong>, proyecto impulsado por la\u00a0<strong>Coordinaci\u00f3n de Difusi\u00f3n Cultural de la UNAM<\/strong>\u00a0y la\u00a0<strong>Direcci\u00f3n General de M\u00fasica<\/strong>\u00a0de la instituci\u00f3n en colaboraci\u00f3n con la\u00a0<strong>Secretar\u00eda de Cultura de la Ciudad de M\u00e9xico<\/strong>.<\/p>\n<p>El cartel del evento est\u00e1 conformado por el acordeonista\u00a0<strong>Jair Alcal\u00e1<\/strong>,\u00a0<strong>el arpista Celso Duarte, la banda Klezmerson, la bajista Carina L\u00f3pez, Leika Moch\u00e1n y Gustavo Nandayapa, y Gabriel \u201cQueso\u201d Bronfman<\/strong>, cuyos proyectos musicales representan un paso libre y fluido entre distintos g\u00e9neros como el jazz, el rock, la m\u00fasica experimental y la tradicional.<\/p>\n<p>\u201cEs una emoci\u00f3n muy profunda poder volver a los escenarios y conectar con la gente, adem\u00e1s la UNAM es el escenario ideal por ser un espacio proyectado para quienes les interesa la diversidad musical\u201d, expres\u00f3 Benjam\u00edn Shwartz, l\u00edder y fundador de Klezmerson.<\/p>\n<p>Shwartz describe la m\u00fasica de Klezmerson con \u201cuna energ\u00eda explosiva, que tiene rock, ska y jazz, y para la gente que nos escucha es muy sorprendente darse cuenta de que tienen mucho en com\u00fan con lo que hacemos\u201d.<\/p>\n<p>Adem\u00e1s, define a su proyecto como un \u201cperro callejero\u201d, que lo mismo puede tocar en un Vive Latino como en un club de jazz, pues la m\u00fasica que interpretan, que se basa mucho en la improvisaci\u00f3n, puede adaptarse a lo masivo o lo \u00edntimo, lo que les da confianza de que en CU lograr\u00e1n conectar con la gente.<\/p>\n<p>Surgida como una respuesta al confinamiento por COVID-19 durante la etapa en que la actual secretaria de Cultura capitalina, Claudia Curiel de Icaza, se encontraba al frente de la subdirecci\u00f3n de Programaci\u00f3n en la Direcci\u00f3n General de M\u00fasica de la UNAM, Trasfrontera consisti\u00f3 en que m\u00fasicos de las escenas de nueve ciudades transmitieran digitalmente su arte desde diversos estudios alrededor del mundo, con el objetivo de crear un archivo de este momento hist\u00f3rico, y que tuvo como objetivo la creaci\u00f3n de un repositorio sobre el quehacer musical en la pandemia.<\/p>\n<p>En su fase virtual en donde artistas colaboraban a distancia desde estudios ic\u00f3nicos c\u00f3mo Abbey Road, Trasfrontera ha contado con la participaci\u00f3n de m\u00fasicos de talla internacional como el guitarrista Marc Ribot, el tecladista John Medeski, la cantante y multiinstrumentista Jen Shyu, la compositora y productora Yuka Honda (Cibo Matto), el ensamble Snowtet, y el productor e ingeniero de sonido Marc Urselli, entre otros.<\/p>\n<p>En ese sentido, Carina L\u00f3pez expres\u00f3 gran emoci\u00f3n \u201cprincipalmente porque este proyecto que inici\u00f3 en pandemia, ahora representa en muchos sentidos empezar a retomar la vida como la conoc\u00edamos, lo que me parece bastante importante\u201d.<\/p>\n<p>Adem\u00e1s, se congratul\u00f3 de que\u00a0<strong>Trasfrontera CU<\/strong>\u00a0va a lograr acercar al p\u00fablico a propuestas culturales diferentes y \u201cel hecho de que sea a mediod\u00eda abre la oportunidad a las familias de tener un gran escaparate hacia otras propuestas\u201d.<\/p>\n<p>\u201cYo como bajista estoy acostumbrada a estar la mayor\u00eda de las veces como acompa\u00f1ante, y es muy emocionante salir de mi zona de comfort y poder abrir con un set en el que estar\u00e9 al frente, en un escenario como el de Trasfrontera\u201d, dijo L\u00f3pez.<\/p>\n<p>Trasfrontera CU, ahora en su primera edici\u00f3n presencial, tambi\u00e9n conmemora los 70 a\u00f1os del inicio de la construcci\u00f3n de Ciudad Universitaria y el 15 aniversario de su designaci\u00f3n como Patrimonio Cultural de la Humanidad por parte de la Unesco.<\/p>\n<p>El concierto cuenta con el apoyo del Comit\u00e9 de An\u00e1lisis para las Intervenciones Urbanas, Arquitect\u00f3nicas y de las Ingenier\u00edas en el campus Ciudad Universitaria y los campi de la UNAM, as\u00ed como de la Facultad de Arquitectura de la UNAM.<\/p>\n<p>Trasfrontera CU tendr\u00e1 lugar el s\u00e1bado 10 de septiembre de 12:00 a 16:30 horas en Las Islas de Ciudad Universitaria, donde adem\u00e1s de la gran propuesta musical habr\u00e1 venta de comida y bebidas.<\/p>\n<p>Las actividades de la\u00a0<strong>Secretar\u00eda de Cultura de la Ciudad de M\u00e9xico<\/strong>\u00a0se pueden conocer en su p\u00e1gina oficial (<a href=\"https:\/\/cultura.cdmx.gob.mx\/\">https:\/\/cultura.cdmx.gob.mx\/<\/a>), en la Cartelera Cultural de la Ciudad de M\u00e9xico y a trav\u00e9s de sus redes sociales: Facebook, Twitter, Instagram y YouTube.<\/p>\n<p>[\/fusion_text][fusion_imageframe image_id=&#8221;46406|medium&#8221; max_width=&#8221;&#8221; style_type=&#8221;&#8221; blur=&#8221;&#8221; stylecolor=&#8221;&#8221; hover_type=&#8221;none&#8221; bordersize=&#8221;&#8221; bordercolor=&#8221;&#8221; borderradius=&#8221;&#8221; align=&#8221;none&#8221; lightbox=&#8221;no&#8221; gallery_id=&#8221;&#8221; lightbox_image=&#8221;&#8221; lightbox_image_id=&#8221;&#8221; alt=&#8221;&#8221; link=&#8221;&#8221; linktarget=&#8221;_self&#8221; hide_on_mobile=&#8221;small-visibility,medium-visibility,large-visibility&#8221; class=&#8221;&#8221; id=&#8221;&#8221; animation_type=&#8221;&#8221; animation_direction=&#8221;left&#8221; animation_speed=&#8221;0.3&#8243; animation_offset=&#8221;&#8221;]https:\/\/www.bitacoracdmx.com\/wp-content\/uploads\/2022\/09\/WhatsApp-Image-2022-09-05-at-12.20.32-PM-1-300&#215;200.jpeg[\/fusion_imageframe][\/fusion_builder_column][\/fusion_builder_row][\/fusion_builder_container]<\/p>\n","protected":false},"excerpt":{"rendered":"<p>[fusion_builder_container hundred_percent=&#8221;no&#8221; equal_height_columns=&#8221;no&#8221; menu_anchor=&#8221;&#8221; hide_on_mobile=&#8221;small-visibility,medium-visibility,large-visibility&#8221; class=&#8221;&#8221; id=&#8221;&#8221; background_color=&#8221;&#8221; background_image=&#8221;&#8221; background_position=&#8221;center center&#8221; background_repeat=&#8221;no-repeat&#8221; fade=&#8221;no&#8221; background_parallax=&#8221;none&#8221; parallax_speed=&#8221;0.3&#8243; video_mp4=&#8221;&#8221; video_webm=&#8221;&#8221; video_ogv=&#8221;&#8221; video_url=&#8221;&#8221; video_aspect_ratio=&#8221;16:9&#8243; video_loop=&#8221;yes&#8221; video_mute=&#8221;yes&#8221; overlay_color=&#8221;&#8221; video_preview_image=&#8221;&#8221; border_size=&#8221;&#8221; border_color=&#8221;&#8221; border_style=&#8221;solid&#8221; padding_top=&#8221;&#8221; padding_bottom=&#8221;&#8221; padding_left=&#8221;&#8221; padding_right=&#8221;&#8221;][fusion_builder_row][fusion_builder_column type=&#8221;1_1&#8243; layout=&#8221;1_1&#8243; background_position=&#8221;left top&#8221; background_color=&#8221;&#8221; border_size=&#8221;&#8221; border_color=&#8221;&#8221; border_style=&#8221;solid&#8221; border_position=&#8221;all&#8221; spacing=&#8221;yes&#8221; background_image=&#8221;&#8221; background_repeat=&#8221;no-repeat&#8221; padding_top=&#8221;&#8221; padding_right=&#8221;&#8221; padding_bottom=&#8221;&#8221; padding_left=&#8221;&#8221; margin_top=&#8221;0px&#8221; margin_bottom=&#8221;0px&#8221; class=&#8221;&#8221; id=&#8221;&#8221; animation_type=&#8221;&#8221; animation_speed=&#8221;0.3&#8243; animation_direction=&#8221;left&#8221; hide_on_mobile=&#8221;small-visibility,medium-visibility,large-visibility&#8221; center_content=&#8221;no&#8221; last=&#8221;no&#8221; min_height=&#8221;&#8221; hover_type=&#8221;none&#8221; link=&#8221;&#8221;][fusion_text] REDACCI\u00d3N \u25cf El acordeonista Jair Alcal\u00e1, el arpista Celso Duarte, la banda Klezmerzon, Carina L\u00f3pez, Leika Moch\u00e1n y Gustavo Nandayapa, y Gabriel \u201cQueso\u201d Bronfman forman el cartel del primer concierto masivo en la UNAM tras el confinamiento por la pandemia [&hellip;]<\/p>\n","protected":false},"author":1,"featured_media":46406,"comment_status":"open","ping_status":"open","sticky":false,"template":"","format":"standard","meta":{"footnotes":""},"categories":[5,4,9],"tags":[],"_links":{"self":[{"href":"https:\/\/www.bitacoracdmx.com\/index.php?rest_route=\/wp\/v2\/posts\/46405"}],"collection":[{"href":"https:\/\/www.bitacoracdmx.com\/index.php?rest_route=\/wp\/v2\/posts"}],"about":[{"href":"https:\/\/www.bitacoracdmx.com\/index.php?rest_route=\/wp\/v2\/types\/post"}],"author":[{"embeddable":true,"href":"https:\/\/www.bitacoracdmx.com\/index.php?rest_route=\/wp\/v2\/users\/1"}],"replies":[{"embeddable":true,"href":"https:\/\/www.bitacoracdmx.com\/index.php?rest_route=%2Fwp%2Fv2%2Fcomments&post=46405"}],"version-history":[{"count":1,"href":"https:\/\/www.bitacoracdmx.com\/index.php?rest_route=\/wp\/v2\/posts\/46405\/revisions"}],"predecessor-version":[{"id":46407,"href":"https:\/\/www.bitacoracdmx.com\/index.php?rest_route=\/wp\/v2\/posts\/46405\/revisions\/46407"}],"wp:featuredmedia":[{"embeddable":true,"href":"https:\/\/www.bitacoracdmx.com\/index.php?rest_route=\/wp\/v2\/media\/46406"}],"wp:attachment":[{"href":"https:\/\/www.bitacoracdmx.com\/index.php?rest_route=%2Fwp%2Fv2%2Fmedia&parent=46405"}],"wp:term":[{"taxonomy":"category","embeddable":true,"href":"https:\/\/www.bitacoracdmx.com\/index.php?rest_route=%2Fwp%2Fv2%2Fcategories&post=46405"},{"taxonomy":"post_tag","embeddable":true,"href":"https:\/\/www.bitacoracdmx.com\/index.php?rest_route=%2Fwp%2Fv2%2Ftags&post=46405"}],"curies":[{"name":"wp","href":"https:\/\/api.w.org\/{rel}","templated":true}]}}