{"id":46408,"date":"2022-09-05T23:58:01","date_gmt":"2022-09-05T23:58:01","guid":{"rendered":"https:\/\/www.bitacoracdmx.com\/?p=46408"},"modified":"2022-09-05T23:58:01","modified_gmt":"2022-09-05T23:58:01","slug":"la-secretaria-de-cultura-capitalina-ofrece-mas-de-30-actividades-para-disfrutar-el-mes-patrio-en-la-ciudad-de-mexico","status":"publish","type":"post","link":"https:\/\/www.bitacoracdmx.com\/?p=46408","title":{"rendered":"La SECRETAR\u00cdA DE CULTURA capitalina ofrece m\u00e1s de 30 actividades para disfrutar el mes patrio en la CIUDAD DE M\u00c9XICO"},"content":{"rendered":"<p>[fusion_builder_container hundred_percent=&#8221;no&#8221; equal_height_columns=&#8221;no&#8221; menu_anchor=&#8221;&#8221; hide_on_mobile=&#8221;small-visibility,medium-visibility,large-visibility&#8221; class=&#8221;&#8221; id=&#8221;&#8221; background_color=&#8221;&#8221; background_image=&#8221;&#8221; background_position=&#8221;center center&#8221; background_repeat=&#8221;no-repeat&#8221; fade=&#8221;no&#8221; background_parallax=&#8221;none&#8221; parallax_speed=&#8221;0.3&#8243; video_mp4=&#8221;&#8221; video_webm=&#8221;&#8221; video_ogv=&#8221;&#8221; video_url=&#8221;&#8221; video_aspect_ratio=&#8221;16:9&#8243; video_loop=&#8221;yes&#8221; video_mute=&#8221;yes&#8221; overlay_color=&#8221;&#8221; video_preview_image=&#8221;&#8221; border_size=&#8221;&#8221; border_color=&#8221;&#8221; border_style=&#8221;solid&#8221; padding_top=&#8221;&#8221; padding_bottom=&#8221;&#8221; padding_left=&#8221;&#8221; padding_right=&#8221;&#8221;][fusion_builder_row][fusion_builder_column type=&#8221;1_1&#8243; layout=&#8221;1_1&#8243; background_position=&#8221;left top&#8221; background_color=&#8221;&#8221; border_size=&#8221;&#8221; border_color=&#8221;&#8221; border_style=&#8221;solid&#8221; border_position=&#8221;all&#8221; spacing=&#8221;yes&#8221; background_image=&#8221;&#8221; background_repeat=&#8221;no-repeat&#8221; padding_top=&#8221;&#8221; padding_right=&#8221;&#8221; padding_bottom=&#8221;&#8221; padding_left=&#8221;&#8221; margin_top=&#8221;0px&#8221; margin_bottom=&#8221;0px&#8221; class=&#8221;&#8221; id=&#8221;&#8221; animation_type=&#8221;&#8221; animation_speed=&#8221;0.3&#8243; animation_direction=&#8221;left&#8221; hide_on_mobile=&#8221;small-visibility,medium-visibility,large-visibility&#8221; center_content=&#8221;no&#8221; last=&#8221;no&#8221; min_height=&#8221;&#8221; hover_type=&#8221;none&#8221; link=&#8221;&#8221;][fusion_text]<\/p>\n<p>REDACCI\u00d3N<\/p>\n<p>\u25cf Las y los capitalinos podr\u00e1n disfrutar de una amplia gama de eventos culturales en el mes de septiembre desde funciones teatrales, danc\u00edsticas, musicales, entre otros.<\/p>\n<p>\u25cf Destacan dos exposiciones, la primera en homenaje a Ricardo Flores Mag\u00f3n en la Galer\u00eda Abierta Grutas de las Rejas del Bosque de Chapultepec y otra sobre el enmascarado Blue Demon, en el Museo del Estanquillo.<\/p>\n<p>En favor de los derechos culturales como la memoria hist\u00f3rica y el respeto a la identidad, la\u00a0<strong>Secretar\u00eda de Cultura de la Ciudad de M\u00e9xico<\/strong>\u00a0ha preparado\u00a0<strong>m\u00e1s de 30 actividades<\/strong>\u00a0durante el mes de septiembre para celebrar las fiestas patrias desde la danza, el teatro y el cine con talleres, exposiciones, conferencias, m\u00fasica y otros eventos comunitarios.<\/p>\n<p>A 100 a\u00f1os de la muerte de Ricardo Flores Mag\u00f3n, quien fuera uno de los ide\u00f3logos y actores m\u00e1s importantes de la Revoluci\u00f3n Mexicana, en colaboraci\u00f3n con el Instituto Nacional de Estudios Hist\u00f3ricos de las Revoluciones de M\u00e9xico (INEHRM) y la Alcald\u00eda Iztapalapa, se exhibir\u00e1 del 9 septiembre al 10 octubre, en la Galer\u00eda Abierta Grutas de las Rejas del Bosque de Chapultepec, la exposici\u00f3n:\u00a0<strong>\u201cRicardo Flores Mag\u00f3n \u00a1Tierra y Libertad! El Sue\u00f1o de una Revoluci\u00f3n\u201d<\/strong>.<\/p>\n<p>El Museo del Estanquillo. Colecciones Carlos Monsiv\u00e1is tambi\u00e9n conmemora el centenario del natalicio de Blue Demon, \u00eddolo del ring que incursion\u00f3 en el cine y exhibe m\u00e1s de 600 piezas del luchador, entre fotograf\u00edas, pinturas, historietas, m\u00e1scaras, trofeos, carteles, vestuario, guiones, memorabilia y fragmentos de pel\u00edculas, as\u00ed como las reflexiones de Monsiv\u00e1is en torno a este espect\u00e1culo mexicano con la exposici\u00f3n\u00a0<strong>\u201cBlue Demon. \u00cddolo mexicano sin l\u00edmite de tiempo\u201d<\/strong>, la cual abrir\u00e1 al p\u00fablico el mi\u00e9rcoles 28 de septiembre.<\/p>\n<p><strong>\u201cMujeres que Mueven a M\u00e9xico\u201d<\/strong>, muestra que reconoce la labor de 60 mexicanas que han impulsado el empoderamiento femenino en el pa\u00eds en los ejes de la ciencia, la tecnolog\u00eda, el deporte, la cultura, el emprendimiento, la responsabilidad social y la sustentabilidad, se presentar\u00e1 del 14 de septiembre al 14 de octubre en el Camell\u00f3n lateral de Paseo de la Reforma, entre la Glorieta de la Diana y la Glorieta del \u00c1ngel de la Independencia, lado poniente.<\/p>\n<p>El Museo Nacional de la Revoluci\u00f3n ofrecer\u00e1 los s\u00e1bados del mes el taller \u201cEn las fiestas del Centenario\u201d, mientras el Cine Club Revoluci\u00f3n proyectar\u00e1 los martes a las 17:00 horas el ciclo \u201c\u00a1Viva M\u00e9xico!&#8221;. El Museo Pante\u00f3n de San Fernando tendr\u00e1 \u201cKermes por las fiestas patrias\u201d el 15 y 16 de septiembre, de 11:00 a 15:00 horas.<\/p>\n<p>De igual manera, todos los domingos del mes la FARO Indios Verdes dar\u00e1 el concierto \u201cMezcalito\u201d del taller de canto \u201cVoces de Mart\u00edn Carrera\u201d, quienes presentan un repertorio que hace un recorrido por diversas piezas musicales con base en la m\u00fasica tradicional mexicana.<\/p>\n<p>El Sal\u00f3n de Cabildos tendr\u00e1 la charla \u201cLa Consumaci\u00f3n de la Independencia\u201d, el s\u00e1bado 24 de septiembre a las 13:00 horas y en el marco de Noche de Museos, el mi\u00e9rcoles 28 de septiembre, el \u00c1gora, Galer\u00eda del Pueblo presentar\u00e1 la charla \u201cLa historia del chile en nogada: mitos y verdades\u201d; el Museo de los Ferrocarrileros tendr\u00e1 el concierto &#8220;M\u00e9xico de mis canciones\u201d y el Archivo Hist\u00f3rico de la Ciudad de M\u00e9xico contar\u00e1 con la presentaci\u00f3n literaria de\u00a0<em>Pulque o la embriaguez sagrada<\/em>, de Giorgio Samorini y un concierto del tr\u00edo Los Chilangueses.<\/p>\n<p>Para los mel\u00f3manos el sonido tradicional de la\u00a0<strong>Orquesta T\u00edpica de la Ciudad de M\u00e9xico (OTCM)<\/strong>\u00a0llegar\u00e1 a diversos recintos como la Sala Tepecuicatl en la Alcald\u00eda Gustavo A. Madero este 4 de septiembre, al Teatro del Pueblo (18), al Parque Ecol\u00f3gico Xochimilco (25), adem\u00e1s de su sede la F\u00e1brica de Artes y Oficios (FARO) Cosmos (15). El domingo 11 de septiembre se contar\u00e1 con la participaci\u00f3n de la Escuela de Mariachi Ollin Yoliztli Garibaldi con un popurr\u00ed mexicano en el Kiosco de la explanada de Juchitepec.<\/p>\n<p>El jueves 8 de septiembre, el Centro Cultural Jos\u00e9 Mart\u00ed tendr\u00e1 el concierto \u201cLa Flor del ma\u00edz en vivo\u201d, a las 19:00 horas y ese mismo d\u00eda, en la Sala Hermilo Novelo, del Centro Cultural Ollin Yoliztli, se llevar\u00e1 cabo un concierto en homenaje a los grandes compositores mexicanos durante la temporada de M\u00fasica de C\u00e1mara, entre otras presentaciones musicales.<\/p>\n<p>Como parte del festejo teatral se presentar\u00e1n dos puestas en escena: \u201cCrimen, Pasi\u00f3n y Boleros. La radionovela de M\u00e9xico\u201d, en el Teatro de la Ciudad Esperanza Iris, el jueves 8 de septiembre a las 20:30 horas e &#8220;Independencia de M\u00e9xico&#8221;, montaje de t\u00edteres y disfraces que llegar\u00e1 a la FARO Tec\u00f3mitl el s\u00e1bado 17 de septiembre, a las 13:00 horas.<\/p>\n<p>Desde la danza el 10 y 11 de septiembre en el Teatro de la Ciudad Esperanza Iris se presentar\u00e1 la pieza coreogr\u00e1fica \u201cTres tercios\u201d, de la Directora Lidia Romero. El jueves 15 al Kiosco de la Explanada Juchitepec llegar\u00e1 la danza folcl\u00f3rica Ahu\u00ed Sur\u00e1, con la Escuela de Danza de la Ciudad de M\u00e9xico.<\/p>\n<p>Y el Museo de la Ciudad de M\u00e9xico se presentar\u00e1 el s\u00e1bado 24 de septiembre el Ballet Cultural Puku Rangi Tea, a las 17:30 horas, que llevar\u00e1 sus presentaciones con la interpretaci\u00f3n del ukulele tahitiano, guitarra, bombo, bongoes y to\u2019ere, y al d\u00eda siguiente se presentar\u00e1 Danza Folkl\u00f3rica Con La Juventud Al Rev\u00e9s, a las 14:00 horas.<\/p>\n<p>Con estas actividades la\u00a0<strong>Secretar\u00eda de Cultura capitalina<\/strong>\u00a0festeja las fiestas patrias e impulsa los derechos culturales de habitantes y visitantes de la capital.<\/p>\n<p>Las actividades de la\u00a0<strong>Secretar\u00eda de Cultura de la Ciudad de M\u00e9xico<\/strong>\u00a0se pueden conocer en su p\u00e1gina oficial (<a href=\"https:\/\/cultura.cdmx.gob.mx\/\">https:\/\/cultura.cdmx.gob.mx\/<\/a>), en la Cartelera Cultural de la Ciudad de M\u00e9xico y a trav\u00e9s de sus redes sociales: Facebook, Twitter, Instagram y YouTube.<\/p>\n<p>[\/fusion_text][fusion_imageframe image_id=&#8221;46409|medium&#8221; max_width=&#8221;&#8221; style_type=&#8221;&#8221; blur=&#8221;&#8221; stylecolor=&#8221;&#8221; hover_type=&#8221;none&#8221; bordersize=&#8221;&#8221; bordercolor=&#8221;&#8221; borderradius=&#8221;&#8221; align=&#8221;none&#8221; lightbox=&#8221;no&#8221; gallery_id=&#8221;&#8221; lightbox_image=&#8221;&#8221; lightbox_image_id=&#8221;&#8221; alt=&#8221;&#8221; link=&#8221;&#8221; linktarget=&#8221;_self&#8221; hide_on_mobile=&#8221;small-visibility,medium-visibility,large-visibility&#8221; class=&#8221;&#8221; id=&#8221;&#8221; animation_type=&#8221;&#8221; animation_direction=&#8221;left&#8221; animation_speed=&#8221;0.3&#8243; animation_offset=&#8221;&#8221;]https:\/\/www.bitacoracdmx.com\/wp-content\/uploads\/2022\/09\/WhatsApp-Image-2022-09-05-at-3.49.24-PM-300&#215;200.jpeg[\/fusion_imageframe][\/fusion_builder_column][\/fusion_builder_row][\/fusion_builder_container]<\/p>\n","protected":false},"excerpt":{"rendered":"<p>[fusion_builder_container hundred_percent=&#8221;no&#8221; equal_height_columns=&#8221;no&#8221; menu_anchor=&#8221;&#8221; hide_on_mobile=&#8221;small-visibility,medium-visibility,large-visibility&#8221; class=&#8221;&#8221; id=&#8221;&#8221; background_color=&#8221;&#8221; background_image=&#8221;&#8221; background_position=&#8221;center center&#8221; background_repeat=&#8221;no-repeat&#8221; fade=&#8221;no&#8221; background_parallax=&#8221;none&#8221; parallax_speed=&#8221;0.3&#8243; video_mp4=&#8221;&#8221; video_webm=&#8221;&#8221; video_ogv=&#8221;&#8221; video_url=&#8221;&#8221; video_aspect_ratio=&#8221;16:9&#8243; video_loop=&#8221;yes&#8221; video_mute=&#8221;yes&#8221; overlay_color=&#8221;&#8221; video_preview_image=&#8221;&#8221; border_size=&#8221;&#8221; border_color=&#8221;&#8221; border_style=&#8221;solid&#8221; padding_top=&#8221;&#8221; padding_bottom=&#8221;&#8221; padding_left=&#8221;&#8221; padding_right=&#8221;&#8221;][fusion_builder_row][fusion_builder_column type=&#8221;1_1&#8243; layout=&#8221;1_1&#8243; background_position=&#8221;left top&#8221; background_color=&#8221;&#8221; border_size=&#8221;&#8221; border_color=&#8221;&#8221; border_style=&#8221;solid&#8221; border_position=&#8221;all&#8221; spacing=&#8221;yes&#8221; background_image=&#8221;&#8221; background_repeat=&#8221;no-repeat&#8221; padding_top=&#8221;&#8221; padding_right=&#8221;&#8221; padding_bottom=&#8221;&#8221; padding_left=&#8221;&#8221; margin_top=&#8221;0px&#8221; margin_bottom=&#8221;0px&#8221; class=&#8221;&#8221; id=&#8221;&#8221; animation_type=&#8221;&#8221; animation_speed=&#8221;0.3&#8243; animation_direction=&#8221;left&#8221; hide_on_mobile=&#8221;small-visibility,medium-visibility,large-visibility&#8221; center_content=&#8221;no&#8221; last=&#8221;no&#8221; min_height=&#8221;&#8221; hover_type=&#8221;none&#8221; link=&#8221;&#8221;][fusion_text] REDACCI\u00d3N \u25cf Las y los capitalinos podr\u00e1n disfrutar de una amplia gama de eventos culturales en el mes de septiembre desde funciones teatrales, danc\u00edsticas, musicales, entre otros. \u25cf Destacan dos exposiciones, la primera en homenaje a Ricardo Flores Mag\u00f3n en [&hellip;]<\/p>\n","protected":false},"author":1,"featured_media":46409,"comment_status":"open","ping_status":"open","sticky":false,"template":"","format":"standard","meta":{"footnotes":""},"categories":[5,9],"tags":[],"_links":{"self":[{"href":"https:\/\/www.bitacoracdmx.com\/index.php?rest_route=\/wp\/v2\/posts\/46408"}],"collection":[{"href":"https:\/\/www.bitacoracdmx.com\/index.php?rest_route=\/wp\/v2\/posts"}],"about":[{"href":"https:\/\/www.bitacoracdmx.com\/index.php?rest_route=\/wp\/v2\/types\/post"}],"author":[{"embeddable":true,"href":"https:\/\/www.bitacoracdmx.com\/index.php?rest_route=\/wp\/v2\/users\/1"}],"replies":[{"embeddable":true,"href":"https:\/\/www.bitacoracdmx.com\/index.php?rest_route=%2Fwp%2Fv2%2Fcomments&post=46408"}],"version-history":[{"count":1,"href":"https:\/\/www.bitacoracdmx.com\/index.php?rest_route=\/wp\/v2\/posts\/46408\/revisions"}],"predecessor-version":[{"id":46410,"href":"https:\/\/www.bitacoracdmx.com\/index.php?rest_route=\/wp\/v2\/posts\/46408\/revisions\/46410"}],"wp:featuredmedia":[{"embeddable":true,"href":"https:\/\/www.bitacoracdmx.com\/index.php?rest_route=\/wp\/v2\/media\/46409"}],"wp:attachment":[{"href":"https:\/\/www.bitacoracdmx.com\/index.php?rest_route=%2Fwp%2Fv2%2Fmedia&parent=46408"}],"wp:term":[{"taxonomy":"category","embeddable":true,"href":"https:\/\/www.bitacoracdmx.com\/index.php?rest_route=%2Fwp%2Fv2%2Fcategories&post=46408"},{"taxonomy":"post_tag","embeddable":true,"href":"https:\/\/www.bitacoracdmx.com\/index.php?rest_route=%2Fwp%2Fv2%2Ftags&post=46408"}],"curies":[{"name":"wp","href":"https:\/\/api.w.org\/{rel}","templated":true}]}}