{"id":46411,"date":"2022-09-06T00:06:42","date_gmt":"2022-09-06T00:06:42","guid":{"rendered":"https:\/\/www.bitacoracdmx.com\/?p=46411"},"modified":"2022-09-06T00:06:42","modified_gmt":"2022-09-06T00:06:42","slug":"el-centro-cultural-ollin-yoliztli-capacita-a-talleristas-de-faros-y-pilares-con-diplomado-en-canto","status":"publish","type":"post","link":"https:\/\/www.bitacoracdmx.com\/?p=46411","title":{"rendered":"El CENTRO CULTURAL OLLIN YOLIZTLI capacita a TALLERISTAS DE FAROS y PILARES con DIPLOMADO EN CANTO"},"content":{"rendered":"<p>[fusion_builder_container hundred_percent=&#8221;no&#8221; equal_height_columns=&#8221;no&#8221; menu_anchor=&#8221;&#8221; hide_on_mobile=&#8221;small-visibility,medium-visibility,large-visibility&#8221; class=&#8221;&#8221; id=&#8221;&#8221; background_color=&#8221;&#8221; background_image=&#8221;&#8221; background_position=&#8221;center center&#8221; background_repeat=&#8221;no-repeat&#8221; fade=&#8221;no&#8221; background_parallax=&#8221;none&#8221; parallax_speed=&#8221;0.3&#8243; video_mp4=&#8221;&#8221; video_webm=&#8221;&#8221; video_ogv=&#8221;&#8221; video_url=&#8221;&#8221; video_aspect_ratio=&#8221;16:9&#8243; video_loop=&#8221;yes&#8221; video_mute=&#8221;yes&#8221; overlay_color=&#8221;&#8221; video_preview_image=&#8221;&#8221; border_size=&#8221;&#8221; border_color=&#8221;&#8221; border_style=&#8221;solid&#8221; padding_top=&#8221;&#8221; padding_bottom=&#8221;&#8221; padding_left=&#8221;&#8221; padding_right=&#8221;&#8221;][fusion_builder_row][fusion_builder_column type=&#8221;1_1&#8243; layout=&#8221;1_1&#8243; background_position=&#8221;left top&#8221; background_color=&#8221;&#8221; border_size=&#8221;&#8221; border_color=&#8221;&#8221; border_style=&#8221;solid&#8221; border_position=&#8221;all&#8221; spacing=&#8221;yes&#8221; background_image=&#8221;&#8221; background_repeat=&#8221;no-repeat&#8221; padding_top=&#8221;&#8221; padding_right=&#8221;&#8221; padding_bottom=&#8221;&#8221; padding_left=&#8221;&#8221; margin_top=&#8221;0px&#8221; margin_bottom=&#8221;0px&#8221; class=&#8221;&#8221; id=&#8221;&#8221; animation_type=&#8221;&#8221; animation_speed=&#8221;0.3&#8243; animation_direction=&#8221;left&#8221; hide_on_mobile=&#8221;small-visibility,medium-visibility,large-visibility&#8221; center_content=&#8221;no&#8221; last=&#8221;no&#8221; min_height=&#8221;&#8221; hover_type=&#8221;none&#8221; link=&#8221;&#8221;][fusion_text]<\/p>\n<p>REDACCI\u00d3N<\/p>\n<p>\u25cf 41 Gestores culturales con perfil musical cursan el diplomado en Direcci\u00f3n Coral: \u201cHerramientas b\u00e1sicas para la construcci\u00f3n y trabajo de coros infantiles, juveniles y aficionados mixtos\u201d<\/p>\n<p>\u25cf Esta formaci\u00f3n ofrece asignaturas en Pedagog\u00eda vocal, Metodolog\u00eda coral y T\u00e9cnica de direcci\u00f3n.<\/p>\n<p>Para promover una formaci\u00f3n musical de calidad en los Puntos de Innovaci\u00f3n, Libertad, Arte, Educaci\u00f3n y Saberes (PILARES) y la Red de F\u00e1bricas de Artes y Oficios (FAROS), el\u00a0<strong>Centro Cultural Ollin Yoliztli<\/strong>\u00a0imparte a 41 talleristas de estos recintos el diplomado en Direcci\u00f3n Coral: \u201cHerramientas b\u00e1sicas para la construcci\u00f3n y trabajo de coros infantiles, juveniles y aficionados mixtos\u201d.<\/p>\n<p>La oferta sab\u00e1tica, que inici\u00f3 el pasado 27 de agosto y concluir\u00e1 el pr\u00f3ximo 26 de noviembre, ofrece tres ejes disciplinares: Coro Infantil; Coro Juvenil y Coro Mixto de Aficionados, en las que se integran diversas asignaturas con contenidos en Pedagog\u00eda vocal, Metodolog\u00eda coral y T\u00e9cnica de direcci\u00f3n, con la finalidad de elevar la calidad formativa de los gestores culturales y la experiencia de los usuarios en estos centros culturales.<\/p>\n<p>A trav\u00e9s de este perfeccionamiento, a cargo de esta instituci\u00f3n de educaci\u00f3n art\u00edstica que ofrece estudios de educaci\u00f3n formal y no formal en los niveles de: iniciaci\u00f3n, medio superior y superior, en ocho escuelas de m\u00fasica y danza, se busca mejorar el proceso de ense\u00f1anza-aprendizaje en estos espacios comunitarios.<\/p>\n<p>Entre las personas inscritas, en las que se observa una participaci\u00f3n de g\u00e9nero equitativa, se encuentran especialistas en canto, piano, etnomusicolog\u00eda, composici\u00f3n, educaci\u00f3n musical y canto oper\u00edstico, quienes son los responsables de la oferta musical que se imparte en Faros y Pilares.<\/p>\n<p>Este Diplomado, que se realiza en un horario de 8:00 a 14:00 horas y busca promover la formaci\u00f3n de coros en estos espacios culturales, por ser considerados como una de las actividades culturales con mayor impacto comunitario, es parte de la oferta del Programa de Orquestas Juveniles y Coros de la Ciudad de M\u00e9xico \u201cFernando Lozano\u201d, que se realiza con coros y orquestas en diferentes Alcald\u00edas de la capital.<\/p>\n<p>El primer Diplomado en Formaci\u00f3n de Directores de Orquestas Juveniles culmin\u00f3 pasado viernes 26 de agosto con un concierto en la Sala Silvestre Revueltas del Centro Cultural Ollin Yoliztli, espacio que impulsa la preservaci\u00f3n y difusi\u00f3n del patrimonio art\u00edstico y la formaci\u00f3n de p\u00fablicos y profesionales para el arte a trav\u00e9s de sus ocho escuelas.<\/p>\n<p>La oferta acad\u00e9mica del sistema de educaci\u00f3n art\u00edstica de la Secretar\u00eda de Cultura capitalina a trav\u00e9s de CCOY se integra por la Escuela de Danza de la Ciudad de M\u00e9xico, la Escuela de M\u00fasica Vida y Movimiento, la Escuela de Iniciaci\u00f3n a la M\u00fasica y a la Danza, la Escuela de Danza Cl\u00e1sica, la Escuela de Danza Contempor\u00e1nea, la Escuela de M\u00fasica del Rock a la Palabra, la Escuela de Mariachi Ollin Yoliztli Garibaldi y, m\u00e1s recientemente, la adscripci\u00f3n de la oferta de nivel superior de Cirko de Mente.<\/p>\n<p>Las actividades de la\u00a0<strong>Secretar\u00eda de Cultura de la Ciudad de M\u00e9xico<\/strong>\u00a0se pueden conocer en su p\u00e1gina oficial (<a href=\"https:\/\/cultura.cdmx.gob.mx\/\">https:\/\/cultura.cdmx.gob.mx\/<\/a>), en la Cartelera Cultural de la Ciudad de M\u00e9xico y a trav\u00e9s de sus redes sociales: Facebook, Twitter, Instagram y YouTube.<\/p>\n<p>[\/fusion_text][fusion_imageframe image_id=&#8221;46412|medium&#8221; max_width=&#8221;&#8221; style_type=&#8221;&#8221; blur=&#8221;&#8221; stylecolor=&#8221;&#8221; hover_type=&#8221;none&#8221; bordersize=&#8221;&#8221; bordercolor=&#8221;&#8221; borderradius=&#8221;&#8221; align=&#8221;none&#8221; lightbox=&#8221;no&#8221; gallery_id=&#8221;&#8221; lightbox_image=&#8221;&#8221; lightbox_image_id=&#8221;&#8221; alt=&#8221;&#8221; link=&#8221;&#8221; linktarget=&#8221;_self&#8221; hide_on_mobile=&#8221;small-visibility,medium-visibility,large-visibility&#8221; class=&#8221;&#8221; id=&#8221;&#8221; animation_type=&#8221;&#8221; animation_direction=&#8221;left&#8221; animation_speed=&#8221;0.3&#8243; animation_offset=&#8221;&#8221;]https:\/\/www.bitacoracdmx.com\/wp-content\/uploads\/2022\/09\/WhatsApp-Image-2022-09-05-at-6.10.02-PM-300&#215;198.jpeg[\/fusion_imageframe][\/fusion_builder_column][\/fusion_builder_row][\/fusion_builder_container]<\/p>\n","protected":false},"excerpt":{"rendered":"<p>[fusion_builder_container hundred_percent=&#8221;no&#8221; equal_height_columns=&#8221;no&#8221; menu_anchor=&#8221;&#8221; hide_on_mobile=&#8221;small-visibility,medium-visibility,large-visibility&#8221; class=&#8221;&#8221; id=&#8221;&#8221; background_color=&#8221;&#8221; background_image=&#8221;&#8221; background_position=&#8221;center center&#8221; background_repeat=&#8221;no-repeat&#8221; fade=&#8221;no&#8221; background_parallax=&#8221;none&#8221; parallax_speed=&#8221;0.3&#8243; video_mp4=&#8221;&#8221; video_webm=&#8221;&#8221; video_ogv=&#8221;&#8221; video_url=&#8221;&#8221; video_aspect_ratio=&#8221;16:9&#8243; video_loop=&#8221;yes&#8221; video_mute=&#8221;yes&#8221; overlay_color=&#8221;&#8221; video_preview_image=&#8221;&#8221; border_size=&#8221;&#8221; border_color=&#8221;&#8221; border_style=&#8221;solid&#8221; padding_top=&#8221;&#8221; padding_bottom=&#8221;&#8221; padding_left=&#8221;&#8221; padding_right=&#8221;&#8221;][fusion_builder_row][fusion_builder_column type=&#8221;1_1&#8243; layout=&#8221;1_1&#8243; background_position=&#8221;left top&#8221; background_color=&#8221;&#8221; border_size=&#8221;&#8221; border_color=&#8221;&#8221; border_style=&#8221;solid&#8221; border_position=&#8221;all&#8221; spacing=&#8221;yes&#8221; background_image=&#8221;&#8221; background_repeat=&#8221;no-repeat&#8221; padding_top=&#8221;&#8221; padding_right=&#8221;&#8221; padding_bottom=&#8221;&#8221; padding_left=&#8221;&#8221; margin_top=&#8221;0px&#8221; margin_bottom=&#8221;0px&#8221; class=&#8221;&#8221; id=&#8221;&#8221; animation_type=&#8221;&#8221; animation_speed=&#8221;0.3&#8243; animation_direction=&#8221;left&#8221; hide_on_mobile=&#8221;small-visibility,medium-visibility,large-visibility&#8221; center_content=&#8221;no&#8221; last=&#8221;no&#8221; min_height=&#8221;&#8221; hover_type=&#8221;none&#8221; link=&#8221;&#8221;][fusion_text] REDACCI\u00d3N \u25cf 41 Gestores culturales con perfil musical cursan el diplomado en Direcci\u00f3n Coral: \u201cHerramientas b\u00e1sicas para la construcci\u00f3n y trabajo de coros infantiles, juveniles y aficionados mixtos\u201d \u25cf Esta formaci\u00f3n ofrece asignaturas en Pedagog\u00eda vocal, Metodolog\u00eda coral y T\u00e9cnica [&hellip;]<\/p>\n","protected":false},"author":1,"featured_media":46412,"comment_status":"open","ping_status":"open","sticky":false,"template":"","format":"standard","meta":{"footnotes":""},"categories":[5,9],"tags":[],"_links":{"self":[{"href":"https:\/\/www.bitacoracdmx.com\/index.php?rest_route=\/wp\/v2\/posts\/46411"}],"collection":[{"href":"https:\/\/www.bitacoracdmx.com\/index.php?rest_route=\/wp\/v2\/posts"}],"about":[{"href":"https:\/\/www.bitacoracdmx.com\/index.php?rest_route=\/wp\/v2\/types\/post"}],"author":[{"embeddable":true,"href":"https:\/\/www.bitacoracdmx.com\/index.php?rest_route=\/wp\/v2\/users\/1"}],"replies":[{"embeddable":true,"href":"https:\/\/www.bitacoracdmx.com\/index.php?rest_route=%2Fwp%2Fv2%2Fcomments&post=46411"}],"version-history":[{"count":1,"href":"https:\/\/www.bitacoracdmx.com\/index.php?rest_route=\/wp\/v2\/posts\/46411\/revisions"}],"predecessor-version":[{"id":46413,"href":"https:\/\/www.bitacoracdmx.com\/index.php?rest_route=\/wp\/v2\/posts\/46411\/revisions\/46413"}],"wp:featuredmedia":[{"embeddable":true,"href":"https:\/\/www.bitacoracdmx.com\/index.php?rest_route=\/wp\/v2\/media\/46412"}],"wp:attachment":[{"href":"https:\/\/www.bitacoracdmx.com\/index.php?rest_route=%2Fwp%2Fv2%2Fmedia&parent=46411"}],"wp:term":[{"taxonomy":"category","embeddable":true,"href":"https:\/\/www.bitacoracdmx.com\/index.php?rest_route=%2Fwp%2Fv2%2Fcategories&post=46411"},{"taxonomy":"post_tag","embeddable":true,"href":"https:\/\/www.bitacoracdmx.com\/index.php?rest_route=%2Fwp%2Fv2%2Ftags&post=46411"}],"curies":[{"name":"wp","href":"https:\/\/api.w.org\/{rel}","templated":true}]}}