{"id":46467,"date":"2022-09-06T20:51:00","date_gmt":"2022-09-06T20:51:00","guid":{"rendered":"https:\/\/www.bitacoracdmx.com\/?p=46467"},"modified":"2022-09-06T20:51:00","modified_gmt":"2022-09-06T20:51:00","slug":"blanquita-coproduccion-mexicana-estrena-con-exito-en-festival-de-venecia","status":"publish","type":"post","link":"https:\/\/www.bitacoracdmx.com\/?p=46467","title":{"rendered":"\u201cBLANQUITA\u201d coproducci\u00f3n mexicana estrena con \u00e9xito en FESTIVAL DE VENECIA"},"content":{"rendered":"<p>[fusion_builder_container hundred_percent=&#8221;no&#8221; equal_height_columns=&#8221;no&#8221; menu_anchor=&#8221;&#8221; hide_on_mobile=&#8221;small-visibility,medium-visibility,large-visibility&#8221; class=&#8221;&#8221; id=&#8221;&#8221; background_color=&#8221;&#8221; background_image=&#8221;&#8221; background_position=&#8221;center center&#8221; background_repeat=&#8221;no-repeat&#8221; fade=&#8221;no&#8221; background_parallax=&#8221;none&#8221; parallax_speed=&#8221;0.3&#8243; video_mp4=&#8221;&#8221; video_webm=&#8221;&#8221; video_ogv=&#8221;&#8221; video_url=&#8221;&#8221; video_aspect_ratio=&#8221;16:9&#8243; video_loop=&#8221;yes&#8221; video_mute=&#8221;yes&#8221; overlay_color=&#8221;&#8221; video_preview_image=&#8221;&#8221; border_size=&#8221;&#8221; border_color=&#8221;&#8221; border_style=&#8221;solid&#8221; padding_top=&#8221;&#8221; padding_bottom=&#8221;&#8221; padding_left=&#8221;&#8221; padding_right=&#8221;&#8221;][fusion_builder_row][fusion_builder_column type=&#8221;1_1&#8243; layout=&#8221;1_1&#8243; background_position=&#8221;left top&#8221; background_color=&#8221;&#8221; border_size=&#8221;&#8221; border_color=&#8221;&#8221; border_style=&#8221;solid&#8221; border_position=&#8221;all&#8221; spacing=&#8221;yes&#8221; background_image=&#8221;&#8221; background_repeat=&#8221;no-repeat&#8221; padding_top=&#8221;&#8221; padding_right=&#8221;&#8221; padding_bottom=&#8221;&#8221; padding_left=&#8221;&#8221; margin_top=&#8221;0px&#8221; margin_bottom=&#8221;0px&#8221; class=&#8221;&#8221; id=&#8221;&#8221; animation_type=&#8221;&#8221; animation_speed=&#8221;0.3&#8243; animation_direction=&#8221;left&#8221; hide_on_mobile=&#8221;small-visibility,medium-visibility,large-visibility&#8221; center_content=&#8221;no&#8221; last=&#8221;no&#8221; min_height=&#8221;&#8221; hover_type=&#8221;none&#8221; link=&#8221;&#8221;][fusion_text]<\/p>\n<p>REDACCI\u00d3N<\/p>\n<p><strong>La historia de una joven abusada que denuncia una red de pedofilia en Chile, recibi\u00f3 6 minutos de aplausos en la Biennale de Venecia<\/strong><\/p>\n<p class=\"x_last-child\"><strong>Se presenta el tr\u00e1iler oficial de la pel\u00edcula<\/strong><\/p>\n<p>La pel\u00edcula \u201cBlanquita\u201d, coproducci\u00f3n mexicana que compite en la 79 edici\u00f3n del Festival de Cine de Venecia, uno de los m\u00e1s prestigiosos a nivel mundial, se present\u00f3 con gran \u00e9xito en su estreno, donde acudieron el director chileno Fernando Guzzoni, la protagonista Laura L\u00f3pez (Blanca), el actor Alejandro Goic (Padre Manuel) y los productores Giancalo Nasi (Chile) y Pablo Zimbr\u00f3n (M\u00e9xico).<\/p>\n<p>Cabe destacar que al finalizar la funci\u00f3n la pel\u00edcula, el talento y el equipo t\u00e9cnico de la cinta recibieron 6 minutos de aplausos de parte del p\u00fablico asistente a la Sala Darsena . La cinta es una producci\u00f3n entre Chile, M\u00e9xico, Francia, Luxemburgo y Polonia a cargo de la productora QUIJOTE FILMS (cl) y Varios Lobos (mx). La pel\u00edcula compite en la Secci\u00f3n Orizzonti que re\u00fane al mejor cine independiente y de propuesta est\u00e9tica en el plano internacional.<\/p>\n<p>Visiblemente conmovidos por la recepci\u00f3n de la pel\u00edcula, Fernando Guzzoni y el equipo de la pel\u00edcula continuan en Venecia para sus siguientes funciones. \u201cBlanquita\u201d est\u00e1 basada en el Caso Spiniak que tuvo mucho revuelo en los medios de comunicaci\u00f3n chileno. El filme relata la historia de \u201cBlanquita\u201d, una joven madre de 18 a\u00f1os que denuncia a un senador con mucho poder por abuso infantil, convirti\u00e9ndose en testigo clave del caso y poni\u00e9ndola en el ojo medi\u00e1tico.<\/p>\n<p class=\"x_last-child\">\u201cEn el fondo la pel\u00edcula habla de esa violencia estructural de las instituciones, de la justicia, de la asimetr\u00eda del poder y tambi\u00e9n interroga elementos muy coyunturales sobre c\u00f3mo las sociedades contempor\u00e1neas construyen sujetos de primera y segunda categor\u00eda y de c\u00f3mo pareciera que hay un sesgo de g\u00e9nero y clase en la manera en que operan las instituciones\u201d, dijo el director en entrevista con medios.<\/p>\n<p>[\/fusion_text][fusion_imageframe image_id=&#8221;46468|medium&#8221; max_width=&#8221;&#8221; style_type=&#8221;&#8221; blur=&#8221;&#8221; stylecolor=&#8221;&#8221; hover_type=&#8221;none&#8221; bordersize=&#8221;&#8221; bordercolor=&#8221;&#8221; borderradius=&#8221;&#8221; align=&#8221;none&#8221; lightbox=&#8221;no&#8221; gallery_id=&#8221;&#8221; lightbox_image=&#8221;&#8221; lightbox_image_id=&#8221;&#8221; alt=&#8221;&#8221; link=&#8221;&#8221; linktarget=&#8221;_self&#8221; hide_on_mobile=&#8221;small-visibility,medium-visibility,large-visibility&#8221; class=&#8221;&#8221; id=&#8221;&#8221; animation_type=&#8221;&#8221; animation_direction=&#8221;left&#8221; animation_speed=&#8221;0.3&#8243; animation_offset=&#8221;&#8221;]https:\/\/www.bitacoracdmx.com\/wp-content\/uploads\/2022\/09\/BLANQUITA_1200_26.07-1-300&#215;158.jpg[\/fusion_imageframe][\/fusion_builder_column][\/fusion_builder_row][\/fusion_builder_container]<\/p>\n","protected":false},"excerpt":{"rendered":"<p>[fusion_builder_container hundred_percent=&#8221;no&#8221; equal_height_columns=&#8221;no&#8221; menu_anchor=&#8221;&#8221; hide_on_mobile=&#8221;small-visibility,medium-visibility,large-visibility&#8221; class=&#8221;&#8221; id=&#8221;&#8221; background_color=&#8221;&#8221; background_image=&#8221;&#8221; background_position=&#8221;center center&#8221; background_repeat=&#8221;no-repeat&#8221; fade=&#8221;no&#8221; background_parallax=&#8221;none&#8221; parallax_speed=&#8221;0.3&#8243; video_mp4=&#8221;&#8221; video_webm=&#8221;&#8221; video_ogv=&#8221;&#8221; video_url=&#8221;&#8221; video_aspect_ratio=&#8221;16:9&#8243; video_loop=&#8221;yes&#8221; video_mute=&#8221;yes&#8221; overlay_color=&#8221;&#8221; video_preview_image=&#8221;&#8221; border_size=&#8221;&#8221; border_color=&#8221;&#8221; border_style=&#8221;solid&#8221; padding_top=&#8221;&#8221; padding_bottom=&#8221;&#8221; padding_left=&#8221;&#8221; padding_right=&#8221;&#8221;][fusion_builder_row][fusion_builder_column type=&#8221;1_1&#8243; layout=&#8221;1_1&#8243; background_position=&#8221;left top&#8221; background_color=&#8221;&#8221; border_size=&#8221;&#8221; border_color=&#8221;&#8221; border_style=&#8221;solid&#8221; border_position=&#8221;all&#8221; spacing=&#8221;yes&#8221; background_image=&#8221;&#8221; background_repeat=&#8221;no-repeat&#8221; padding_top=&#8221;&#8221; padding_right=&#8221;&#8221; padding_bottom=&#8221;&#8221; padding_left=&#8221;&#8221; margin_top=&#8221;0px&#8221; margin_bottom=&#8221;0px&#8221; class=&#8221;&#8221; id=&#8221;&#8221; animation_type=&#8221;&#8221; animation_speed=&#8221;0.3&#8243; animation_direction=&#8221;left&#8221; hide_on_mobile=&#8221;small-visibility,medium-visibility,large-visibility&#8221; center_content=&#8221;no&#8221; last=&#8221;no&#8221; min_height=&#8221;&#8221; hover_type=&#8221;none&#8221; link=&#8221;&#8221;][fusion_text] REDACCI\u00d3N La historia de una joven abusada que denuncia una red de pedofilia en Chile, recibi\u00f3 6 minutos de aplausos en la Biennale de Venecia Se presenta el tr\u00e1iler oficial de la pel\u00edcula La pel\u00edcula \u201cBlanquita\u201d, coproducci\u00f3n mexicana que compite [&hellip;]<\/p>\n","protected":false},"author":1,"featured_media":46468,"comment_status":"open","ping_status":"open","sticky":false,"template":"","format":"standard","meta":{"footnotes":""},"categories":[3,9],"tags":[],"_links":{"self":[{"href":"https:\/\/www.bitacoracdmx.com\/index.php?rest_route=\/wp\/v2\/posts\/46467"}],"collection":[{"href":"https:\/\/www.bitacoracdmx.com\/index.php?rest_route=\/wp\/v2\/posts"}],"about":[{"href":"https:\/\/www.bitacoracdmx.com\/index.php?rest_route=\/wp\/v2\/types\/post"}],"author":[{"embeddable":true,"href":"https:\/\/www.bitacoracdmx.com\/index.php?rest_route=\/wp\/v2\/users\/1"}],"replies":[{"embeddable":true,"href":"https:\/\/www.bitacoracdmx.com\/index.php?rest_route=%2Fwp%2Fv2%2Fcomments&post=46467"}],"version-history":[{"count":1,"href":"https:\/\/www.bitacoracdmx.com\/index.php?rest_route=\/wp\/v2\/posts\/46467\/revisions"}],"predecessor-version":[{"id":46469,"href":"https:\/\/www.bitacoracdmx.com\/index.php?rest_route=\/wp\/v2\/posts\/46467\/revisions\/46469"}],"wp:featuredmedia":[{"embeddable":true,"href":"https:\/\/www.bitacoracdmx.com\/index.php?rest_route=\/wp\/v2\/media\/46468"}],"wp:attachment":[{"href":"https:\/\/www.bitacoracdmx.com\/index.php?rest_route=%2Fwp%2Fv2%2Fmedia&parent=46467"}],"wp:term":[{"taxonomy":"category","embeddable":true,"href":"https:\/\/www.bitacoracdmx.com\/index.php?rest_route=%2Fwp%2Fv2%2Fcategories&post=46467"},{"taxonomy":"post_tag","embeddable":true,"href":"https:\/\/www.bitacoracdmx.com\/index.php?rest_route=%2Fwp%2Fv2%2Ftags&post=46467"}],"curies":[{"name":"wp","href":"https:\/\/api.w.org\/{rel}","templated":true}]}}