{"id":46479,"date":"2022-09-06T21:26:13","date_gmt":"2022-09-06T21:26:13","guid":{"rendered":"https:\/\/www.bitacoracdmx.com\/?p=46479"},"modified":"2022-09-06T21:26:13","modified_gmt":"2022-09-06T21:26:13","slug":"la-pianista-argentina-duran-llega-a-ecuador-y-colombia-previo-a-su-show-en-bellas-artes-y-el-lanzamiento-de-su-primer-material-discografico","status":"publish","type":"post","link":"https:\/\/www.bitacoracdmx.com\/?p=46479","title":{"rendered":"La pianista, Argentina Dur\u00e1n llega a Ecuador y Colombia previo a su show en Bellas Artes y el lanzamiento de su primer material discogr\u00e1fico."},"content":{"rendered":"<p>[fusion_builder_container hundred_percent=&#8221;no&#8221; equal_height_columns=&#8221;no&#8221; menu_anchor=&#8221;&#8221; hide_on_mobile=&#8221;small-visibility,medium-visibility,large-visibility&#8221; class=&#8221;&#8221; id=&#8221;&#8221; background_color=&#8221;&#8221; background_image=&#8221;&#8221; background_position=&#8221;center center&#8221; background_repeat=&#8221;no-repeat&#8221; fade=&#8221;no&#8221; background_parallax=&#8221;none&#8221; parallax_speed=&#8221;0.3&#8243; video_mp4=&#8221;&#8221; video_webm=&#8221;&#8221; video_ogv=&#8221;&#8221; video_url=&#8221;&#8221; video_aspect_ratio=&#8221;16:9&#8243; video_loop=&#8221;yes&#8221; video_mute=&#8221;yes&#8221; overlay_color=&#8221;&#8221; video_preview_image=&#8221;&#8221; border_size=&#8221;&#8221; border_color=&#8221;&#8221; border_style=&#8221;solid&#8221; padding_top=&#8221;&#8221; padding_bottom=&#8221;&#8221; padding_left=&#8221;&#8221; padding_right=&#8221;&#8221;][fusion_builder_row][fusion_builder_column type=&#8221;1_1&#8243; layout=&#8221;1_1&#8243; background_position=&#8221;left top&#8221; background_color=&#8221;&#8221; border_size=&#8221;&#8221; border_color=&#8221;&#8221; border_style=&#8221;solid&#8221; border_position=&#8221;all&#8221; spacing=&#8221;yes&#8221; background_image=&#8221;&#8221; background_repeat=&#8221;no-repeat&#8221; padding_top=&#8221;&#8221; padding_right=&#8221;&#8221; padding_bottom=&#8221;&#8221; padding_left=&#8221;&#8221; margin_top=&#8221;0px&#8221; margin_bottom=&#8221;0px&#8221; class=&#8221;&#8221; id=&#8221;&#8221; animation_type=&#8221;&#8221; animation_speed=&#8221;0.3&#8243; animation_direction=&#8221;left&#8221; hide_on_mobile=&#8221;small-visibility,medium-visibility,large-visibility&#8221; center_content=&#8221;no&#8221; last=&#8221;no&#8221; min_height=&#8221;&#8221; hover_type=&#8221;none&#8221; link=&#8221;&#8221;][fusion_text]<\/p>\n<p>REDACCI\u00d3N<\/p>\n<div class=\"x_gmail_quote\" dir=\"auto\"><span style=\"font-size: large;\">Despu\u00e9s de haberse presentado con rotundo \u00e9xito en el Lunario del Auditorio Nacional junto a Dannah Garay y la Big Band Jazz Orchestra del Maestro Tonatiuh V\u00e1zquez Vilchis,\u00a0 la originaria de Veracruz, M\u00e9xico, parti\u00f3 con rumbo a Latinoam\u00e9rica d\u00f3nde la Fundaci\u00f3n Zaldumbide Rosales y la Fundaci\u00f3n Cultural Gioia, se unieron para presentar el Recital Internacional de Piano, bajo la interpretaci\u00f3n de la Maestra Argentina Dur\u00e1n, en la ciudad de Quito &#8211; Ecuador y Pasto &#8211; Colombia.\u00a0<\/span><\/div>\n<div class=\"x_gmail_quote\" dir=\"auto\"><span style=\"font-size: large;\">\u00a0<\/span><\/div>\n<div class=\"x_gmail_quote\" dir=\"auto\"><span style=\"font-size: large;\">Dicho ejercicio invita a escuchar la excelente interpretaci\u00f3n de obras de compositores Mexicanos y Latinoamericanos quedando as\u00ed su itinerario:<\/span><\/div>\n<div class=\"x_gmail_quote\" dir=\"auto\"><span style=\"font-size: large;\">\u00a0<\/span><\/div>\n<div class=\"x_gmail_quote\" dir=\"auto\">\n<div class=\"x_gmail_quote\" dir=\"auto\"><span style=\"font-size: large;\">\u2022Ecuador (Quito):\u00a0<\/span><\/div>\n<div class=\"x_gmail_quote\" dir=\"auto\"><span style=\"font-size: large;\">D\u00eda 6 de Septiembre<\/span><\/div>\n<div class=\"x_gmail_quote\" dir=\"auto\"><span style=\"font-size: large;\">Villa Celia 7:30 pm<\/span><\/div>\n<div class=\"x_gmail_quote\" dir=\"auto\"><span style=\"font-size: large;\">Fundaci\u00f3n Zaldumbide Rosales.<\/span><\/div>\n<div class=\"x_gmail_quote\" dir=\"auto\"><span style=\"font-size: large;\">\u00a0<\/span><\/div>\n<div class=\"x_gmail_quote\" dir=\"auto\"><span style=\"font-size: large;\">\u2022Colombia (Pasto):\u00a0<\/span><\/div>\n<div class=\"x_gmail_quote\" dir=\"auto\"><span style=\"font-size: large;\">D\u00eda 7 de Septiembre<\/span><\/div>\n<div class=\"x_gmail_quote\" dir=\"auto\"><span style=\"font-size: large;\">Teatro Javeriano 7:00 pm\u00a0<\/span><\/div>\n<div class=\"x_gmail_quote\" dir=\"auto\"><span style=\"font-size: large;\">Fundaci\u00f3n Cultural GIOIA.<\/span><\/div>\n<div class=\"x_gmail_quote\" dir=\"auto\"><span style=\"font-size: large;\">\u00a0<\/span><\/div>\n<div class=\"x_gmail_quote\" dir=\"auto\"><span style=\"font-size: large;\">D\u00eda 10 de Septiembre<\/span><\/div>\n<div class=\"x_gmail_quote\" dir=\"auto\"><span style=\"font-size: large;\">Masterclass 9:00 am<\/span><\/div>\n<div class=\"x_gmail_quote\" dir=\"auto\"><span style=\"font-size: large;\">Casa de cultura de Nari\u00f1o.<\/span><\/div>\n<div class=\"x_gmail_quote\" dir=\"auto\"><span style=\"font-size: large;\">\u00a0<\/span><\/div>\n<div class=\"x_gmail_quote\" dir=\"auto\"><span style=\"font-size: large;\">De esa manera regresar\u00e1 a la Cdmx para presentarse el d\u00eda 24 de Septiembre en el Museo Nacional de Arte INBA a las 11:30 am, como parte de las actividades de promoci\u00f3n del lanzamiento (por ahora digital) de su primer material discogr\u00e1fico, siendo el cierre de actividades el 21 y 23 de Octubre en la sala principal del palacio de Bellas Artes como solista de la Orquesta Sinf\u00f3nica Nacional.<\/span><\/div>\n<div class=\"x_gmail_quote\" dir=\"auto\"><span style=\"font-size: large;\">\u00a0<\/span><\/div>\n<div class=\"x_gmail_quote\" dir=\"auto\"><span style=\"font-size: large;\">Argentina Duran estar\u00e1 disponible para entrevistas a partir del 20 de septiembre, favor de solicitarla por esta v\u00eda.<\/span><\/div>\n<div class=\"x_gmail_quote\" dir=\"auto\"><\/div>\n<div class=\"x_gmail_quote\" dir=\"auto\">&#8212;-<\/div>\n<div class=\"x_gmail_quote\">REMEMBRANSA<\/div>\n<div class=\"x_gmail_quote\"><\/div>\n<\/div>\n<div class=\"x_gmail_quote\" dir=\"auto\">\n<div dir=\"ltr\">\n<p><span style=\"font-size: large;\">Argentina Duran inici\u00f3 su carrera a los 7 a\u00f1os. Al d\u00eda de hoy cuenta con m\u00e1s de 447 mil seguidores en TikTok publicando contenido relacionado a su pasi\u00f3n por la m\u00fasica, adem\u00e1s de que en Facebook se le suman 278 mil seguidores y en Instagram 158 mil.<\/span><\/p>\n<p><span style=\"font-size: large;\">Se ha presentado en Estados Unidos, Europa y Asia en recintos como el Millenium Amphitheater en Dubai, Ganz Hall en Chicago, Rashid Behdudov Theater y Baku Academy of Music en Azerbaiy\u00e1n. Ha sido galardonada en: \u201cConcurso Nacional de Piano Ang\u00e9lica Morales Yamaha\u201d del INBA, en Ciudad de M\u00e9xico, \u201cConcurso Internacional de Piano Irina Samodaeva\u201d en Villahermosa, Tabasco, \u201cConcurso Internacional Citta di Barletta\u201d en Italia y con el Primer lugar en \u201cConcurso Internacional Monegros 88 Keys\u201d en Espa\u00f1a.<\/span><\/p>\n<p><span style=\"font-size: large;\">\u00a0<\/span><span style=\"font-size: large;\">Fue becada por FONCA-CONACyT, y \u201cChicago College of Performing Arts\u201d de Roosevelt University en Chicago, IL, para realizar estudios de piano performance con el Maestro Jorge Federico Osorio.\u00a0<\/span>Se ha presentado con la soprano Mar\u00eda Katzarava en el Consulado de M\u00e9xico en Fresno California y en la Expo Dubai en 2022. Fue profesora de la licenciatura en piano en la Facultad de m\u00fasica de la UNAM, y tambi\u00e9n ha sido invitada a participar como jurado y a ofrecer m\u00e1ster class en festivales como: Festival Internacional de Piano Papantla, Festival Nacional Infantil y juvenil las Notas de Guido, Sociedad art\u00edstica sinaloense, Concurso Latinoamericano Am\u00e9rica Para Todos, Concurso Latinoamericano Pianistas J\u00f3venes en Colombia.<\/p>\n<p><span style=\"font-size: large;\">SITE OFICIAL<b>:\u00a0<\/b><\/span><b><span style=\"font-size: large;\"><a href=\"https:\/\/www.argentinaduranpianista.com\/\" target=\"_blank\" rel=\"noreferrer noopener\" data-auth=\"NotApplicable\" data-linkindex=\"0\">https:\/\/www.argentinaduranpianista.com\/<\/a><\/span><\/b><\/p>\n<\/div>\n<\/div>\n<p>[\/fusion_text][fusion_imageframe image_id=&#8221;46480|medium&#8221; max_width=&#8221;&#8221; style_type=&#8221;&#8221; blur=&#8221;&#8221; stylecolor=&#8221;&#8221; hover_type=&#8221;none&#8221; bordersize=&#8221;&#8221; bordercolor=&#8221;&#8221; borderradius=&#8221;&#8221; align=&#8221;none&#8221; lightbox=&#8221;no&#8221; gallery_id=&#8221;&#8221; lightbox_image=&#8221;&#8221; lightbox_image_id=&#8221;&#8221; alt=&#8221;&#8221; link=&#8221;&#8221; linktarget=&#8221;_self&#8221; hide_on_mobile=&#8221;small-visibility,medium-visibility,large-visibility&#8221; class=&#8221;&#8221; id=&#8221;&#8221; animation_type=&#8221;&#8221; animation_direction=&#8221;left&#8221; animation_speed=&#8221;0.3&#8243; animation_offset=&#8221;&#8221;]https:\/\/www.bitacoracdmx.com\/wp-content\/uploads\/2022\/09\/AD-3-1-200&#215;300.jpeg[\/fusion_imageframe][\/fusion_builder_column][\/fusion_builder_row][\/fusion_builder_container]<\/p>\n","protected":false},"excerpt":{"rendered":"<p>[fusion_builder_container hundred_percent=&#8221;no&#8221; equal_height_columns=&#8221;no&#8221; menu_anchor=&#8221;&#8221; hide_on_mobile=&#8221;small-visibility,medium-visibility,large-visibility&#8221; class=&#8221;&#8221; id=&#8221;&#8221; background_color=&#8221;&#8221; background_image=&#8221;&#8221; background_position=&#8221;center center&#8221; background_repeat=&#8221;no-repeat&#8221; fade=&#8221;no&#8221; background_parallax=&#8221;none&#8221; parallax_speed=&#8221;0.3&#8243; video_mp4=&#8221;&#8221; video_webm=&#8221;&#8221; video_ogv=&#8221;&#8221; video_url=&#8221;&#8221; video_aspect_ratio=&#8221;16:9&#8243; video_loop=&#8221;yes&#8221; video_mute=&#8221;yes&#8221; overlay_color=&#8221;&#8221; video_preview_image=&#8221;&#8221; border_size=&#8221;&#8221; border_color=&#8221;&#8221; border_style=&#8221;solid&#8221; padding_top=&#8221;&#8221; padding_bottom=&#8221;&#8221; padding_left=&#8221;&#8221; padding_right=&#8221;&#8221;][fusion_builder_row][fusion_builder_column type=&#8221;1_1&#8243; layout=&#8221;1_1&#8243; background_position=&#8221;left top&#8221; background_color=&#8221;&#8221; border_size=&#8221;&#8221; border_color=&#8221;&#8221; border_style=&#8221;solid&#8221; border_position=&#8221;all&#8221; spacing=&#8221;yes&#8221; background_image=&#8221;&#8221; background_repeat=&#8221;no-repeat&#8221; padding_top=&#8221;&#8221; padding_right=&#8221;&#8221; padding_bottom=&#8221;&#8221; padding_left=&#8221;&#8221; margin_top=&#8221;0px&#8221; margin_bottom=&#8221;0px&#8221; class=&#8221;&#8221; id=&#8221;&#8221; animation_type=&#8221;&#8221; animation_speed=&#8221;0.3&#8243; animation_direction=&#8221;left&#8221; hide_on_mobile=&#8221;small-visibility,medium-visibility,large-visibility&#8221; center_content=&#8221;no&#8221; last=&#8221;no&#8221; min_height=&#8221;&#8221; hover_type=&#8221;none&#8221; link=&#8221;&#8221;][fusion_text] REDACCI\u00d3N Despu\u00e9s de haberse presentado con rotundo \u00e9xito en el Lunario del Auditorio Nacional junto a Dannah Garay y la Big Band Jazz Orchestra del Maestro Tonatiuh V\u00e1zquez Vilchis,\u00a0 la originaria de Veracruz, M\u00e9xico, parti\u00f3 con rumbo a Latinoam\u00e9rica d\u00f3nde [&hellip;]<\/p>\n","protected":false},"author":1,"featured_media":46480,"comment_status":"open","ping_status":"open","sticky":false,"template":"","format":"standard","meta":{"footnotes":""},"categories":[9,11],"tags":[],"_links":{"self":[{"href":"https:\/\/www.bitacoracdmx.com\/index.php?rest_route=\/wp\/v2\/posts\/46479"}],"collection":[{"href":"https:\/\/www.bitacoracdmx.com\/index.php?rest_route=\/wp\/v2\/posts"}],"about":[{"href":"https:\/\/www.bitacoracdmx.com\/index.php?rest_route=\/wp\/v2\/types\/post"}],"author":[{"embeddable":true,"href":"https:\/\/www.bitacoracdmx.com\/index.php?rest_route=\/wp\/v2\/users\/1"}],"replies":[{"embeddable":true,"href":"https:\/\/www.bitacoracdmx.com\/index.php?rest_route=%2Fwp%2Fv2%2Fcomments&post=46479"}],"version-history":[{"count":1,"href":"https:\/\/www.bitacoracdmx.com\/index.php?rest_route=\/wp\/v2\/posts\/46479\/revisions"}],"predecessor-version":[{"id":46481,"href":"https:\/\/www.bitacoracdmx.com\/index.php?rest_route=\/wp\/v2\/posts\/46479\/revisions\/46481"}],"wp:featuredmedia":[{"embeddable":true,"href":"https:\/\/www.bitacoracdmx.com\/index.php?rest_route=\/wp\/v2\/media\/46480"}],"wp:attachment":[{"href":"https:\/\/www.bitacoracdmx.com\/index.php?rest_route=%2Fwp%2Fv2%2Fmedia&parent=46479"}],"wp:term":[{"taxonomy":"category","embeddable":true,"href":"https:\/\/www.bitacoracdmx.com\/index.php?rest_route=%2Fwp%2Fv2%2Fcategories&post=46479"},{"taxonomy":"post_tag","embeddable":true,"href":"https:\/\/www.bitacoracdmx.com\/index.php?rest_route=%2Fwp%2Fv2%2Ftags&post=46479"}],"curies":[{"name":"wp","href":"https:\/\/api.w.org\/{rel}","templated":true}]}}