{"id":46482,"date":"2022-09-07T21:24:59","date_gmt":"2022-09-07T21:24:59","guid":{"rendered":"https:\/\/www.bitacoracdmx.com\/?p=46482"},"modified":"2022-09-07T21:24:59","modified_gmt":"2022-09-07T21:24:59","slug":"realidad-ficcion-y-tragedias-griegas-se-conjuntan-en-tebas-land-en-el-foro-la-gruta","status":"publish","type":"post","link":"https:\/\/www.bitacoracdmx.com\/?p=46482","title":{"rendered":"Realidad, ficci\u00f3n y tragedias griegas se conjuntan en  Tebas Land en el Foro La Gruta"},"content":{"rendered":"<p>[fusion_builder_container hundred_percent=&#8221;no&#8221; equal_height_columns=&#8221;no&#8221; menu_anchor=&#8221;&#8221; hide_on_mobile=&#8221;small-visibility,medium-visibility,large-visibility&#8221; class=&#8221;&#8221; id=&#8221;&#8221; background_color=&#8221;&#8221; background_image=&#8221;&#8221; background_position=&#8221;center center&#8221; background_repeat=&#8221;no-repeat&#8221; fade=&#8221;no&#8221; background_parallax=&#8221;none&#8221; parallax_speed=&#8221;0.3&#8243; video_mp4=&#8221;&#8221; video_webm=&#8221;&#8221; video_ogv=&#8221;&#8221; video_url=&#8221;&#8221; video_aspect_ratio=&#8221;16:9&#8243; video_loop=&#8221;yes&#8221; video_mute=&#8221;yes&#8221; overlay_color=&#8221;&#8221; video_preview_image=&#8221;&#8221; border_size=&#8221;&#8221; border_color=&#8221;&#8221; border_style=&#8221;solid&#8221; padding_top=&#8221;&#8221; padding_bottom=&#8221;&#8221; padding_left=&#8221;&#8221; padding_right=&#8221;&#8221;][fusion_builder_row][fusion_builder_column type=&#8221;1_1&#8243; layout=&#8221;1_1&#8243; background_position=&#8221;left top&#8221; background_color=&#8221;&#8221; border_size=&#8221;&#8221; border_color=&#8221;&#8221; border_style=&#8221;solid&#8221; border_position=&#8221;all&#8221; spacing=&#8221;yes&#8221; background_image=&#8221;&#8221; background_repeat=&#8221;no-repeat&#8221; padding_top=&#8221;&#8221; padding_right=&#8221;&#8221; padding_bottom=&#8221;&#8221; padding_left=&#8221;&#8221; margin_top=&#8221;0px&#8221; margin_bottom=&#8221;0px&#8221; class=&#8221;&#8221; id=&#8221;&#8221; animation_type=&#8221;&#8221; animation_speed=&#8221;0.3&#8243; animation_direction=&#8221;left&#8221; hide_on_mobile=&#8221;small-visibility,medium-visibility,large-visibility&#8221; center_content=&#8221;no&#8221; last=&#8221;no&#8221; min_height=&#8221;&#8221; hover_type=&#8221;none&#8221; link=&#8221;&#8221;][fusion_text]<\/p>\n<p>REDACCI\u00d3N<\/p>\n<p>Fotos: Pili Pala<\/p>\n<div>\n<div>\n<div>\n<p>\u2022 Despu\u00e9s de una exitosa primera temporada, llega\u00a0<em>Tebas Land<\/em>\u00a0al Centro Cultural Hel\u00e9nico, bajo la direcci\u00f3n de Mauricio Garc\u00eda Lozano y la producci\u00f3n de Mar\u00eda In\u00e9s Olmedo de MIO Projects<br aria-hidden=\"true\" \/>\u2022 Puesta en escena avalada por sus recientes nominaciones a los Premios de la Agrupaci\u00f3n de Cr\u00edticos y Periodistas de Teatro como mejor obra de teatro, mejor adaptaci\u00f3n y mejor actor en rol principal<br aria-hidden=\"true\" \/>\u2022 Un drama del dramaturgo franco-uruguayo Sergio Blanco, una de las voces m\u00e1s vibrantes de Am\u00e9rica Latina<\/p>\n<div><em>Una historia electrizante sobre la realidad y la ficci\u00f3n,<\/em><br aria-hidden=\"true\" \/><em>la retribuci\u00f3n y la justicia<\/em><\/div>\n<\/div>\n<\/div>\n<\/div>\n<div><\/div>\n<div>El Foro La Gruta acoger\u00e1 la puesta en escena\u00a0<em>Tebas Land<\/em>, bajo la direcci\u00f3n y actuaci\u00f3n de Mauricio Garc\u00eda Lozano, acompa\u00f1ado de Manuel Cruz Vivas, novel histri\u00f3n nominado a mejor actor en rol principal por los Premios de la Agrupaci\u00f3n de Cr\u00edticos y Periodistas de Teatro (ACPT) 2021. Se trata de una de las obras m\u00e1s connotadas del dramaturgo franco-uruguayo Sergio Blanco, que cumplir\u00e1 temporada todos los lunes a las 20:00 horas, del 19 de septiembre al 12 de diciembre.<br aria-hidden=\"true\" \/>\u00a0<br aria-hidden=\"true\" \/>\u00a0Desde una celda como escenario principal, <em>Tebas Land<\/em>\u00a0se sit\u00faa en medio de una intensa relaci\u00f3n entre un escritor con pretensiones de contar una historia sobre un interno, y un joven recluso aficionado al b\u00e1squetbol que cumple condena por haber asesinado a su padre. El encuentro suscita extendidas disertaciones sobre qu\u00e9 es la sociedad, el sistema penitenciario, la justicia y las c\u00e1rceles; pero, sobre todo, propicia el acercamiento entre dos seres humanos aparentemente dis\u00edmbolos, el concierto de dos almas que deciden entenderse m\u00e1s all\u00e1 de los prejuicios y encuentran en el di\u00e1logo el \u00fanico instrumento para una verdadera reinserci\u00f3n social.<br aria-hidden=\"true\" \/>\u00a0<br aria-hidden=\"true\" \/>\u00a0Este montaje reinterpreta el cl\u00e1sico mito de Edipo para poner sobre la mesa temas que ata\u00f1en al M\u00e9xico contempor\u00e1neo desde la \u00f3ptica carcelaria, un sector vulnerable situado al margen de las pol\u00edticas p\u00fablicas.\u00a0 El drama de Sergio Blanco celebra el encuentro humano y abona a la creaci\u00f3n de un sentido de esperanza.<br aria-hidden=\"true\" \/>\u00a0<br aria-hidden=\"true\" \/>\u00a0Este proyecto, desde su estreno, ha causado estupor en el p\u00fablico y se ha abierto camino como una de las obras m\u00e1s s\u00f3lidas que pueden encontrarse en cartelera. Asimismo, el texto ha sido galardonado como mejor producci\u00f3n en los premios Award Off West End 2017, presea otorgada a lo mejor del teatro brit\u00e1nico, y cuenta con sendas nominaciones a los Premios ACPT a mejor obra de teatro, mejor adaptaci\u00f3n y mejor actor en rol principal. Adem\u00e1s, se ha presentado en m\u00e1s de 8 pa\u00edses alrededor del mundo incluyendo a Inglaterra, Israel, India, Jap\u00f3n, Tokyo, Uruguay, Argentina y ahora en el Foro La Gruta del Centro Cultural Hel\u00e9nico.<br aria-hidden=\"true\" \/>\u00a0<br aria-hidden=\"true\" \/>\u00a0Esta obra \u2014producida por MIO Projects y Teatro Farfullero\u2014 cuenta con un equipo creativo conformado por Mar\u00eda In\u00e9s Olmedo en la producci\u00f3n; Ingrid Sac en el dise\u00f1o de escenograf\u00eda, iluminaci\u00f3n y vestuario; Miguel Santa Rita en la direcci\u00f3n asociada; y Luc\u00eda Romo en la producci\u00f3n ejecutiva. \u00a0<br aria-hidden=\"true\" \/>\u00a0<br aria-hidden=\"true\" \/><strong><em>\u00a0Tebas Land<\/em><\/strong>\u00a0tendr\u00e1 una corta temporada de tan s\u00f3lo\u00a0<strong>12 funciones<\/strong>\u00a0<strong>en el Foro la Gruta<\/strong>, los\u00a0<strong>lunes a las 20:00 horas,<\/strong>\u00a0<strong>del 19 de septiembre al 12 de diciembre de 2022<\/strong>\u00a0(suspende funci\u00f3n el 10 de octubre).\u00a0<strong>El costo del boleto es de $360<\/strong>. Actualmente hay una\u00a0<strong>preventa del 50% de descuento<\/strong>, v\u00e1lida\u00a0<strong>hasta el 18 de septiembre<\/strong>. Las entradas pueden adquirirse en la taquilla del Centro Cultural Hel\u00e9nico, ubicado en avenida Revoluci\u00f3n 1500, o trav\u00e9s del sitio web\u00a0<strong>helenico.gob.mx.<\/strong><br aria-hidden=\"true\" \/>\u00a0<br aria-hidden=\"true\" \/>\u00a0Se exhorta al p\u00fablico a asistir con las medidas de sanidad necesarias para prevenir contagios del COVID-19, por lo que ser\u00e1 obligatorio el uso de cubrebocas, la aplicaci\u00f3n continua de gel desinfectante y atender las instrucciones del personal de seguridad. En caso de presentar alg\u00fan s\u00edntoma (dolor de cabeza, garganta o temperatura superior a 37.5 grados), es preferible quedarse en casa.<\/div>\n<p>[\/fusion_text][fusion_gallery layout=&#8221;&#8221; picture_size=&#8221;&#8221; columns=&#8221;&#8221; column_spacing=&#8221;10&#8243; gallery_masonry_grid_ratio=&#8221;&#8221; gallery_masonry_width_double=&#8221;&#8221; hover_type=&#8221;&#8221; lightbox=&#8221;yes&#8221; lightbox_content=&#8221;&#8221; bordersize=&#8221;&#8221; bordercolor=&#8221;&#8221; border_radius=&#8221;&#8221; hide_on_mobile=&#8221;small-visibility,medium-visibility,large-visibility&#8221; class=&#8221;&#8221; id=&#8221;&#8221;][fusion_gallery_image image=&#8221;https:\/\/www.bitacoracdmx.com\/wp-content\/uploads\/2022\/09\/Teabas-Land-300&#215;300.jpg&#8221; image_id=&#8221;46504|medium&#8221; link=&#8221;&#8221; linktarget=&#8221;_self&#8221; \/][fusion_gallery_image image=&#8221;https:\/\/www.bitacoracdmx.com\/wp-content\/uploads\/2022\/09\/Preventa-Tebas-land-300&#215;300.jpg&#8221; image_id=&#8221;46505|medium&#8221; link=&#8221;&#8221; linktarget=&#8221;_self&#8221; \/][fusion_gallery_image image=&#8221;https:\/\/www.bitacoracdmx.com\/wp-content\/uploads\/2022\/09\/Pili_Pala_Tebas-Land-300&#215;200.jpeg&#8221; image_id=&#8221;46506|medium&#8221; link=&#8221;&#8221; linktarget=&#8221;_self&#8221; \/][fusion_gallery_image image=&#8221;https:\/\/www.bitacoracdmx.com\/wp-content\/uploads\/2022\/09\/Pili-Pala-Tebas-Land-300&#215;195.jpeg&#8221; image_id=&#8221;46507|medium&#8221; link=&#8221;&#8221; linktarget=&#8221;_self&#8221; \/][fusion_gallery_image image=&#8221;https:\/\/www.bitacoracdmx.com\/wp-content\/uploads\/2022\/09\/Pili-Pala-Tebas-Land-ok-300&#215;200.jpeg&#8221; image_id=&#8221;46508|medium&#8221; link=&#8221;&#8221; linktarget=&#8221;_self&#8221; \/][\/fusion_gallery][\/fusion_builder_column][\/fusion_builder_row][\/fusion_builder_container]<\/p>\n","protected":false},"excerpt":{"rendered":"<p>[fusion_builder_container hundred_percent=&#8221;no&#8221; equal_height_columns=&#8221;no&#8221; menu_anchor=&#8221;&#8221; hide_on_mobile=&#8221;small-visibility,medium-visibility,large-visibility&#8221; class=&#8221;&#8221; id=&#8221;&#8221; background_color=&#8221;&#8221; background_image=&#8221;&#8221; background_position=&#8221;center center&#8221; background_repeat=&#8221;no-repeat&#8221; fade=&#8221;no&#8221; background_parallax=&#8221;none&#8221; parallax_speed=&#8221;0.3&#8243; video_mp4=&#8221;&#8221; video_webm=&#8221;&#8221; video_ogv=&#8221;&#8221; video_url=&#8221;&#8221; video_aspect_ratio=&#8221;16:9&#8243; video_loop=&#8221;yes&#8221; video_mute=&#8221;yes&#8221; overlay_color=&#8221;&#8221; video_preview_image=&#8221;&#8221; border_size=&#8221;&#8221; border_color=&#8221;&#8221; border_style=&#8221;solid&#8221; padding_top=&#8221;&#8221; padding_bottom=&#8221;&#8221; padding_left=&#8221;&#8221; padding_right=&#8221;&#8221;][fusion_builder_row][fusion_builder_column type=&#8221;1_1&#8243; layout=&#8221;1_1&#8243; background_position=&#8221;left top&#8221; background_color=&#8221;&#8221; border_size=&#8221;&#8221; border_color=&#8221;&#8221; border_style=&#8221;solid&#8221; border_position=&#8221;all&#8221; spacing=&#8221;yes&#8221; background_image=&#8221;&#8221; background_repeat=&#8221;no-repeat&#8221; padding_top=&#8221;&#8221; padding_right=&#8221;&#8221; padding_bottom=&#8221;&#8221; padding_left=&#8221;&#8221; margin_top=&#8221;0px&#8221; margin_bottom=&#8221;0px&#8221; class=&#8221;&#8221; id=&#8221;&#8221; animation_type=&#8221;&#8221; animation_speed=&#8221;0.3&#8243; animation_direction=&#8221;left&#8221; hide_on_mobile=&#8221;small-visibility,medium-visibility,large-visibility&#8221; center_content=&#8221;no&#8221; last=&#8221;no&#8221; min_height=&#8221;&#8221; hover_type=&#8221;none&#8221; link=&#8221;&#8221;][fusion_text] REDACCI\u00d3N Fotos: Pili Pala \u2022 Despu\u00e9s de una exitosa primera temporada, llega\u00a0Tebas Land\u00a0al Centro Cultural Hel\u00e9nico, bajo la direcci\u00f3n de Mauricio Garc\u00eda Lozano y la producci\u00f3n de Mar\u00eda In\u00e9s Olmedo de MIO Projects\u2022 Puesta en escena avalada por sus recientes [&hellip;]<\/p>\n","protected":false},"author":1,"featured_media":46504,"comment_status":"open","ping_status":"open","sticky":false,"template":"","format":"standard","meta":{"footnotes":""},"categories":[9,14,1],"tags":[],"_links":{"self":[{"href":"https:\/\/www.bitacoracdmx.com\/index.php?rest_route=\/wp\/v2\/posts\/46482"}],"collection":[{"href":"https:\/\/www.bitacoracdmx.com\/index.php?rest_route=\/wp\/v2\/posts"}],"about":[{"href":"https:\/\/www.bitacoracdmx.com\/index.php?rest_route=\/wp\/v2\/types\/post"}],"author":[{"embeddable":true,"href":"https:\/\/www.bitacoracdmx.com\/index.php?rest_route=\/wp\/v2\/users\/1"}],"replies":[{"embeddable":true,"href":"https:\/\/www.bitacoracdmx.com\/index.php?rest_route=%2Fwp%2Fv2%2Fcomments&post=46482"}],"version-history":[{"count":1,"href":"https:\/\/www.bitacoracdmx.com\/index.php?rest_route=\/wp\/v2\/posts\/46482\/revisions"}],"predecessor-version":[{"id":46509,"href":"https:\/\/www.bitacoracdmx.com\/index.php?rest_route=\/wp\/v2\/posts\/46482\/revisions\/46509"}],"wp:featuredmedia":[{"embeddable":true,"href":"https:\/\/www.bitacoracdmx.com\/index.php?rest_route=\/wp\/v2\/media\/46504"}],"wp:attachment":[{"href":"https:\/\/www.bitacoracdmx.com\/index.php?rest_route=%2Fwp%2Fv2%2Fmedia&parent=46482"}],"wp:term":[{"taxonomy":"category","embeddable":true,"href":"https:\/\/www.bitacoracdmx.com\/index.php?rest_route=%2Fwp%2Fv2%2Fcategories&post=46482"},{"taxonomy":"post_tag","embeddable":true,"href":"https:\/\/www.bitacoracdmx.com\/index.php?rest_route=%2Fwp%2Fv2%2Ftags&post=46482"}],"curies":[{"name":"wp","href":"https:\/\/api.w.org\/{rel}","templated":true}]}}