{"id":46490,"date":"2022-09-07T20:39:50","date_gmt":"2022-09-07T20:39:50","guid":{"rendered":"https:\/\/www.bitacoracdmx.com\/?p=46490"},"modified":"2022-09-07T20:39:50","modified_gmt":"2022-09-07T20:39:50","slug":"el-mexicano-cesar-secundino-considerado-el-mejor-arpista-del-mundo-lanza-el-canto-del-tunkuluchu","status":"publish","type":"post","link":"https:\/\/www.bitacoracdmx.com\/?p=46490","title":{"rendered":"El mexicano C\u00c9SAR SECUNDINO, considerado el MEJOR ARPISTA DEL MUNDO lanza \u201cEL CANTO DEL TUNKULUCH\u00da\u201d"},"content":{"rendered":"<p>[fusion_builder_container hundred_percent=&#8221;no&#8221; equal_height_columns=&#8221;no&#8221; menu_anchor=&#8221;&#8221; hide_on_mobile=&#8221;small-visibility,medium-visibility,large-visibility&#8221; class=&#8221;&#8221; id=&#8221;&#8221; background_color=&#8221;&#8221; background_image=&#8221;&#8221; background_position=&#8221;center center&#8221; background_repeat=&#8221;no-repeat&#8221; fade=&#8221;no&#8221; background_parallax=&#8221;none&#8221; parallax_speed=&#8221;0.3&#8243; video_mp4=&#8221;&#8221; video_webm=&#8221;&#8221; video_ogv=&#8221;&#8221; video_url=&#8221;&#8221; video_aspect_ratio=&#8221;16:9&#8243; video_loop=&#8221;yes&#8221; video_mute=&#8221;yes&#8221; overlay_color=&#8221;&#8221; video_preview_image=&#8221;&#8221; border_size=&#8221;&#8221; border_color=&#8221;&#8221; border_style=&#8221;solid&#8221; padding_top=&#8221;&#8221; padding_bottom=&#8221;&#8221; padding_left=&#8221;&#8221; padding_right=&#8221;&#8221;][fusion_builder_row][fusion_builder_column type=&#8221;1_1&#8243; layout=&#8221;1_1&#8243; background_position=&#8221;left top&#8221; background_color=&#8221;&#8221; border_size=&#8221;&#8221; border_color=&#8221;&#8221; border_style=&#8221;solid&#8221; border_position=&#8221;all&#8221; spacing=&#8221;yes&#8221; background_image=&#8221;&#8221; background_repeat=&#8221;no-repeat&#8221; padding_top=&#8221;&#8221; padding_right=&#8221;&#8221; padding_bottom=&#8221;&#8221; padding_left=&#8221;&#8221; margin_top=&#8221;0px&#8221; margin_bottom=&#8221;0px&#8221; class=&#8221;&#8221; id=&#8221;&#8221; animation_type=&#8221;&#8221; animation_speed=&#8221;0.3&#8243; animation_direction=&#8221;left&#8221; hide_on_mobile=&#8221;small-visibility,medium-visibility,large-visibility&#8221; center_content=&#8221;no&#8221; last=&#8221;no&#8221; min_height=&#8221;&#8221; hover_type=&#8221;none&#8221; link=&#8221;&#8221;][fusion_text]<\/p>\n<p>REDACCI\u00d3N<\/p>\n<p><b>El arpista mexicano C\u00e9sar Secundino, reconocido mundialmente como el mejor arpista del mundo, (1er Lugar en The World Harp Competition 2018 \/ 2021), junto al acompa\u00f1amiento del sonido de mariachi \u201cAngeles de M\u00e9xico\u201d, presenta este mes de septiembre una obra program\u00e1tica (concepto musical que describe im\u00e1genes o literatura por medio de la m\u00fasica) en ocho movimientos inspirados en la leyenda \u201cCuando el Tunkuluch\u00fa Canta, el Indio Muere\u201d, un relato maya que busca reconectar con la cultura ancestral, generando una conciencia de conexi\u00f3n trascendental entre la vida y la muerte, a trav\u00e9s de la fusi\u00f3n de dos grandes g\u00e9neros musicales: el Jazz y Mariachi.<\/b><\/p>\n<p><b>De este modo, desde el 9 de septiembre est\u00e1 disponible esta obra maestra que contiene 10 temas instrumentales interpretados con arpa y mariachi que musicalizan la leyenda de \u201cEl canto del Tunkuluch\u00fa\u201d, por lo que se lanza el \u00e1lbum completo, en el que cada movimiento (track) tiene una secuencia en la narraci\u00f3n de la leyenda. Sin embargo como Focus Track (sencillo) para incluir en playlist de plataformas se escogi\u00f3 el movimiento nombrado \u201cEl canto del Tunkuluch\u00fa\u201d, debido a que se le hizo video oficial, en el que se puede apreciar la genialidad de Cesar Secundino al lado del mariachi \u201c\u00c1ngeles de M\u00e9xico\u201d.<\/b><\/p>\n<p><b>En b\u00fasqueda del avance y la evoluci\u00f3n de la tradici\u00f3n mariachera, se experiment\u00f3 con la fusi\u00f3n de formas t\u00edpicas del jazz poco exploradas en la cultura del mariachi, como son la samba, la bossa, el blues, etc; al igual que se busca implementar el uso de lenguaje arm\u00f3nico\/compositivo del jazz. \u201cEl canto del Tunkuluch\u00fa\u201d es una producci\u00f3n en la que se expanden los l\u00edmites del mariachi y el arpa cl\u00e1sica como elementos vers\u00e1tiles en el mundo global de la m\u00fasica, transmitiendo la herencia del jazz al folclore mexicano, con la creaci\u00f3n de una obra que da representaci\u00f3n al Arpa como actor principal.<\/b><\/p>\n<p><b>Cada movimiento de la obra describe un paisaje sonoro que representa los diferentes momentos y personajes de la leyenda, representados por instrumentos musicales, interactuando con el p\u00fablico con un nuevo lenguaje musical basado en la tradici\u00f3n jazz\u00edstica y mariachera.<\/b><\/p>\n<p><b>C\u00e9sar Secundino es un arpista, compositor y arreglista de fama mundial. Entre la gran cantidad de reconocimientos que ha obtenido, hay que destacar que fue el gran triunfador en la prestigiosa competencia The World Harp Competition, cuya final fue celebrada en mayo de 2018 en los Pa\u00edses Bajos. Esta actividad tiene como objetivo encontrar al mejor arpista del mundo y C\u00e9sar fue galardonado con dos grandes premios: Primer Lugar General y Premio del P\u00fablico. Su gran trayectoria le ha permitido desarrollar su propia t\u00e9cnica, donde incorpora recursos de otros instrumentos y mezcla el virtuosismo del arpa latinoamericana con la refinada t\u00e9cnica europea del arpa de pedales.<\/b><\/p>\n<p><b>Es reconocido en todo el mundo en la escena del jazz y el folclore por sus presentaciones en gran parte del mundo. Su pasi\u00f3n por el jazz y la m\u00fasica contempor\u00e1nea lo ha llevado a escribir arreglos y composiciones que han sido estrenados por reconocidos m\u00fasicos en lugares como M\u00e9xico, Italia, Espa\u00f1a, Inglaterra, Australia, Colombia, Singapur, USA, y China. Actualmente est\u00e1 generando proyectos musicales, enfocados en conectar con el ser humano y sus emociones, apoyando el reconocimiento de las culturas, a trav\u00e9s de la interpretaci\u00f3n musical. Esa misma pasi\u00f3n le ha motivado a producir, con el Mariachi \u00c1ngeles de M\u00e9xico, la grabaci\u00f3n del disco \u201cEl Canto del Tunkuluch\u00fa\u201d, primer concierto compuesto en su totalidad para Mariachi con lenguaje jazz\u00edstico y el Arpa Cl\u00e1sica como instrumento solista, un ambicioso proyecto que vincula, el cuerpo expresivo de la cultura ancestral, con la m\u00fasica tradicional mexicana y el jazz, por medio de una leyenda de tradici\u00f3n oral.<\/b><\/p>\n<p><b>La pasi\u00f3n de C\u00e9sar Secundino que profesa por el jazz y la m\u00fasica del mundo lo ha llevado a escribir arreglos y composiciones que han sido estrenados por reconocidos arpistas de todo el mundo. Esa misma pasi\u00f3n le ha motivado a producir, con la Orquesta Nacional de Jazz de M\u00e9xico, la grabaci\u00f3n del disco Suite La Mexicana, primer concierto compuesto para orquesta de jazz con arpa como instrumento solista, un ambicioso proyecto que vincula, en cinco movimientos, la m\u00fasica tradicional mexicana con el jazz.<\/b><\/p>\n<p><b>El Mariachi \u00c1ngeles de M\u00e9xico fue creado para cubrir las necesidades tanto de artistas como de un p\u00fablico exigente. Con m\u00e1s de 10 a\u00f1os de trayectoria, el mariachi ha participado en importantes eventos en Am\u00e9rica Latina y gran parte de Europa y Estados Unidos y su excelencia le ha llevado a acompa\u00f1ar a artistas como Los Tres Tenores, Juan Gabriel, Lila Downs, Pedro Fern\u00e1ndez, Pandora, Pesado y Bronco, entre muchos otros.\u00a0 Tambi\u00e9n ha sido nombrado \u201cEl Mariachi M\u00e1s Vers\u00e1til de M\u00e9xico\u201d, no s\u00f3lo por interpretar la m\u00fasica mexicana con maestr\u00eda, sino tambi\u00e9n por contar con int\u00e9rpretes con la habilidad de fusionar g\u00e9neros y temas internacionales al puro estilo mariachero, adapt\u00e1ndose a cualquier tipo de m\u00fasica.<\/b><\/p>\n<p><b>Con esto, C\u00e9sar Secundino sigue a la vanguardia en el mundo, inyectando de buena m\u00fasica al o\u00eddo m\u00e1s exigente. \u201cEl Canto del Tunkuluch\u00fa\u201d da muestra de ello.\u00a0<\/b><\/p>\n<p>[\/fusion_text][fusion_imageframe image_id=&#8221;46491|medium&#8221; max_width=&#8221;&#8221; style_type=&#8221;&#8221; blur=&#8221;&#8221; stylecolor=&#8221;&#8221; hover_type=&#8221;none&#8221; bordersize=&#8221;&#8221; bordercolor=&#8221;&#8221; borderradius=&#8221;&#8221; align=&#8221;none&#8221; lightbox=&#8221;no&#8221; gallery_id=&#8221;&#8221; lightbox_image=&#8221;&#8221; lightbox_image_id=&#8221;&#8221; alt=&#8221;&#8221; link=&#8221;&#8221; linktarget=&#8221;_self&#8221; hide_on_mobile=&#8221;small-visibility,medium-visibility,large-visibility&#8221; class=&#8221;&#8221; id=&#8221;&#8221; animation_type=&#8221;&#8221; animation_direction=&#8221;left&#8221; animation_speed=&#8221;0.3&#8243; animation_offset=&#8221;&#8221;]https:\/\/www.bitacoracdmx.com\/wp-content\/uploads\/2022\/09\/CESAR-SECUNDINO-TUNKULUCHU-FOTO4-300&#215;188.jpg[\/fusion_imageframe][\/fusion_builder_column][\/fusion_builder_row][\/fusion_builder_container]<\/p>\n","protected":false},"excerpt":{"rendered":"<p>[fusion_builder_container hundred_percent=&#8221;no&#8221; equal_height_columns=&#8221;no&#8221; menu_anchor=&#8221;&#8221; hide_on_mobile=&#8221;small-visibility,medium-visibility,large-visibility&#8221; class=&#8221;&#8221; id=&#8221;&#8221; background_color=&#8221;&#8221; background_image=&#8221;&#8221; background_position=&#8221;center center&#8221; background_repeat=&#8221;no-repeat&#8221; fade=&#8221;no&#8221; background_parallax=&#8221;none&#8221; parallax_speed=&#8221;0.3&#8243; video_mp4=&#8221;&#8221; video_webm=&#8221;&#8221; video_ogv=&#8221;&#8221; video_url=&#8221;&#8221; video_aspect_ratio=&#8221;16:9&#8243; video_loop=&#8221;yes&#8221; video_mute=&#8221;yes&#8221; overlay_color=&#8221;&#8221; video_preview_image=&#8221;&#8221; border_size=&#8221;&#8221; border_color=&#8221;&#8221; border_style=&#8221;solid&#8221; padding_top=&#8221;&#8221; padding_bottom=&#8221;&#8221; padding_left=&#8221;&#8221; padding_right=&#8221;&#8221;][fusion_builder_row][fusion_builder_column type=&#8221;1_1&#8243; layout=&#8221;1_1&#8243; background_position=&#8221;left top&#8221; background_color=&#8221;&#8221; border_size=&#8221;&#8221; border_color=&#8221;&#8221; border_style=&#8221;solid&#8221; border_position=&#8221;all&#8221; spacing=&#8221;yes&#8221; background_image=&#8221;&#8221; background_repeat=&#8221;no-repeat&#8221; padding_top=&#8221;&#8221; padding_right=&#8221;&#8221; padding_bottom=&#8221;&#8221; padding_left=&#8221;&#8221; margin_top=&#8221;0px&#8221; margin_bottom=&#8221;0px&#8221; class=&#8221;&#8221; id=&#8221;&#8221; animation_type=&#8221;&#8221; animation_speed=&#8221;0.3&#8243; animation_direction=&#8221;left&#8221; hide_on_mobile=&#8221;small-visibility,medium-visibility,large-visibility&#8221; center_content=&#8221;no&#8221; last=&#8221;no&#8221; min_height=&#8221;&#8221; hover_type=&#8221;none&#8221; link=&#8221;&#8221;][fusion_text] REDACCI\u00d3N El arpista mexicano C\u00e9sar Secundino, reconocido mundialmente como el mejor arpista del mundo, (1er Lugar en The World Harp Competition 2018 \/ 2021), junto al acompa\u00f1amiento del sonido de mariachi \u201cAngeles de M\u00e9xico\u201d, presenta este mes de septiembre una [&hellip;]<\/p>\n","protected":false},"author":1,"featured_media":46491,"comment_status":"open","ping_status":"open","sticky":false,"template":"","format":"standard","meta":{"footnotes":""},"categories":[9,11],"tags":[],"_links":{"self":[{"href":"https:\/\/www.bitacoracdmx.com\/index.php?rest_route=\/wp\/v2\/posts\/46490"}],"collection":[{"href":"https:\/\/www.bitacoracdmx.com\/index.php?rest_route=\/wp\/v2\/posts"}],"about":[{"href":"https:\/\/www.bitacoracdmx.com\/index.php?rest_route=\/wp\/v2\/types\/post"}],"author":[{"embeddable":true,"href":"https:\/\/www.bitacoracdmx.com\/index.php?rest_route=\/wp\/v2\/users\/1"}],"replies":[{"embeddable":true,"href":"https:\/\/www.bitacoracdmx.com\/index.php?rest_route=%2Fwp%2Fv2%2Fcomments&post=46490"}],"version-history":[{"count":1,"href":"https:\/\/www.bitacoracdmx.com\/index.php?rest_route=\/wp\/v2\/posts\/46490\/revisions"}],"predecessor-version":[{"id":46492,"href":"https:\/\/www.bitacoracdmx.com\/index.php?rest_route=\/wp\/v2\/posts\/46490\/revisions\/46492"}],"wp:featuredmedia":[{"embeddable":true,"href":"https:\/\/www.bitacoracdmx.com\/index.php?rest_route=\/wp\/v2\/media\/46491"}],"wp:attachment":[{"href":"https:\/\/www.bitacoracdmx.com\/index.php?rest_route=%2Fwp%2Fv2%2Fmedia&parent=46490"}],"wp:term":[{"taxonomy":"category","embeddable":true,"href":"https:\/\/www.bitacoracdmx.com\/index.php?rest_route=%2Fwp%2Fv2%2Fcategories&post=46490"},{"taxonomy":"post_tag","embeddable":true,"href":"https:\/\/www.bitacoracdmx.com\/index.php?rest_route=%2Fwp%2Fv2%2Ftags&post=46490"}],"curies":[{"name":"wp","href":"https:\/\/api.w.org\/{rel}","templated":true}]}}