{"id":46513,"date":"2022-09-07T21:41:19","date_gmt":"2022-09-07T21:41:19","guid":{"rendered":"https:\/\/www.bitacoracdmx.com\/?p=46513"},"modified":"2022-09-07T21:41:19","modified_gmt":"2022-09-07T21:41:19","slug":"regresa-el-exorcista-ahora-al-teatro-rafael-solana","status":"publish","type":"post","link":"https:\/\/www.bitacoracdmx.com\/?p=46513","title":{"rendered":"Regresa El Exorcista, ahora al Teatro Rafael Solana"},"content":{"rendered":"<p>[fusion_builder_container hundred_percent=&#8221;no&#8221; equal_height_columns=&#8221;no&#8221; menu_anchor=&#8221;&#8221; hide_on_mobile=&#8221;small-visibility,medium-visibility,large-visibility&#8221; class=&#8221;&#8221; id=&#8221;&#8221; background_color=&#8221;&#8221; background_image=&#8221;&#8221; background_position=&#8221;center center&#8221; background_repeat=&#8221;no-repeat&#8221; fade=&#8221;no&#8221; background_parallax=&#8221;none&#8221; parallax_speed=&#8221;0.3&#8243; video_mp4=&#8221;&#8221; video_webm=&#8221;&#8221; video_ogv=&#8221;&#8221; video_url=&#8221;&#8221; video_aspect_ratio=&#8221;16:9&#8243; video_loop=&#8221;yes&#8221; video_mute=&#8221;yes&#8221; overlay_color=&#8221;&#8221; video_preview_image=&#8221;&#8221; border_size=&#8221;&#8221; border_color=&#8221;&#8221; border_style=&#8221;solid&#8221; padding_top=&#8221;&#8221; padding_bottom=&#8221;&#8221; padding_left=&#8221;&#8221; padding_right=&#8221;&#8221;][fusion_builder_row][fusion_builder_column type=&#8221;1_1&#8243; layout=&#8221;1_1&#8243; background_position=&#8221;left top&#8221; background_color=&#8221;&#8221; border_size=&#8221;&#8221; border_color=&#8221;&#8221; border_style=&#8221;solid&#8221; border_position=&#8221;all&#8221; spacing=&#8221;yes&#8221; background_image=&#8221;&#8221; background_repeat=&#8221;no-repeat&#8221; padding_top=&#8221;&#8221; padding_right=&#8221;&#8221; padding_bottom=&#8221;&#8221; padding_left=&#8221;&#8221; margin_top=&#8221;0px&#8221; margin_bottom=&#8221;0px&#8221; class=&#8221;&#8221; id=&#8221;&#8221; animation_type=&#8221;&#8221; animation_speed=&#8221;0.3&#8243; animation_direction=&#8221;left&#8221; hide_on_mobile=&#8221;small-visibility,medium-visibility,large-visibility&#8221; center_content=&#8221;no&#8221; last=&#8221;no&#8221; min_height=&#8221;&#8221; hover_type=&#8221;none&#8221; link=&#8221;&#8221;][fusion_text]<\/p>\n<p>REDACCI\u00d3N<\/p>\n<ul type=\"disc\">\n<li class=\"x_MsoNormal\"><b>Realizar\u00e1 temporada del 9 de septiembre al 13 de noviembre<\/b><\/li>\n<li class=\"x_MsoNormal\"><b>Participan Anna Ciochetti, Ver\u00f3nica Jaspeado, Diego de Erice y Ricardo Silva<\/b><\/li>\n<li class=\"x_MsoNormal\"><b>La obra llegar\u00e1 a Broadway, en coproducci\u00f3n M\u00e9xico y Estados, con Diego de Erice en el elenco<\/b><\/li>\n<\/ul>\n<p class=\"x_MsoNormal\">Ser\u00e1 a partir del 9 de septiembre cuando, teniendo como escenario el\u00a0<b>Teatro Rafael Solana<\/b>, del\u00a0<b>Centro Cultural y Teatral Veracruzano<\/b>, inicie la nueva temporada de la puesta en escena\u00a0<b><i>El Exorcista<\/i><\/b>, escrita por el dramaturgo estadounidense\u00a0<b>John Pielmeier<\/b>; bajo la direcci\u00f3n de\u00a0<b>Alejandro Herrera<\/b>, y la producci\u00f3n de\u00a0<b>Eduardo L\u00f3pez<\/b>, iniciando con ello una nueva etapa en la historia en nuestro pa\u00eds de esta afamada historia, conocida primero en la literatura, en la novela de\u00a0<b>William Peter Blatty<\/b>; y posteriormente en el cine, de la mano de\u00a0<b>William Friedkin<\/b>.<\/p>\n<p class=\"x_MsoNormal\">Presentando ahora una puesta en escena recargada de m\u00e1s suspenso y sobresaltos,\u00a0<b><i>El Exorcista<\/i><\/b>\u00a0cuenta con la participaci\u00f3n de un elenco de primer nivel, encabezado por la primera actriz\u00a0<b>Anna<\/b><\/p>\n<p class=\"x_MsoNormal\"><b>Ciochetti<\/b>, quien comparte papel con la tambi\u00e9n extraordinaria\u00a0<b>Ver\u00f3nica Jaspeado<\/b>; adem\u00e1s de\u00a0<b>Diego de Erice<\/b>, quien estren\u00f3 la puesta y repite como el\u00a0<i>\u2018Padre Karra<\/i>s\u2019; as\u00ed como\u00a0<b>Ricardo Silva<\/b>, como el \u2018<i>Padre Merrin<\/i>\u2019;\u00a0<b>Alejandro Herrera<\/b>\u00a0en el papel del \u2018<i>T\u00edo Burke<\/i>\u2019;\u00a0<b>Guillermo Jair<\/b>, como el \u2018<i>Padre Joe<\/i>\u2019;\u00a0<b>Juan Manuel Pernas<\/b>\u00a0y\u00a0<b>Ernesto \u00c1lvarez<\/b>, alternando el papel del \u2018<i>Doctor Klein<\/i>\u2019; y\u00a0<b>Adonay Guadarrama<\/b>, alternando con\u00a0<b>Jos\u00e9 Alberto Gallardo<\/b>, como el \u2018<i>Doctor Strong<\/i>\u2019.<\/p>\n<p class=\"x_MsoNormal\">En el pol\u00e9mico papel de \u2018<i>Regan<\/i>\u2019, repiten las j\u00f3venes actrices\u00a0<b>Patricia Larra\u00f1aga<\/b>\u00a0y\u00a0<b>Paola Meixueiro<\/b>.<\/p>\n<p class=\"x_MsoNormal\">A la par de su temporada en la Ciudad de M\u00e9xico y en el interior del pa\u00eds, cabe mencionar que\u00a0<b><i>El Exorcista<\/i><\/b>\u00a0prepara, en coproducci\u00f3n con Estados Unidos, su llegada a escenarios de Broadway, contando en su elenco con la actuaci\u00f3n de\u00a0<b>Diego de Erice<\/b>; cuyo estreno se tiene contemplado para el 2023.<\/p>\n<p class=\"x_MsoNormal\">Sobre su gira por el interior del pa\u00eds, la producci\u00f3n de\u00a0<b><i>El Exorcista<\/i><\/b>\u00a0prepara un amplio recorrido por varias plazas del pa\u00eds, mencionando plazas confirmadas, como: Toluca, Guadalajara, Monterrey, Puebla, Quer\u00e9taro, Aguascalientes, Ciudad Ju\u00e1rez, Chihuahua, Torre\u00f3n, Saltillo, Morelia y San Luis Potos\u00ed, entre otras m\u00e1s, las cuales se ir\u00e1n mencionando en su momento, a trav\u00e9s de los medios de comunicaci\u00f3n y las redes sociales de\u00a0<b><i>El Exorcista<\/i><\/b>.<\/p>\n<p class=\"x_MsoNormal\">Por lo pronto, del 9 de septiembre y hasta el 13 de noviembre,\u00a0<b><i>El Exorcista<\/i><\/b>\u00a0iniciar\u00e1 su segunda temporada, ahora en el\u00a0<b>Teatro Rafael Solana<\/b>, del\u00a0<b>Centro Cultural y Teatral Veracruzano<\/b>, prometiendo ser uno de los \u00e9xitos de taquilla en lo que resta del a\u00f1o; presentando una puesta en escena llena de terror, suspenso y misterio, aderezada de sorprendentes efectos especiales y de sonido.<\/p>\n<p class=\"x_MsoNormal\"><b>EL EXORCISTA se presentar\u00e1 del 9 de septiembre, hasta el 13 de noviembre en el Teatro Rafael Solana, del Centro Cultural y Teatral Veracruzano; ubicado en Miguel \u00c1ngel de Quevedo 687; colonia y alcald\u00eda Coyoac\u00e1n. Localidades; mil 100; hasta 880 pesos. Boletos en taquilla y en el sistema telef\u00f3nico Ticketmaster. L\u00edmite de edad: 16 a\u00f1os. Observaciones: No se permite la entrada con c\u00e1maras fotogr\u00e1ficas o de video; no tomar fotograf\u00edas durante la funci\u00f3n a\u00fan con el celular. L\u00edmite de acceso: 15 min. iniciada la funci\u00f3n. Servicios: Dulcer\u00eda, Cafeter\u00eda, Estacionamiento, Silla de Elevador y acceso para personas con silla de ruedas. Duraci\u00f3n aproximada: 1:45 min. El uso del cubre boca es obligatorio. Se recomienda recoger sus boletos con anticipaci\u00f3n<\/b>.<\/p>\n<p>[\/fusion_text][fusion_imageframe image_id=&#8221;46514|medium&#8221; max_width=&#8221;&#8221; style_type=&#8221;&#8221; blur=&#8221;&#8221; stylecolor=&#8221;&#8221; hover_type=&#8221;none&#8221; bordersize=&#8221;&#8221; bordercolor=&#8221;&#8221; borderradius=&#8221;&#8221; align=&#8221;none&#8221; lightbox=&#8221;no&#8221; gallery_id=&#8221;&#8221; lightbox_image=&#8221;&#8221; lightbox_image_id=&#8221;&#8221; alt=&#8221;&#8221; link=&#8221;&#8221; linktarget=&#8221;_self&#8221; hide_on_mobile=&#8221;small-visibility,medium-visibility,large-visibility&#8221; class=&#8221;&#8221; id=&#8221;&#8221; animation_type=&#8221;&#8221; animation_direction=&#8221;left&#8221; animation_speed=&#8221;0.3&#8243; animation_offset=&#8221;&#8221;]https:\/\/www.bitacoracdmx.com\/wp-content\/uploads\/2022\/09\/descargar-2022-09-07T163842.694-240&#215;300.png[\/fusion_imageframe][\/fusion_builder_column][\/fusion_builder_row][\/fusion_builder_container]<\/p>\n","protected":false},"excerpt":{"rendered":"<p>[fusion_builder_container hundred_percent=&#8221;no&#8221; equal_height_columns=&#8221;no&#8221; menu_anchor=&#8221;&#8221; hide_on_mobile=&#8221;small-visibility,medium-visibility,large-visibility&#8221; class=&#8221;&#8221; id=&#8221;&#8221; background_color=&#8221;&#8221; background_image=&#8221;&#8221; background_position=&#8221;center center&#8221; background_repeat=&#8221;no-repeat&#8221; fade=&#8221;no&#8221; background_parallax=&#8221;none&#8221; parallax_speed=&#8221;0.3&#8243; video_mp4=&#8221;&#8221; video_webm=&#8221;&#8221; video_ogv=&#8221;&#8221; video_url=&#8221;&#8221; video_aspect_ratio=&#8221;16:9&#8243; video_loop=&#8221;yes&#8221; video_mute=&#8221;yes&#8221; overlay_color=&#8221;&#8221; video_preview_image=&#8221;&#8221; border_size=&#8221;&#8221; border_color=&#8221;&#8221; border_style=&#8221;solid&#8221; padding_top=&#8221;&#8221; padding_bottom=&#8221;&#8221; padding_left=&#8221;&#8221; padding_right=&#8221;&#8221;][fusion_builder_row][fusion_builder_column type=&#8221;1_1&#8243; layout=&#8221;1_1&#8243; background_position=&#8221;left top&#8221; background_color=&#8221;&#8221; border_size=&#8221;&#8221; border_color=&#8221;&#8221; border_style=&#8221;solid&#8221; border_position=&#8221;all&#8221; spacing=&#8221;yes&#8221; background_image=&#8221;&#8221; background_repeat=&#8221;no-repeat&#8221; padding_top=&#8221;&#8221; padding_right=&#8221;&#8221; padding_bottom=&#8221;&#8221; padding_left=&#8221;&#8221; margin_top=&#8221;0px&#8221; margin_bottom=&#8221;0px&#8221; class=&#8221;&#8221; id=&#8221;&#8221; animation_type=&#8221;&#8221; animation_speed=&#8221;0.3&#8243; animation_direction=&#8221;left&#8221; hide_on_mobile=&#8221;small-visibility,medium-visibility,large-visibility&#8221; center_content=&#8221;no&#8221; last=&#8221;no&#8221; min_height=&#8221;&#8221; hover_type=&#8221;none&#8221; link=&#8221;&#8221;][fusion_text] REDACCI\u00d3N Realizar\u00e1 temporada del 9 de septiembre al 13 de noviembre Participan Anna Ciochetti, Ver\u00f3nica Jaspeado, Diego de Erice y Ricardo Silva La obra llegar\u00e1 a Broadway, en coproducci\u00f3n M\u00e9xico y Estados, con Diego de Erice en el elenco Ser\u00e1 [&hellip;]<\/p>\n","protected":false},"author":1,"featured_media":46514,"comment_status":"open","ping_status":"open","sticky":false,"template":"","format":"standard","meta":{"footnotes":""},"categories":[9,14],"tags":[],"_links":{"self":[{"href":"https:\/\/www.bitacoracdmx.com\/index.php?rest_route=\/wp\/v2\/posts\/46513"}],"collection":[{"href":"https:\/\/www.bitacoracdmx.com\/index.php?rest_route=\/wp\/v2\/posts"}],"about":[{"href":"https:\/\/www.bitacoracdmx.com\/index.php?rest_route=\/wp\/v2\/types\/post"}],"author":[{"embeddable":true,"href":"https:\/\/www.bitacoracdmx.com\/index.php?rest_route=\/wp\/v2\/users\/1"}],"replies":[{"embeddable":true,"href":"https:\/\/www.bitacoracdmx.com\/index.php?rest_route=%2Fwp%2Fv2%2Fcomments&post=46513"}],"version-history":[{"count":1,"href":"https:\/\/www.bitacoracdmx.com\/index.php?rest_route=\/wp\/v2\/posts\/46513\/revisions"}],"predecessor-version":[{"id":46515,"href":"https:\/\/www.bitacoracdmx.com\/index.php?rest_route=\/wp\/v2\/posts\/46513\/revisions\/46515"}],"wp:featuredmedia":[{"embeddable":true,"href":"https:\/\/www.bitacoracdmx.com\/index.php?rest_route=\/wp\/v2\/media\/46514"}],"wp:attachment":[{"href":"https:\/\/www.bitacoracdmx.com\/index.php?rest_route=%2Fwp%2Fv2%2Fmedia&parent=46513"}],"wp:term":[{"taxonomy":"category","embeddable":true,"href":"https:\/\/www.bitacoracdmx.com\/index.php?rest_route=%2Fwp%2Fv2%2Fcategories&post=46513"},{"taxonomy":"post_tag","embeddable":true,"href":"https:\/\/www.bitacoracdmx.com\/index.php?rest_route=%2Fwp%2Fv2%2Ftags&post=46513"}],"curies":[{"name":"wp","href":"https:\/\/api.w.org\/{rel}","templated":true}]}}