{"id":46517,"date":"2022-09-10T23:41:30","date_gmt":"2022-09-10T23:41:30","guid":{"rendered":"https:\/\/www.bitacoracdmx.com\/?p=46517"},"modified":"2022-09-10T23:41:30","modified_gmt":"2022-09-10T23:41:30","slug":"ginebras-dedica-su-nuevo-single-a-uno-de-los-grandes-males-de-su-generacion-ansiedad","status":"publish","type":"post","link":"https:\/\/www.bitacoracdmx.com\/?p=46517","title":{"rendered":"Ginebras dedica su nuevo single a uno de los grandes males de su generaci\u00f3n: \u201cAnsiedad\u201d"},"content":{"rendered":"<p>[fusion_builder_container hundred_percent=&#8221;no&#8221; equal_height_columns=&#8221;no&#8221; menu_anchor=&#8221;&#8221; hide_on_mobile=&#8221;small-visibility,medium-visibility,large-visibility&#8221; class=&#8221;&#8221; id=&#8221;&#8221; background_color=&#8221;&#8221; background_image=&#8221;&#8221; background_position=&#8221;center center&#8221; background_repeat=&#8221;no-repeat&#8221; fade=&#8221;no&#8221; background_parallax=&#8221;none&#8221; parallax_speed=&#8221;0.3&#8243; video_mp4=&#8221;&#8221; video_webm=&#8221;&#8221; video_ogv=&#8221;&#8221; video_url=&#8221;&#8221; video_aspect_ratio=&#8221;16:9&#8243; video_loop=&#8221;yes&#8221; video_mute=&#8221;yes&#8221; overlay_color=&#8221;&#8221; video_preview_image=&#8221;&#8221; border_size=&#8221;&#8221; border_color=&#8221;&#8221; border_style=&#8221;solid&#8221; padding_top=&#8221;&#8221; padding_bottom=&#8221;&#8221; padding_left=&#8221;&#8221; padding_right=&#8221;&#8221;][fusion_builder_row][fusion_builder_column type=&#8221;1_1&#8243; layout=&#8221;1_1&#8243; background_position=&#8221;left top&#8221; background_color=&#8221;&#8221; border_size=&#8221;&#8221; border_color=&#8221;&#8221; border_style=&#8221;solid&#8221; border_position=&#8221;all&#8221; spacing=&#8221;yes&#8221; background_image=&#8221;&#8221; background_repeat=&#8221;no-repeat&#8221; padding_top=&#8221;&#8221; padding_right=&#8221;&#8221; padding_bottom=&#8221;&#8221; padding_left=&#8221;&#8221; margin_top=&#8221;0px&#8221; margin_bottom=&#8221;0px&#8221; class=&#8221;&#8221; id=&#8221;&#8221; animation_type=&#8221;&#8221; animation_speed=&#8221;0.3&#8243; animation_direction=&#8221;left&#8221; hide_on_mobile=&#8221;small-visibility,medium-visibility,large-visibility&#8221; center_content=&#8221;no&#8221; last=&#8221;no&#8221; min_height=&#8221;&#8221; hover_type=&#8221;none&#8221; link=&#8221;&#8221;][fusion_text]<\/p>\n<p>REDACCI\u00d3N<\/p>\n<table border=\"0\" width=\"100%\" cellspacing=\"0\" cellpadding=\"0\">\n<tbody>\n<tr>\n<td valign=\"top\">\n<table class=\"x_m_3040912141677940516mcnTextContentContainer\" border=\"0\" width=\"100%\" cellspacing=\"0\" cellpadding=\"0\" align=\"left\">\n<tbody>\n<tr>\n<td class=\"x_m_3040912141677940516mcnTextContent\" valign=\"top\">\n<h4><strong>Mag\u00fci, Sandra, Raquel y Juls se ponen en la piel de todas aquellas personas que, como ellas, en alg\u00fan momento se han sentido perdidas y sobrepasadas<\/strong><\/h4>\n<h4><strong>Ginebras<\/strong><strong>\u00a0llevar\u00e1\u00a0<\/strong><strong>\u201cLa T\u00edpica Gira\u201d a M\u00e9xico, el 5 de\u00a0noviembre en Bajo Circuito<\/strong><strong>, luego de arrasar en los festivales espa\u00f1oles<\/strong><\/h4>\n<h4><strong>Ojal\u00e1 la ansiedad se quisiera marchar.<br aria-hidden=\"true\" \/>Ojal\u00e1, ojal\u00e1, ojal\u00e1&#8230;<\/strong><\/h4>\n<p><strong>Ginebras\u00a0<\/strong>vuelve a la carga con un\u00a0<strong>nuevo adelanto<\/strong>\u00a0de su\u00a0<strong>segundo disco<\/strong>\u00a0que editar\u00e1 a comienzos del pr\u00f3ximo a\u00f1o a trav\u00e9s de\u00a0<strong>Vanana Records<\/strong>. En\u00a0<strong>\u201cAnsiedad\u201d<\/strong>,\u00a0<strong>Mag\u00fci<\/strong>,\u00a0<strong>Sandra<\/strong>,\u00a0<strong>Raquel<\/strong>\u00a0y\u00a0<strong>Juls<\/strong>\u00a0ponen letra y sinton\u00eda a uno de los grandes males de nuestro tiempo, para hacer saber a todo el mundo que siempre puedes contar con alguien.<\/p>\n<p>Con<strong>\u00a0\u201cAnsiedad\u201d,\u00a0<\/strong>el cuarteto nos desvela otra joya del que ser\u00e1 su segundo \u00e1lbum. Tras la guitarrera\u00a0<strong>\u201cAlex Turner\u201d<\/strong>, en esta nueva canci\u00f3n encontramos\u00a0<strong>otras<\/strong>\u00a0<strong>aristas<\/strong>\u00a0de unas Ginebras que contin\u00faan\u00a0<strong>evolucionando<\/strong>\u00a0su sonido partiendo de ese\u00a0<strong>pop universal<\/strong>\u00a0que conquista all\u00ed donde pasa. La banda le ha querido dedicar el tema a todas esas personas que alguna vez, como ellas mismas, se han sentido\u00a0<strong>perdidas y sobrepasadas<\/strong>.<\/p>\n<p>Una nueva muestra de la\u00a0<strong>cotidianidad\u00a0<\/strong>de sus canciones que aqu\u00ed se convierte en un impulso para quien necesite unas palabras de \u00e1nimo. \u201cAnsiedad\u201d, escrita en mitad de una monta\u00f1a de Alicante, naci\u00f3 para\u00a0<strong>normalizar<\/strong>\u00a0una situaci\u00f3n por desgracia muy com\u00fan que a veces se silencia por miedo al qu\u00e9 dir\u00e1n o a pedir ayuda. Adem\u00e1s, el grupo ha recreado metaf\u00f3ricamente en un video lyric los altibajos que se sufren cuando alguien padece ansiedad, subi\u00e9ndose a una\u00a0<strong>monta\u00f1a rusa<\/strong>\u00a0real.<\/p>\n<p>Este nuevo single ve la luz al final de un verano en el que Ginebras ha\u00a0<strong>reinado en festivales<\/strong>\u00a0de toda nuestra geograf\u00eda.\u00a0<strong>\u201cLa T\u00edpica Gira\u201d<\/strong>\u00a0ha llenado de\u00a0<strong>magia<\/strong>,\u00a0<strong>energ\u00eda<\/strong>\u00a0y\u00a0<strong>color<\/strong>\u00a0un sinf\u00edn de escenarios en los \u00faltimos meses.\u00a0Ahora est\u00e1n listas para traspasar fronteras y por fin llegar a la\u00a0<strong>Ciudad de M\u00e9xico el pr\u00f3ximo 5 de noviembre en Bajo Circuito\u00a0<\/strong>acompa\u00f1adas por\u00a0<strong>Las Yumbe\u00f1as y Andru.<\/strong>\u00a0Ser\u00e1 la primera vez que Mag\u00fci, Sandra, Juls y Raquel tomen contacto con el p\u00fablico mexicano, que ya se deja sentir en sus canales desde hace tiempo.<\/p>\n<p>Adem\u00e1s, en las pr\u00f3ximas semanas la gira recalar\u00e1 en festivales y salas como\u00a0<strong>Dorado Live<\/strong>\u00a0(Ibiza, 15 de septiembre),\u00a0<strong>Granada Sound<\/strong>\u00a0(Granada, 16 de septiembre),\u00a0<strong>DCODE<\/strong>\u00a0(Madrid, 17 de septiembre),\u00a0<strong>Irun Zuzenean Festibala<\/strong>\u00a0(Ir\u00fan, 1 de octubre),\u00a0<strong>Bilbao<\/strong>\u00a0(Sala BBK, 6 de octubre),\u00a0<strong>Murcia<\/strong>\u00a0(Sala REM, 8 de octubre) y\u00a0<strong>Tardeo Sin Siesta Fest<\/strong>\u00a0(Le\u00f3n, 22 de octubre).\u00a0<br aria-hidden=\"true\" \/><br aria-hidden=\"true\" \/><strong>\u201cAnsiedad\u201d<\/strong>\u00a0de\u00a0<strong>Ginebras<\/strong>\u00a0ya est\u00e1 disponible en todas las\u00a0<a href=\"https:\/\/links.altafonte.com\/5qpxobw\" target=\"_blank\" rel=\"noopener noreferrer\" data-auth=\"NotApplicable\" data-linkindex=\"3\"><strong>plataformas digitales<\/strong><\/a>. La canci\u00f3n, editada por\u00a0<strong>Vanana Records<\/strong>, ha sido producida, mezclada y masterizada por\u00a0<strong>Pau Paredes<\/strong>\u00a0y se ha grabado en\u00a0<strong>La Mina<\/strong>\u00a0junto a\u00a0<strong>Ra\u00fal P\u00e9rez<\/strong>. La ic\u00f3nica\u00a0<strong>portada\u00a0<\/strong>del single con un nudo en forma de coraz\u00f3n es obra de\u00a0<strong>Alberto Miranda (Guajiro Bampo)<\/strong>.<\/p>\n<p><strong>Sobre Ginebras<\/strong><br aria-hidden=\"true\" \/><br aria-hidden=\"true\" \/>Ginebras son Magu\u0308i (guitarra ri\u0301tmica y voz principal), Sandra (guitarra solista y segundas voces), Raquel (bajo) y Juls (bateri\u0301a), cuatro chicas con ganas de comerse el mundo que han creado un universo pop propio con tintes de indie y acompan\u0303ado siempre de letras autobiogra\u0301ficas contadas con mucho humor y con rollito.<\/p>\n<p>Acaban de publicar &#8216;Ansiedad&#8217;, el segundo adelanto del que sera\u0301 su segundo LP, una joya musical con la que ponen sintoni\u0301a a uno de los males de la sociedad, y dedicada a las personas que, como ellas, alguna vez se han sentido perdidas y sobrepasadas.<\/p>\n<p>El primer adelanto fue la feroz &#8216;Alex Turner&#8217;, una cancio\u0301n redonda que nos muestra a unas Ginebras mucho ma\u0301s rockeras y punkys ante la necesidad de soltar toda la adrenalina acumulada.<\/p>\n<p>A finales de 2019 editaron &#8216;Dame 10:36 Minutos&#8217;, su primer EP. Cuatro temas cargados de energi\u0301a que ra\u0301pidamente les situaron como una de las bandas imprescindibles de la escena. Su personali\u0301sima versio\u0301n de &#8216;Con Altura&#8217;, ha servido como cabecera del tra\u0301iler oficial de la serie Sky Rojo en Netflix.<\/p>\n<p>En septiembre de 2020 lanzaron su esperadi\u0301simo primer LP, &#8216;Ya Dormire\u0301 Cuando Me Muera&#8217; (Vanana Records), lleno de hits instanta\u0301neos. Un disco rebosante de diversio\u0301n, de baile y de color que viene para arrojar luz y buen rollo a raudales y que ha sido destacado por la prensa como uno de los mejores discos del an\u0303o, TOP 4 de los mejores discos de pop-rock nacional de 2020 segu\u0301n El Pai\u0301s y Premio MIN al Mejor A\u0301lbum de Pop del An\u0303o.<\/p>\n<p>En 2021, y tras la gran acogida de su primer LP, Ginebras reeditaron en formato deluxe &#8216;Ya Dormire\u0301 Cuando Me Muera&#8217; con varios remixes y la refrescante &#8216;La Ciudad Huele a Sudor&#8217;. Desde entonces la banda ha recorrido gran parte de la geografi\u0301a espan\u0303ola llenando salas y tocando en los festivales ma\u0301s importantes del pai\u0301s. La Riviera madrilen\u0303a o Razzmatazz en Barcelona son dos de las salas ma\u0301s emblema\u0301ticas donde Ginebras han hecho sold-out, en una gira que continu\u0301a de manera arrolladora este 2022 y que pronto llegara\u0301 tambie\u0301n a Me\u0301xico<\/td>\n<\/tr>\n<\/tbody>\n<\/table>\n<\/td>\n<\/tr>\n<\/tbody>\n<\/table>\n<table border=\"0\" width=\"100%\" cellspacing=\"0\" cellpadding=\"0\">\n<tbody>\n<tr>\n<td valign=\"top\">\n<table class=\"x_m_3040912141677940516mcnTextContentContainer\" border=\"0\" width=\"100%\" cellspacing=\"0\" cellpadding=\"0\" align=\"left\">\n<tbody>\n<tr>\n<td class=\"x_m_3040912141677940516mcnTextContent\" valign=\"top\"><\/td>\n<\/tr>\n<\/tbody>\n<\/table>\n<\/td>\n<\/tr>\n<\/tbody>\n<\/table>\n<p>[\/fusion_text][fusion_imageframe image_id=&#8221;46518|medium&#8221; max_width=&#8221;&#8221; style_type=&#8221;&#8221; blur=&#8221;&#8221; stylecolor=&#8221;&#8221; hover_type=&#8221;none&#8221; bordersize=&#8221;&#8221; bordercolor=&#8221;&#8221; borderradius=&#8221;&#8221; align=&#8221;none&#8221; lightbox=&#8221;no&#8221; gallery_id=&#8221;&#8221; lightbox_image=&#8221;&#8221; lightbox_image_id=&#8221;&#8221; alt=&#8221;&#8221; link=&#8221;&#8221; linktarget=&#8221;_self&#8221; hide_on_mobile=&#8221;small-visibility,medium-visibility,large-visibility&#8221; class=&#8221;&#8221; id=&#8221;&#8221; animation_type=&#8221;&#8221; animation_direction=&#8221;left&#8221; animation_speed=&#8221;0.3&#8243; animation_offset=&#8221;&#8221;]https:\/\/www.bitacoracdmx.com\/wp-content\/uploads\/2022\/09\/5da315eb-46de-aa69-ca3b-ddb68b8e52f3-300&#215;300.jpg[\/fusion_imageframe][\/fusion_builder_column][\/fusion_builder_row][\/fusion_builder_container]<\/p>\n","protected":false},"excerpt":{"rendered":"<p>[fusion_builder_container hundred_percent=&#8221;no&#8221; equal_height_columns=&#8221;no&#8221; menu_anchor=&#8221;&#8221; hide_on_mobile=&#8221;small-visibility,medium-visibility,large-visibility&#8221; class=&#8221;&#8221; id=&#8221;&#8221; background_color=&#8221;&#8221; background_image=&#8221;&#8221; background_position=&#8221;center center&#8221; background_repeat=&#8221;no-repeat&#8221; fade=&#8221;no&#8221; background_parallax=&#8221;none&#8221; parallax_speed=&#8221;0.3&#8243; video_mp4=&#8221;&#8221; video_webm=&#8221;&#8221; video_ogv=&#8221;&#8221; video_url=&#8221;&#8221; video_aspect_ratio=&#8221;16:9&#8243; video_loop=&#8221;yes&#8221; video_mute=&#8221;yes&#8221; overlay_color=&#8221;&#8221; video_preview_image=&#8221;&#8221; border_size=&#8221;&#8221; border_color=&#8221;&#8221; border_style=&#8221;solid&#8221; padding_top=&#8221;&#8221; padding_bottom=&#8221;&#8221; padding_left=&#8221;&#8221; padding_right=&#8221;&#8221;][fusion_builder_row][fusion_builder_column type=&#8221;1_1&#8243; layout=&#8221;1_1&#8243; background_position=&#8221;left top&#8221; background_color=&#8221;&#8221; border_size=&#8221;&#8221; border_color=&#8221;&#8221; border_style=&#8221;solid&#8221; border_position=&#8221;all&#8221; spacing=&#8221;yes&#8221; background_image=&#8221;&#8221; background_repeat=&#8221;no-repeat&#8221; padding_top=&#8221;&#8221; padding_right=&#8221;&#8221; padding_bottom=&#8221;&#8221; padding_left=&#8221;&#8221; margin_top=&#8221;0px&#8221; margin_bottom=&#8221;0px&#8221; class=&#8221;&#8221; id=&#8221;&#8221; animation_type=&#8221;&#8221; animation_speed=&#8221;0.3&#8243; animation_direction=&#8221;left&#8221; hide_on_mobile=&#8221;small-visibility,medium-visibility,large-visibility&#8221; center_content=&#8221;no&#8221; last=&#8221;no&#8221; min_height=&#8221;&#8221; hover_type=&#8221;none&#8221; link=&#8221;&#8221;][fusion_text] REDACCI\u00d3N Mag\u00fci, Sandra, Raquel y Juls se ponen en la piel de todas aquellas personas que, como ellas, en alg\u00fan momento se han sentido perdidas y sobrepasadas Ginebras\u00a0llevar\u00e1\u00a0\u201cLa T\u00edpica Gira\u201d a M\u00e9xico, el 5 de\u00a0noviembre en Bajo Circuito, luego de [&hellip;]<\/p>\n","protected":false},"author":1,"featured_media":46518,"comment_status":"open","ping_status":"open","sticky":false,"template":"","format":"standard","meta":{"footnotes":""},"categories":[9,11],"tags":[],"_links":{"self":[{"href":"https:\/\/www.bitacoracdmx.com\/index.php?rest_route=\/wp\/v2\/posts\/46517"}],"collection":[{"href":"https:\/\/www.bitacoracdmx.com\/index.php?rest_route=\/wp\/v2\/posts"}],"about":[{"href":"https:\/\/www.bitacoracdmx.com\/index.php?rest_route=\/wp\/v2\/types\/post"}],"author":[{"embeddable":true,"href":"https:\/\/www.bitacoracdmx.com\/index.php?rest_route=\/wp\/v2\/users\/1"}],"replies":[{"embeddable":true,"href":"https:\/\/www.bitacoracdmx.com\/index.php?rest_route=%2Fwp%2Fv2%2Fcomments&post=46517"}],"version-history":[{"count":1,"href":"https:\/\/www.bitacoracdmx.com\/index.php?rest_route=\/wp\/v2\/posts\/46517\/revisions"}],"predecessor-version":[{"id":46519,"href":"https:\/\/www.bitacoracdmx.com\/index.php?rest_route=\/wp\/v2\/posts\/46517\/revisions\/46519"}],"wp:featuredmedia":[{"embeddable":true,"href":"https:\/\/www.bitacoracdmx.com\/index.php?rest_route=\/wp\/v2\/media\/46518"}],"wp:attachment":[{"href":"https:\/\/www.bitacoracdmx.com\/index.php?rest_route=%2Fwp%2Fv2%2Fmedia&parent=46517"}],"wp:term":[{"taxonomy":"category","embeddable":true,"href":"https:\/\/www.bitacoracdmx.com\/index.php?rest_route=%2Fwp%2Fv2%2Fcategories&post=46517"},{"taxonomy":"post_tag","embeddable":true,"href":"https:\/\/www.bitacoracdmx.com\/index.php?rest_route=%2Fwp%2Fv2%2Ftags&post=46517"}],"curies":[{"name":"wp","href":"https:\/\/api.w.org\/{rel}","templated":true}]}}