{"id":46559,"date":"2022-09-11T01:50:34","date_gmt":"2022-09-11T01:50:34","guid":{"rendered":"https:\/\/www.bitacoracdmx.com\/?p=46559"},"modified":"2022-09-11T01:50:34","modified_gmt":"2022-09-11T01:50:34","slug":"vigesima-sexta-entrega-de-premios-de-la-agrupacion-de-criticos-y-periodistas-de-teatro-acpt","status":"publish","type":"post","link":"https:\/\/www.bitacoracdmx.com\/?p=46559","title":{"rendered":"Vig\u00e9sima Sexta Entrega de Premios de  la Agrupaci\u00f3n de Cr\u00edticos y Periodistas de Teatro (ACPT)"},"content":{"rendered":"<p>[fusion_builder_container hundred_percent=&#8221;no&#8221; equal_height_columns=&#8221;no&#8221; menu_anchor=&#8221;&#8221; hide_on_mobile=&#8221;small-visibility,medium-visibility,large-visibility&#8221; class=&#8221;&#8221; id=&#8221;&#8221; background_color=&#8221;&#8221; background_image=&#8221;&#8221; background_position=&#8221;center center&#8221; background_repeat=&#8221;no-repeat&#8221; fade=&#8221;no&#8221; background_parallax=&#8221;none&#8221; parallax_speed=&#8221;0.3&#8243; video_mp4=&#8221;&#8221; video_webm=&#8221;&#8221; video_ogv=&#8221;&#8221; video_url=&#8221;&#8221; video_aspect_ratio=&#8221;16:9&#8243; video_loop=&#8221;yes&#8221; video_mute=&#8221;yes&#8221; overlay_color=&#8221;&#8221; video_preview_image=&#8221;&#8221; border_size=&#8221;&#8221; border_color=&#8221;&#8221; border_style=&#8221;solid&#8221; padding_top=&#8221;&#8221; padding_bottom=&#8221;&#8221; padding_left=&#8221;&#8221; padding_right=&#8221;&#8221;][fusion_builder_row][fusion_builder_column type=&#8221;1_1&#8243; layout=&#8221;1_1&#8243; background_position=&#8221;left top&#8221; background_color=&#8221;&#8221; border_size=&#8221;&#8221; border_color=&#8221;&#8221; border_style=&#8221;solid&#8221; border_position=&#8221;all&#8221; spacing=&#8221;yes&#8221; background_image=&#8221;&#8221; background_repeat=&#8221;no-repeat&#8221; padding_top=&#8221;&#8221; padding_right=&#8221;&#8221; padding_bottom=&#8221;&#8221; padding_left=&#8221;&#8221; margin_top=&#8221;0px&#8221; margin_bottom=&#8221;0px&#8221; class=&#8221;&#8221; id=&#8221;&#8221; animation_type=&#8221;&#8221; animation_speed=&#8221;0.3&#8243; animation_direction=&#8221;left&#8221; hide_on_mobile=&#8221;small-visibility,medium-visibility,large-visibility&#8221; center_content=&#8221;no&#8221; last=&#8221;no&#8221; min_height=&#8221;&#8221; hover_type=&#8221;none&#8221; link=&#8221;&#8221;][fusion_text]<\/p>\n<p>REDACCI\u00d3N<\/p>\n<p>El pr\u00f3ximo 28 de septiembre la Agrupaci\u00f3n de Cr\u00edticos y Periodistas de Teatro (ACPT) llevar\u00e1 a cabo su vig\u00e9simo sexta entrega de premios a lo mejor del teatro en la ciudad de M\u00e9xico, al reconocer los trabajos presentados durante el a\u00f1o 2020 -2021 y hasta el 30 de junio del 2022. Con lo anterior se cumple con este periodo at\u00edpico ocasionado por la contingencia del COVID-19 y se abre un ciclo regular que comprender\u00e1 la anualidad de julio 1 del 2022 a junio 30 del 2023.<\/p>\n<p>Por cuarta ocasi\u00f3n la ceremonia suceder\u00e1 en el Teatro de la Ciudad Esperanza Iris, del Sistema de Teatros de la Ciudad de M\u00e9xico.<\/p>\n<p>El Premio a la Trayectoria Teatral ser\u00e1 otorgado a la primera actriz Ana Ofelia Murgu\u00eda, quien cuenta con una larga trayectoria de m\u00e1s de 40 a\u00f1os en teatro, cine y televisi\u00f3n, actualmente es actriz de n\u00famero de la CNT.<\/p>\n<p>As\u00ed mismo, se da a conocer la incursi\u00f3n de dos nuevas categor\u00edas, Elenco y Direcci\u00f3n de Escena en Musical.<\/p>\n<p>La ceremonia ser\u00e1 dirigida por los fundadores y directores art\u00edsticos de la compa\u00f1\u00eda Idiotas Teatro, Fernando Reyes y Cristian David, por su lado, Producci\u00f3n Esc\u00e9nica se sum\u00f3 a la producci\u00f3n ejecutiva y direcci\u00f3n t\u00e9cnica del evento a trav\u00e9s de sus directivos Erick Saul Elizondo y Erika Medina, el dise\u00f1o de escenograf\u00eda estar\u00e1 a cargo de Alberto Reyna y el dise\u00f1o de iluminaci\u00f3n de Humberto Diaz , adem\u00e1s habr\u00e1 m\u00fasica en vivo interpretada por un ensamble coral y musical de ni\u00f1as y ni\u00f1os dirigidos por Ileana Villarreal, Pilar Mi\u00f1arro, Sebasti\u00e1n Kwapisz y Juan Pablo Villa, el libreto es de la autor\u00eda de Mariana Mijares, contando con la asesor\u00eda de Juan Carlos Araujo Boyce, stage manager Jorge Ochoa y voz en off Ayari Rivera.<\/p>\n<p>En los momentos musicales se tendr\u00e1 la participaci\u00f3n de los nominados The Prom, Mentiras, Pedro Melenas, Siete Veces Adi\u00f3s y Sorpresas, el memorial para honrar a los que partieron este a\u00f1o ser\u00e1 interpretado por la soprano oaxaque\u00f1a Isis Orozco.<\/p>\n<p>Mabel Cadena, Cassandra Ciangherotti, Yeka Rosales, Miguel Septien, Mario Alberto Monroy, Ana Sofia Gatica, Ignacio Riva Palacio, Daniela Lujan, Christel Klitbo, Quetzalli Cort\u00e9s, Cristian Magaloni, Julls Granados, Jos\u00e9 Ramon Berganza, Majo P\u00e9rez, entre otras importantes figuras, est\u00e1n confirmadas para la conducci\u00f3n del evento.<\/p>\n<p>Los Premios ACPT constan de 26 categor\u00edas, los trabajos seleccionados son el resultado de un largo proceso consensuado por su jurado, conformado en la actualidad por 16 agremiados, periodistas, fotoperiodistas, rese\u00f1istas y cr\u00edticos de teatro, todos activos en importantes medios impresos y digitales, Enrique Saavedra, Mayte Valencia, Mariana Mijares, Fernanda Albarr\u00e1n, Carmen Zavaleta, Belinda Lorenzana, Arianna Aquino, Iv\u00e1n Pasillas, Alfredo Millan, Jaime Rosales, Juan Carlos Araujo, Ricardo Castillo, Roberto Sosa L\u00f3pez, Rodrigo Becerra , adem\u00e1s de contar con la asesor\u00eda de Adri\u00e1n Ch\u00e1vez, Miguel Septien, Blanca Loaria y Paola Izquierdo, la directiva est\u00e1 conformada por Melba Vidal y Gustavo Gerardo Su\u00e1rez y la coordinaci\u00f3n log\u00edstica a cargo de Sandra Narv\u00e1ez, este a\u00f1o la organizaci\u00f3n crecer\u00e1 exponencialmente con la inclusi\u00f3n de especialistas que ser\u00e1n anunciados en d\u00edas venideros.<\/p>\n<p>\u200b<\/p>\n<p>[\/fusion_text][fusion_imageframe image_id=&#8221;46560|medium&#8221; max_width=&#8221;&#8221; style_type=&#8221;&#8221; blur=&#8221;&#8221; stylecolor=&#8221;&#8221; hover_type=&#8221;none&#8221; bordersize=&#8221;&#8221; bordercolor=&#8221;&#8221; borderradius=&#8221;&#8221; align=&#8221;none&#8221; lightbox=&#8221;no&#8221; gallery_id=&#8221;&#8221; lightbox_image=&#8221;&#8221; lightbox_image_id=&#8221;&#8221; alt=&#8221;&#8221; link=&#8221;&#8221; linktarget=&#8221;_self&#8221; hide_on_mobile=&#8221;small-visibility,medium-visibility,large-visibility&#8221; class=&#8221;&#8221; id=&#8221;&#8221; animation_type=&#8221;&#8221; animation_direction=&#8221;left&#8221; animation_speed=&#8221;0.3&#8243; animation_offset=&#8221;&#8221;]https:\/\/www.bitacoracdmx.com\/wp-content\/uploads\/2022\/09\/306191212_597634551755781_2696778917476682345_n-199&#215;300.jpg[\/fusion_imageframe][\/fusion_builder_column][\/fusion_builder_row][\/fusion_builder_container]<\/p>\n","protected":false},"excerpt":{"rendered":"<p>[fusion_builder_container hundred_percent=&#8221;no&#8221; equal_height_columns=&#8221;no&#8221; menu_anchor=&#8221;&#8221; hide_on_mobile=&#8221;small-visibility,medium-visibility,large-visibility&#8221; class=&#8221;&#8221; id=&#8221;&#8221; background_color=&#8221;&#8221; background_image=&#8221;&#8221; background_position=&#8221;center center&#8221; background_repeat=&#8221;no-repeat&#8221; fade=&#8221;no&#8221; background_parallax=&#8221;none&#8221; parallax_speed=&#8221;0.3&#8243; video_mp4=&#8221;&#8221; video_webm=&#8221;&#8221; video_ogv=&#8221;&#8221; video_url=&#8221;&#8221; video_aspect_ratio=&#8221;16:9&#8243; video_loop=&#8221;yes&#8221; video_mute=&#8221;yes&#8221; overlay_color=&#8221;&#8221; video_preview_image=&#8221;&#8221; border_size=&#8221;&#8221; border_color=&#8221;&#8221; border_style=&#8221;solid&#8221; padding_top=&#8221;&#8221; padding_bottom=&#8221;&#8221; padding_left=&#8221;&#8221; padding_right=&#8221;&#8221;][fusion_builder_row][fusion_builder_column type=&#8221;1_1&#8243; layout=&#8221;1_1&#8243; background_position=&#8221;left top&#8221; background_color=&#8221;&#8221; border_size=&#8221;&#8221; border_color=&#8221;&#8221; border_style=&#8221;solid&#8221; border_position=&#8221;all&#8221; spacing=&#8221;yes&#8221; background_image=&#8221;&#8221; background_repeat=&#8221;no-repeat&#8221; padding_top=&#8221;&#8221; padding_right=&#8221;&#8221; padding_bottom=&#8221;&#8221; padding_left=&#8221;&#8221; margin_top=&#8221;0px&#8221; margin_bottom=&#8221;0px&#8221; class=&#8221;&#8221; id=&#8221;&#8221; animation_type=&#8221;&#8221; animation_speed=&#8221;0.3&#8243; animation_direction=&#8221;left&#8221; hide_on_mobile=&#8221;small-visibility,medium-visibility,large-visibility&#8221; center_content=&#8221;no&#8221; last=&#8221;no&#8221; min_height=&#8221;&#8221; hover_type=&#8221;none&#8221; link=&#8221;&#8221;][fusion_text] REDACCI\u00d3N El pr\u00f3ximo 28 de septiembre la Agrupaci\u00f3n de Cr\u00edticos y Periodistas de Teatro (ACPT) llevar\u00e1 a cabo su vig\u00e9simo sexta entrega de premios a lo mejor del teatro en la ciudad de M\u00e9xico, al reconocer los trabajos presentados durante [&hellip;]<\/p>\n","protected":false},"author":1,"featured_media":46560,"comment_status":"open","ping_status":"open","sticky":false,"template":"","format":"standard","meta":{"footnotes":""},"categories":[9,14],"tags":[],"_links":{"self":[{"href":"https:\/\/www.bitacoracdmx.com\/index.php?rest_route=\/wp\/v2\/posts\/46559"}],"collection":[{"href":"https:\/\/www.bitacoracdmx.com\/index.php?rest_route=\/wp\/v2\/posts"}],"about":[{"href":"https:\/\/www.bitacoracdmx.com\/index.php?rest_route=\/wp\/v2\/types\/post"}],"author":[{"embeddable":true,"href":"https:\/\/www.bitacoracdmx.com\/index.php?rest_route=\/wp\/v2\/users\/1"}],"replies":[{"embeddable":true,"href":"https:\/\/www.bitacoracdmx.com\/index.php?rest_route=%2Fwp%2Fv2%2Fcomments&post=46559"}],"version-history":[{"count":1,"href":"https:\/\/www.bitacoracdmx.com\/index.php?rest_route=\/wp\/v2\/posts\/46559\/revisions"}],"predecessor-version":[{"id":46561,"href":"https:\/\/www.bitacoracdmx.com\/index.php?rest_route=\/wp\/v2\/posts\/46559\/revisions\/46561"}],"wp:featuredmedia":[{"embeddable":true,"href":"https:\/\/www.bitacoracdmx.com\/index.php?rest_route=\/wp\/v2\/media\/46560"}],"wp:attachment":[{"href":"https:\/\/www.bitacoracdmx.com\/index.php?rest_route=%2Fwp%2Fv2%2Fmedia&parent=46559"}],"wp:term":[{"taxonomy":"category","embeddable":true,"href":"https:\/\/www.bitacoracdmx.com\/index.php?rest_route=%2Fwp%2Fv2%2Fcategories&post=46559"},{"taxonomy":"post_tag","embeddable":true,"href":"https:\/\/www.bitacoracdmx.com\/index.php?rest_route=%2Fwp%2Fv2%2Ftags&post=46559"}],"curies":[{"name":"wp","href":"https:\/\/api.w.org\/{rel}","templated":true}]}}