{"id":46623,"date":"2022-09-11T05:48:34","date_gmt":"2022-09-11T05:48:34","guid":{"rendered":"https:\/\/www.bitacoracdmx.com\/?p=46623"},"modified":"2022-09-11T05:48:34","modified_gmt":"2022-09-11T05:48:34","slug":"presenta-secretaria-de-cultura-capitalina-oferta-artistica-en-estaciones-del-nuevo-trolebus-elevado","status":"publish","type":"post","link":"https:\/\/www.bitacoracdmx.com\/?p=46623","title":{"rendered":"Presenta SECRETAR\u00cdA DE CULTURA CAPITALINA oferta art\u00edstica en estaciones del nuevo TROLEB\u00daS ELEVADO"},"content":{"rendered":"<p>[fusion_builder_container hundred_percent=&#8221;no&#8221; equal_height_columns=&#8221;no&#8221; menu_anchor=&#8221;&#8221; hide_on_mobile=&#8221;small-visibility,medium-visibility,large-visibility&#8221; class=&#8221;&#8221; id=&#8221;&#8221; background_color=&#8221;&#8221; background_image=&#8221;&#8221; background_position=&#8221;center center&#8221; background_repeat=&#8221;no-repeat&#8221; fade=&#8221;no&#8221; background_parallax=&#8221;none&#8221; parallax_speed=&#8221;0.3&#8243; video_mp4=&#8221;&#8221; video_webm=&#8221;&#8221; video_ogv=&#8221;&#8221; video_url=&#8221;&#8221; video_aspect_ratio=&#8221;16:9&#8243; video_loop=&#8221;yes&#8221; video_mute=&#8221;yes&#8221; overlay_color=&#8221;&#8221; video_preview_image=&#8221;&#8221; border_size=&#8221;&#8221; border_color=&#8221;&#8221; border_style=&#8221;solid&#8221; padding_top=&#8221;&#8221; padding_bottom=&#8221;&#8221; padding_left=&#8221;&#8221; padding_right=&#8221;&#8221;][fusion_builder_row][fusion_builder_column type=&#8221;1_1&#8243; layout=&#8221;1_1&#8243; background_position=&#8221;left top&#8221; background_color=&#8221;&#8221; border_size=&#8221;&#8221; border_color=&#8221;&#8221; border_style=&#8221;solid&#8221; border_position=&#8221;all&#8221; spacing=&#8221;yes&#8221; background_image=&#8221;&#8221; background_repeat=&#8221;no-repeat&#8221; padding_top=&#8221;&#8221; padding_right=&#8221;&#8221; padding_bottom=&#8221;&#8221; padding_left=&#8221;&#8221; margin_top=&#8221;0px&#8221; margin_bottom=&#8221;0px&#8221; class=&#8221;&#8221; id=&#8221;&#8221; animation_type=&#8221;&#8221; animation_speed=&#8221;0.3&#8243; animation_direction=&#8221;left&#8221; hide_on_mobile=&#8221;small-visibility,medium-visibility,large-visibility&#8221; center_content=&#8221;no&#8221; last=&#8221;no&#8221; min_height=&#8221;&#8221; hover_type=&#8221;none&#8221; link=&#8221;&#8221;][fusion_text]<\/p>\n<p>REDACCI\u00d3N<\/p>\n<p>\u25cf Previo al inicio de las pruebas operativas, 24 artistas circenses, m\u00fasicos y bailarines se presentaron paralelamente en seis de las 11 estaciones que integran el nuevo recorrido<\/p>\n<p>\u25cf Las y los nuevos usuarios recorrieron con alegr\u00eda, por primera vez, las estaciones donde encontraron peque\u00f1as dosis culturales durante la simulaci\u00f3n de la apertura y cierre de puertas<\/p>\n<p>Con la finalidad de darles la bienvenida y atraer a los usuarios al nuevo\u00a0<strong>Troleb\u00fas Elevado<\/strong>\u00a0y previo al arranque de sus pruebas operativas, la\u00a0<strong>Secretar\u00eda de Cultura capitalina<\/strong>\u00a0present\u00f3 este s\u00e1bado 10 de septiembre, en seis de sus 11 estaciones, una variada oferta art\u00edstica con 24 representantes del arte circense, la m\u00fasica y la danza.<\/p>\n<p>&#8220;La gente estaba muy animada, con mucha energ\u00eda, me parece muy acertado que el Gobierno reciba a los nuevos usuarios con una oferta cultural para familiarizarlos con las estaciones&#8221;, comparti\u00f3 en entrevista Iv\u00e1n Menezes, fundador de Batucada Nahui, ensamble de percusiones brasile\u00f1as que se present\u00f3 en la estaci\u00f3n Atzintl\u00ed.<\/p>\n<p>Los artistas, programados por la Direcci\u00f3n General de Vinculaci\u00f3n Cultural Comunitaria de esta secretar\u00eda, se presentaron de manera simult\u00e1nea a lo largo del nuevo trayecto que correr\u00e1 por Ermita Iztapalapa de Constituci\u00f3n de 1917 a la UACM \u201cCasa Libertad\u201d, en puntos estrat\u00e9gicos a lo largo de los 8 kil\u00f3metros de recorrido por donde circular\u00e1n unidades de cero emisiones, lo que favorecer\u00e1 al medio ambiente y a los habitantes de la alcald\u00eda Iztapalapa.<\/p>\n<p>&#8220;Muchos a\u00f1os viv\u00ed en Iztapalapa e ir y venir de Constituci\u00f3n a Santa Marta era un relajo, mucho tr\u00e1fico, y creo que ahora con esta obra todo ser\u00e1 m\u00e1s r\u00e1pido&#8221;, coment\u00f3 Eduardo Garc\u00eda &#8216;Charko Vega&#8217;, quien llev\u00f3 a Aztahuac\u00e1n una presentaci\u00f3n de freestyle que hizo mover las manos del p\u00fablico al ritmo de su hip hop.<\/p>\n<p>Desde las 09:00 horas se dieron cita la compa\u00f1\u00eda Circo para la Inclusi\u00f3n Social, quienes presentaron en la estaci\u00f3n Meyehualco un espect\u00e1culo de arte callejero circense con zancos, malabares y monociclos, as\u00ed como Duo D&#8217;2, que llevo tambi\u00e9n el arte del equilibrio, la manipulaci\u00f3n de objetos, la danza, el clown y la acrobacia a la estaci\u00f3n Iztahuatzin, as\u00ed como La Ventana de Enfrente present\u00f3 la magia del clown en Acatitl\u00e1n.<\/p>\n<p>Comparsa La Bulla traslad\u00f3 el teatro de calle con circo, m\u00fasica viva y comedia, a la estaci\u00f3n Tecoloxtitl\u00e1n, cargado de un mensaje a favor del cuidado al medio ambiente y la sana alimentaci\u00f3n. Los usuarios, que abordaron el circuito en Acahuatepec, disfrutaron desde el Troleb\u00fas la diversa oferta cultural, la cual capturaron con su celular durante los breves lapsos de permanencia en cada estaci\u00f3n, que simulaban la apertura y cierre de puertas que tendr\u00e1n las unidades en operaci\u00f3n.<\/p>\n<p>Adem\u00e1s, este domingo 11 de septiembre a las 11:00 horas durante el inicio de pruebas operativas, que encabeza la Jefa de Gobierno, Claudia Sheinbaum Pardo, se presentar\u00e1n la cantante mexicana Eugenia Le\u00f3n y la Escuela del Ballet Folkl\u00f3rico de M\u00e9xico de Amalia Hern\u00e1ndez.<\/p>\n<p>Las actividades de la Secretar\u00eda de Cultura de la Ciudad de M\u00e9xico se pueden conocer en su p\u00e1gina oficial (<a href=\"https:\/\/cultura.cdmx.gob.mx\/\">https:\/\/cultura.cdmx.gob.mx\/<\/a>), en la Cartelera Cultural de la Ciudad de M\u00e9xico y a trav\u00e9s de sus redes sociales: Facebook, Twitter, Instagram y YouTube.<\/p>\n<p>[\/fusion_text][fusion_imageframe image_id=&#8221;46624|medium&#8221; max_width=&#8221;&#8221; style_type=&#8221;&#8221; blur=&#8221;&#8221; stylecolor=&#8221;&#8221; hover_type=&#8221;none&#8221; bordersize=&#8221;&#8221; bordercolor=&#8221;&#8221; borderradius=&#8221;&#8221; align=&#8221;none&#8221; lightbox=&#8221;no&#8221; gallery_id=&#8221;&#8221; lightbox_image=&#8221;&#8221; lightbox_image_id=&#8221;&#8221; alt=&#8221;&#8221; link=&#8221;&#8221; linktarget=&#8221;_self&#8221; hide_on_mobile=&#8221;small-visibility,medium-visibility,large-visibility&#8221; class=&#8221;&#8221; id=&#8221;&#8221; animation_type=&#8221;&#8221; animation_direction=&#8221;left&#8221; animation_speed=&#8221;0.3&#8243; animation_offset=&#8221;&#8221;]https:\/\/www.bitacoracdmx.com\/wp-content\/uploads\/2022\/09\/WhatsApp-Image-2022-09-10-at-3.37.45-PM-300&#215;200.jpeg[\/fusion_imageframe][\/fusion_builder_column][\/fusion_builder_row][\/fusion_builder_container]<\/p>\n","protected":false},"excerpt":{"rendered":"<p>[fusion_builder_container hundred_percent=&#8221;no&#8221; equal_height_columns=&#8221;no&#8221; menu_anchor=&#8221;&#8221; hide_on_mobile=&#8221;small-visibility,medium-visibility,large-visibility&#8221; class=&#8221;&#8221; id=&#8221;&#8221; background_color=&#8221;&#8221; background_image=&#8221;&#8221; background_position=&#8221;center center&#8221; background_repeat=&#8221;no-repeat&#8221; fade=&#8221;no&#8221; background_parallax=&#8221;none&#8221; parallax_speed=&#8221;0.3&#8243; video_mp4=&#8221;&#8221; video_webm=&#8221;&#8221; video_ogv=&#8221;&#8221; video_url=&#8221;&#8221; video_aspect_ratio=&#8221;16:9&#8243; video_loop=&#8221;yes&#8221; video_mute=&#8221;yes&#8221; overlay_color=&#8221;&#8221; video_preview_image=&#8221;&#8221; border_size=&#8221;&#8221; border_color=&#8221;&#8221; border_style=&#8221;solid&#8221; padding_top=&#8221;&#8221; padding_bottom=&#8221;&#8221; padding_left=&#8221;&#8221; padding_right=&#8221;&#8221;][fusion_builder_row][fusion_builder_column type=&#8221;1_1&#8243; layout=&#8221;1_1&#8243; background_position=&#8221;left top&#8221; background_color=&#8221;&#8221; border_size=&#8221;&#8221; border_color=&#8221;&#8221; border_style=&#8221;solid&#8221; border_position=&#8221;all&#8221; spacing=&#8221;yes&#8221; background_image=&#8221;&#8221; background_repeat=&#8221;no-repeat&#8221; padding_top=&#8221;&#8221; padding_right=&#8221;&#8221; padding_bottom=&#8221;&#8221; padding_left=&#8221;&#8221; margin_top=&#8221;0px&#8221; margin_bottom=&#8221;0px&#8221; class=&#8221;&#8221; id=&#8221;&#8221; animation_type=&#8221;&#8221; animation_speed=&#8221;0.3&#8243; animation_direction=&#8221;left&#8221; hide_on_mobile=&#8221;small-visibility,medium-visibility,large-visibility&#8221; center_content=&#8221;no&#8221; last=&#8221;no&#8221; min_height=&#8221;&#8221; hover_type=&#8221;none&#8221; link=&#8221;&#8221;][fusion_text] REDACCI\u00d3N \u25cf Previo al inicio de las pruebas operativas, 24 artistas circenses, m\u00fasicos y bailarines se presentaron paralelamente en seis de las 11 estaciones que integran el nuevo recorrido \u25cf Las y los nuevos usuarios recorrieron con alegr\u00eda, por primera [&hellip;]<\/p>\n","protected":false},"author":1,"featured_media":46624,"comment_status":"open","ping_status":"open","sticky":false,"template":"","format":"standard","meta":{"footnotes":""},"categories":[4,9],"tags":[],"_links":{"self":[{"href":"https:\/\/www.bitacoracdmx.com\/index.php?rest_route=\/wp\/v2\/posts\/46623"}],"collection":[{"href":"https:\/\/www.bitacoracdmx.com\/index.php?rest_route=\/wp\/v2\/posts"}],"about":[{"href":"https:\/\/www.bitacoracdmx.com\/index.php?rest_route=\/wp\/v2\/types\/post"}],"author":[{"embeddable":true,"href":"https:\/\/www.bitacoracdmx.com\/index.php?rest_route=\/wp\/v2\/users\/1"}],"replies":[{"embeddable":true,"href":"https:\/\/www.bitacoracdmx.com\/index.php?rest_route=%2Fwp%2Fv2%2Fcomments&post=46623"}],"version-history":[{"count":1,"href":"https:\/\/www.bitacoracdmx.com\/index.php?rest_route=\/wp\/v2\/posts\/46623\/revisions"}],"predecessor-version":[{"id":46625,"href":"https:\/\/www.bitacoracdmx.com\/index.php?rest_route=\/wp\/v2\/posts\/46623\/revisions\/46625"}],"wp:featuredmedia":[{"embeddable":true,"href":"https:\/\/www.bitacoracdmx.com\/index.php?rest_route=\/wp\/v2\/media\/46624"}],"wp:attachment":[{"href":"https:\/\/www.bitacoracdmx.com\/index.php?rest_route=%2Fwp%2Fv2%2Fmedia&parent=46623"}],"wp:term":[{"taxonomy":"category","embeddable":true,"href":"https:\/\/www.bitacoracdmx.com\/index.php?rest_route=%2Fwp%2Fv2%2Fcategories&post=46623"},{"taxonomy":"post_tag","embeddable":true,"href":"https:\/\/www.bitacoracdmx.com\/index.php?rest_route=%2Fwp%2Fv2%2Ftags&post=46623"}],"curies":[{"name":"wp","href":"https:\/\/api.w.org\/{rel}","templated":true}]}}