{"id":46626,"date":"2022-09-11T06:13:21","date_gmt":"2022-09-11T06:13:21","guid":{"rendered":"https:\/\/www.bitacoracdmx.com\/?p=46626"},"modified":"2022-09-11T06:13:21","modified_gmt":"2022-09-11T06:13:21","slug":"trasfrontera-cu-recupera-la-tradicion-musical-de-conciertos-masivos-en-ciudad-universitaria","status":"publish","type":"post","link":"https:\/\/www.bitacoracdmx.com\/?p=46626","title":{"rendered":"TRASFRONTERA CU recupera la tradici\u00f3n musical de conciertos masivos en CIUDAD UNIVERSITARIA"},"content":{"rendered":"<p>[fusion_builder_container hundred_percent=&#8221;no&#8221; equal_height_columns=&#8221;no&#8221; menu_anchor=&#8221;&#8221; hide_on_mobile=&#8221;small-visibility,medium-visibility,large-visibility&#8221; class=&#8221;&#8221; id=&#8221;&#8221; background_color=&#8221;&#8221; background_image=&#8221;&#8221; background_position=&#8221;center center&#8221; background_repeat=&#8221;no-repeat&#8221; fade=&#8221;no&#8221; background_parallax=&#8221;none&#8221; parallax_speed=&#8221;0.3&#8243; video_mp4=&#8221;&#8221; video_webm=&#8221;&#8221; video_ogv=&#8221;&#8221; video_url=&#8221;&#8221; video_aspect_ratio=&#8221;16:9&#8243; video_loop=&#8221;yes&#8221; video_mute=&#8221;yes&#8221; overlay_color=&#8221;&#8221; video_preview_image=&#8221;&#8221; border_size=&#8221;&#8221; border_color=&#8221;&#8221; border_style=&#8221;solid&#8221; padding_top=&#8221;&#8221; padding_bottom=&#8221;&#8221; padding_left=&#8221;&#8221; padding_right=&#8221;&#8221;][fusion_builder_row][fusion_builder_column type=&#8221;1_1&#8243; layout=&#8221;1_1&#8243; background_position=&#8221;left top&#8221; background_color=&#8221;&#8221; border_size=&#8221;&#8221; border_color=&#8221;&#8221; border_style=&#8221;solid&#8221; border_position=&#8221;all&#8221; spacing=&#8221;yes&#8221; background_image=&#8221;&#8221; background_repeat=&#8221;no-repeat&#8221; padding_top=&#8221;&#8221; padding_right=&#8221;&#8221; padding_bottom=&#8221;&#8221; padding_left=&#8221;&#8221; margin_top=&#8221;0px&#8221; margin_bottom=&#8221;0px&#8221; class=&#8221;&#8221; id=&#8221;&#8221; animation_type=&#8221;&#8221; animation_speed=&#8221;0.3&#8243; animation_direction=&#8221;left&#8221; hide_on_mobile=&#8221;small-visibility,medium-visibility,large-visibility&#8221; center_content=&#8221;no&#8221; last=&#8221;no&#8221; min_height=&#8221;&#8221; hover_type=&#8221;none&#8221; link=&#8221;&#8221;][fusion_text]<\/p>\n<p>REDACCI\u00d3N<\/p>\n<p>\u25cf Seis mil personas de todas las edades disfrutaron en Las Islas de una variada propuesta musical que evoc\u00f3 el origen estudiantil de estas manifestaciones culturales que ha tenido exponentes como \u00d3scar Ch\u00e1vez, Joan Manuel Serrat y La Maldita Vecindad entre otros.<\/p>\n<p>\u25cf La bienvenida estudiantil e incitaci\u00f3n a la reapropiaci\u00f3n del espacio p\u00fablico cont\u00f3 con el proyecto sonoro de Jair Alcal\u00e1 y la banda Klezmerson, as\u00ed como la improvisaci\u00f3n de &#8220;Potencia&#8221; y &#8220;Yoiker&#8221;, actual campe\u00f3n de la Red Bull Batalla M\u00e9xico 2022.<\/p>\n<p>A manera de bienvenida al nuevo ciclo escolar para evocar la tradici\u00f3n musical de Ciudad Universitaria, la\u00a0<strong>nueva edici\u00f3n de Trasfrontera CU<\/strong>\u00a0reuni\u00f3 a p\u00fablico de todas las edades en Las Islas, a trav\u00e9s de la jornada musical que este s\u00e1bado 10 de septiembre donde conmemor\u00f3 tambi\u00e9n\u00a0<strong>los 70 a\u00f1os del inicio de la construcci\u00f3n de esta casa de estudios y el 15 aniversario de su designaci\u00f3n como Patrimonio Cultural de la Humanidad por parte de la Unesco<\/strong>.<\/p>\n<p>Ante un aforo de 6 mil personas, Carina L\u00f3pez, Jair Alcal\u00e1, Celso Duarte, la banda Klezmerson, Leika Moch\u00e1n con Gustavo Nandayapa, y Gabriel \u201cQueso\u201d Bronfman protagonizaron el cartel con sus propuestas que fluyen libremente entre el jazz, el rock, el balkan, la m\u00fasica tradicional y la improvisaci\u00f3n, a quienes se sumaron de manera intercalada talentosos representantes del\u00a0<em>beatbox, freestyle<\/em>\u00a0y\u00a0<em>breakdance<\/em>\u00a0como Yoiker, actual campe\u00f3n de la Red Bull Batalla M\u00e9xico 2022.<\/p>\n<p>Entre los actos principales, una selecci\u00f3n art\u00edstica curada por Danger AK y Ximbo, logr\u00f3 conectar con los miles de universitarios que se congregaron. Los beatboxers Station Beats pusieron las bases r\u00edtmicas con el virtuosismo de su garganta para imitar sonidos percusivos y de la tradici\u00f3n rapera; por su parte, Yoiker y Potencia mostraron la batalla de freestyle m\u00e1s destacada de la tarde, al improvisar versos con una palabra que les compartieron segundos antes.<\/p>\n<p>Asimismo, la banda Klezmerson dio muestra de su poder en la fusi\u00f3n de estilos, que pasaron del klezmer a la m\u00fasica popular mexicana, todo por el filtro de la improvisaci\u00f3n. Comandada por el violinista y tecladista Benjam\u00edn Schwartz, la agrupaci\u00f3n cont\u00f3 con la participaci\u00f3n del guitarrista estadounidense Todd Clouser.<\/p>\n<p>Tras la despedida de los masivos en Ciudad Universitaria con el \u00faltimo concierto de uno de los grandes favoritos de la comunidad universitaria, \u00d3scar Ch\u00e1vez \u2014quien comparti\u00f3 escenario en 2019 en la explanada de Rector\u00eda junto a Caetano Veloso, Inti Illimani, Fernando Delgadillo e Isabel y Tita Parra, como parte del Festival Cantares: Fiesta de la Trova y Canci\u00f3n Urbana, que organiz\u00f3 la Secretar\u00eda de Cultura capitalina\u2013, la comunidad volvi\u00f3 a dar cabida de nuevo a la m\u00fasica como fuente de comuni\u00f3n.<\/p>\n<p>La reactivaci\u00f3n musical, que cont\u00f3 con batallas de\u00a0<em>freestyle<\/em>\u00a0y\u00a0<em>breakdance<\/em>, retom\u00f3 el esp\u00edritu estudiantil que dio origen a estas manifestaciones surgidas del Consejo Estudiantil Universitario (CEU) de 1986 y 1987, per\u00edodo en el que los conciertos fueron prohibidos por Luis Echeverria desde 1973.<\/p>\n<p>En compa\u00f1\u00eda de amigos, compa\u00f1eros, pareja y familia, p\u00fablico de todas las edades se reuni\u00f3 a lo largo del jard\u00edn universitario para disfrutar de este proyecto art\u00edstico organizado por la Secretar\u00eda de Cultura de la Ciudad de M\u00e9xico, la Coordinaci\u00f3n de Difusi\u00f3n Cultural de la Universidad Nacional Aut\u00f3noma de M\u00e9xico (UNAM) y la Direcci\u00f3n General de M\u00fasica de esta casa de estudios.<\/p>\n<p>Trasfrontera CU, ahora en su primera edici\u00f3n presencial,\u00a0<strong>esfuerzo pensado por Claudia Curiel de Icaza en su paso por la Direcci\u00f3n General de M\u00fasica y actual titular de la Secretar\u00eda de Cultura capitalina<\/strong>, fue pensado para crear un archivo que pudiera dar fe del quehacer musical durante el confinamiento, ya que por medidas sanitarias muchos de los artistas tuvieron que acoplarse reduciendo el n\u00famero de instrumentos y acompa\u00f1amientos para las transmisiones.<\/p>\n<p>Lo que inici\u00f3 como un proyecto internacional, que desde su primera edici\u00f3n cont\u00f3 con talento mexicano en el c\u00e9lebre estudio Abbey Road, en Londres, se aterriz\u00f3 despu\u00e9s a un contexto latinoamericano \u201cpara ense\u00f1ar que los artistas mexicanos tienen el nivel de Marc Ribot y de John Medeski; todos nuestros artistas mexicanos tienen un alt\u00edsimo perfil\u201d, dijo la secretaria de Cultura de la Ciudad de M\u00e9xico.<\/p>\n<p>Las primeras ediciones de Trasfrontera contaron con sedes como Nueva York y Londres, en donde participaron talentos como el guitarrista Marc Ribot, la cantante y multiinstrumentista Jen Shyu, la compositora y productora Yuka Honda (Cibo Matto), el ensamble Snowtet, el productor e ingeniero de sonido Marc Urselli, entre otros.<\/p>\n<p>El concierto cont\u00f3 con el apoyo del Comit\u00e9 de An\u00e1lisis para las Intervenciones Urbanas, Arquitect\u00f3nicas y de las Ingenier\u00edas en el campus Ciudad Universitaria, as\u00ed como de la Facultad de Arquitectura de la UNAM.<\/p>\n<p>Las actividades de la Secretar\u00eda de Cultura de la Ciudad de M\u00e9xico pueden conocerse en su p\u00e1gina oficial (<a href=\"https:\/\/cultura.cdmx.gob.mx\/\">https:\/\/cultura.cdmx.gob.mx\/<\/a>), en la Cartelera Cultural de la Ciudad de M\u00e9xico y a trav\u00e9s de sus redes sociales: Facebook, Twitter, Instagram y YouTube.<\/p>\n<p>[\/fusion_text][fusion_imageframe image_id=&#8221;46627|medium&#8221; max_width=&#8221;&#8221; style_type=&#8221;&#8221; blur=&#8221;&#8221; stylecolor=&#8221;&#8221; hover_type=&#8221;none&#8221; bordersize=&#8221;&#8221; bordercolor=&#8221;&#8221; borderradius=&#8221;&#8221; align=&#8221;none&#8221; lightbox=&#8221;no&#8221; gallery_id=&#8221;&#8221; lightbox_image=&#8221;&#8221; lightbox_image_id=&#8221;&#8221; alt=&#8221;&#8221; link=&#8221;&#8221; linktarget=&#8221;_self&#8221; hide_on_mobile=&#8221;small-visibility,medium-visibility,large-visibility&#8221; class=&#8221;&#8221; id=&#8221;&#8221; animation_type=&#8221;&#8221; animation_direction=&#8221;left&#8221; animation_speed=&#8221;0.3&#8243; animation_offset=&#8221;&#8221;]https:\/\/www.bitacoracdmx.com\/wp-content\/uploads\/2022\/09\/WhatsApp-Image-2022-09-10-at-5.56.19-PM-300&#215;200.jpeg[\/fusion_imageframe][\/fusion_builder_column][\/fusion_builder_row][\/fusion_builder_container]<\/p>\n","protected":false},"excerpt":{"rendered":"<p>[fusion_builder_container hundred_percent=&#8221;no&#8221; equal_height_columns=&#8221;no&#8221; menu_anchor=&#8221;&#8221; hide_on_mobile=&#8221;small-visibility,medium-visibility,large-visibility&#8221; class=&#8221;&#8221; id=&#8221;&#8221; background_color=&#8221;&#8221; background_image=&#8221;&#8221; background_position=&#8221;center center&#8221; background_repeat=&#8221;no-repeat&#8221; fade=&#8221;no&#8221; background_parallax=&#8221;none&#8221; parallax_speed=&#8221;0.3&#8243; video_mp4=&#8221;&#8221; video_webm=&#8221;&#8221; video_ogv=&#8221;&#8221; video_url=&#8221;&#8221; video_aspect_ratio=&#8221;16:9&#8243; video_loop=&#8221;yes&#8221; video_mute=&#8221;yes&#8221; overlay_color=&#8221;&#8221; video_preview_image=&#8221;&#8221; border_size=&#8221;&#8221; border_color=&#8221;&#8221; border_style=&#8221;solid&#8221; padding_top=&#8221;&#8221; padding_bottom=&#8221;&#8221; padding_left=&#8221;&#8221; padding_right=&#8221;&#8221;][fusion_builder_row][fusion_builder_column type=&#8221;1_1&#8243; layout=&#8221;1_1&#8243; background_position=&#8221;left top&#8221; background_color=&#8221;&#8221; border_size=&#8221;&#8221; border_color=&#8221;&#8221; border_style=&#8221;solid&#8221; border_position=&#8221;all&#8221; spacing=&#8221;yes&#8221; background_image=&#8221;&#8221; background_repeat=&#8221;no-repeat&#8221; padding_top=&#8221;&#8221; padding_right=&#8221;&#8221; padding_bottom=&#8221;&#8221; padding_left=&#8221;&#8221; margin_top=&#8221;0px&#8221; margin_bottom=&#8221;0px&#8221; class=&#8221;&#8221; id=&#8221;&#8221; animation_type=&#8221;&#8221; animation_speed=&#8221;0.3&#8243; animation_direction=&#8221;left&#8221; hide_on_mobile=&#8221;small-visibility,medium-visibility,large-visibility&#8221; center_content=&#8221;no&#8221; last=&#8221;no&#8221; min_height=&#8221;&#8221; hover_type=&#8221;none&#8221; link=&#8221;&#8221;][fusion_text] REDACCI\u00d3N \u25cf Seis mil personas de todas las edades disfrutaron en Las Islas de una variada propuesta musical que evoc\u00f3 el origen estudiantil de estas manifestaciones culturales que ha tenido exponentes como \u00d3scar Ch\u00e1vez, Joan Manuel Serrat y La Maldita [&hellip;]<\/p>\n","protected":false},"author":1,"featured_media":46627,"comment_status":"open","ping_status":"open","sticky":false,"template":"","format":"standard","meta":{"footnotes":""},"categories":[9,11],"tags":[],"_links":{"self":[{"href":"https:\/\/www.bitacoracdmx.com\/index.php?rest_route=\/wp\/v2\/posts\/46626"}],"collection":[{"href":"https:\/\/www.bitacoracdmx.com\/index.php?rest_route=\/wp\/v2\/posts"}],"about":[{"href":"https:\/\/www.bitacoracdmx.com\/index.php?rest_route=\/wp\/v2\/types\/post"}],"author":[{"embeddable":true,"href":"https:\/\/www.bitacoracdmx.com\/index.php?rest_route=\/wp\/v2\/users\/1"}],"replies":[{"embeddable":true,"href":"https:\/\/www.bitacoracdmx.com\/index.php?rest_route=%2Fwp%2Fv2%2Fcomments&post=46626"}],"version-history":[{"count":2,"href":"https:\/\/www.bitacoracdmx.com\/index.php?rest_route=\/wp\/v2\/posts\/46626\/revisions"}],"predecessor-version":[{"id":46629,"href":"https:\/\/www.bitacoracdmx.com\/index.php?rest_route=\/wp\/v2\/posts\/46626\/revisions\/46629"}],"wp:featuredmedia":[{"embeddable":true,"href":"https:\/\/www.bitacoracdmx.com\/index.php?rest_route=\/wp\/v2\/media\/46627"}],"wp:attachment":[{"href":"https:\/\/www.bitacoracdmx.com\/index.php?rest_route=%2Fwp%2Fv2%2Fmedia&parent=46626"}],"wp:term":[{"taxonomy":"category","embeddable":true,"href":"https:\/\/www.bitacoracdmx.com\/index.php?rest_route=%2Fwp%2Fv2%2Fcategories&post=46626"},{"taxonomy":"post_tag","embeddable":true,"href":"https:\/\/www.bitacoracdmx.com\/index.php?rest_route=%2Fwp%2Fv2%2Ftags&post=46626"}],"curies":[{"name":"wp","href":"https:\/\/api.w.org\/{rel}","templated":true}]}}