{"id":46630,"date":"2022-09-11T06:19:41","date_gmt":"2022-09-11T06:19:41","guid":{"rendered":"https:\/\/www.bitacoracdmx.com\/?p=46630"},"modified":"2022-09-11T06:19:41","modified_gmt":"2022-09-11T06:19:41","slug":"mon-laferte-confirma-la-segunda-parte-por-mexico-de-su-gira-mundial-2022","status":"publish","type":"post","link":"https:\/\/www.bitacoracdmx.com\/?p=46630","title":{"rendered":"\u00a1MON LAFERTE Confirma la segunda parte por M\u00e9xico de su Gira Mundial 2022!"},"content":{"rendered":"<p>[fusion_builder_container hundred_percent=&#8221;no&#8221; equal_height_columns=&#8221;no&#8221; menu_anchor=&#8221;&#8221; hide_on_mobile=&#8221;small-visibility,medium-visibility,large-visibility&#8221; class=&#8221;&#8221; id=&#8221;&#8221; background_color=&#8221;&#8221; background_image=&#8221;&#8221; background_position=&#8221;center center&#8221; background_repeat=&#8221;no-repeat&#8221; fade=&#8221;no&#8221; background_parallax=&#8221;none&#8221; parallax_speed=&#8221;0.3&#8243; video_mp4=&#8221;&#8221; video_webm=&#8221;&#8221; video_ogv=&#8221;&#8221; video_url=&#8221;&#8221; video_aspect_ratio=&#8221;16:9&#8243; video_loop=&#8221;yes&#8221; video_mute=&#8221;yes&#8221; overlay_color=&#8221;&#8221; video_preview_image=&#8221;&#8221; border_size=&#8221;&#8221; border_color=&#8221;&#8221; border_style=&#8221;solid&#8221; padding_top=&#8221;&#8221; padding_bottom=&#8221;&#8221; padding_left=&#8221;&#8221; padding_right=&#8221;&#8221;][fusion_builder_row][fusion_builder_column type=&#8221;1_1&#8243; layout=&#8221;1_1&#8243; background_position=&#8221;left top&#8221; background_color=&#8221;&#8221; border_size=&#8221;&#8221; border_color=&#8221;&#8221; border_style=&#8221;solid&#8221; border_position=&#8221;all&#8221; spacing=&#8221;yes&#8221; background_image=&#8221;&#8221; background_repeat=&#8221;no-repeat&#8221; padding_top=&#8221;&#8221; padding_right=&#8221;&#8221; padding_bottom=&#8221;&#8221; padding_left=&#8221;&#8221; margin_top=&#8221;0px&#8221; margin_bottom=&#8221;0px&#8221; class=&#8221;&#8221; id=&#8221;&#8221; animation_type=&#8221;&#8221; animation_speed=&#8221;0.3&#8243; animation_direction=&#8221;left&#8221; hide_on_mobile=&#8221;small-visibility,medium-visibility,large-visibility&#8221; center_content=&#8221;no&#8221; last=&#8221;no&#8221; min_height=&#8221;&#8221; hover_type=&#8221;none&#8221; link=&#8221;&#8221;][fusion_text]<\/p>\n<p>REDACCI\u00d3N<\/p>\n<div class=\"pr-story--element-space\">\n<div class=\"pr-story-subheader\">\n<h3 class=\"pr-story--subheader text--wrap pr-font--sans\">La cantautora tambi\u00e9n complacer\u00e1 a sus fans de M\u00e9rida, Canc\u00fan, Pachuca y Tijuana, adem\u00e1s del gran cierre que tendr\u00e1 en el Auditorio Nacional<\/h3>\n<\/div>\n<\/div>\n<div class=\"pr-story--element-space\">\n<div class=\"pr-story-subheader\">\n<h3 class=\"pr-story--subheader text--wrap pr-font--sans\">Preventa Citibanamex: 13 de septiembre<\/h3>\n<\/div>\n<\/div>\n<div class=\"pr-story--element-space\">\n<div class=\"pr-story-paragraph\">\n<div class=\"pr-story--text\">La cantautora chileno-mexicana\u00a0<b>Mon Laferte<\/b>,<b>\u00a0<\/b>est\u00e1 lista para cerrar con broche de oro su\u00a0<i>Gira Mundial 2022<\/i>. Por eso, dar\u00e1 m\u00e1s alegr\u00eda a sus fans con la segunda parte de su gira por M\u00e9xico, la cual a\u00f1ade cuatro fechas, adem\u00e1s del gran cierre en la capital del pa\u00eds:<\/div>\n<div><\/div>\n<\/div>\n<\/div>\n<div class=\"pr-story--element-space\">\n<div class=\"pr-story-paragraph\">\n<div class=\"pr-story--text\"><b>25 de noviembre \u2013 M\u00e9rida \u2013 Foro GNP Seguros<\/b><\/div>\n<\/div>\n<\/div>\n<div class=\"pr-story--element-space\">\n<div class=\"pr-story-paragraph\">\n<div class=\"pr-story--text\"><b>26 de noviembre \u2013 Canc\u00fan \u2013 Plaza de Toros<\/b><\/div>\n<\/div>\n<\/div>\n<div class=\"pr-story--element-space\">\n<div class=\"pr-story-paragraph\">\n<div class=\"pr-story--text\"><b>30 de noviembre \u2013 Pachuca \u2013 Auditorio Explanada<\/b><\/div>\n<\/div>\n<\/div>\n<div class=\"pr-story--element-space\">\n<div class=\"pr-story-paragraph\">\n<div class=\"pr-story--text\"><b>2 de diciembre \u2013 Tijuana \u2013 Audiorama El Trompo<\/b><\/div>\n<\/div>\n<\/div>\n<div class=\"pr-story--element-space\">\n<div class=\"pr-story-paragraph\">\n<div class=\"pr-story--text\"><b>8 de diciembre \u2013 CDMX \u2013 Auditorio Nacional (Boletos ya a la venta)<\/b><\/div>\n<\/div>\n<\/div>\n<div class=\"pr-story--element-space\">\n<div class=\"pr-story-paragraph\">\n<div><\/div>\n<div class=\"pr-story--text\">La\u00a0<b>Preventa Citibanamex\u00a0<\/b>estar\u00e1 disponible el\u00a0<b>13 de septiembre\u00a0<\/b>a trav\u00e9s de <b>Eticket.mx\u00a0<\/b>para\u00a0<b>M\u00e9rida<\/b>,\u00a0<b>Canc\u00fan<\/b>\u00a0y\u00a0<b>Pachuca<\/b>. Para\u00a0<b>Tijuana<\/b>, a trav\u00e9s de\u00a0<b>Arema.mx<\/b>.<\/div>\n<\/div>\n<\/div>\n<div class=\"pr-story--element-space\">\n<div class=\"pr-story-paragraph\">\n<div><\/div>\n<div class=\"pr-story--text\">Este 2022 ha sido uno de los a\u00f1os m\u00e1s exitosos para\u00a0<b>Mon Laferte<\/b>, quien prepar\u00f3 una emotiva gira por m\u00faltiples ciudades de Estados Unidos, Colombia, Venezuela, Ecuador, Chile, Argentina, Per\u00fa y M\u00e9xico, con rotundos\u00a0<i>sold out<\/i>\u00a0en cada recinto en el que se ha presentado. Actualmente se encuentra de gira por Espa\u00f1a y tuvo un triunfal recital en la primera edici\u00f3n de Vive Latino Espa\u00f1a, donde se reunieron 20,000 personas.<\/div>\n<\/div>\n<\/div>\n<div class=\"pr-story--element-space\">\n<div class=\"pr-story-paragraph\">\n<div><\/div>\n<div class=\"pr-story--text\"><b>Mon es una de las artistas m\u00e1s escuchadas en M\u00e9xico y Chile, con 7 millones de oyentes mensuales en <i>streaming<\/i>.<\/b><\/div>\n<\/div>\n<\/div>\n<div class=\"pr-story--element-space\">\n<div class=\"pr-story-paragraph\">\n<div><\/div>\n<div class=\"pr-story--text\">La cantante, compositora e instrumentista, se encuentra promocionando sus m\u00e1s recientes producciones:\u00a0<i>1940 Carmen\u00a0<\/i>y\u00a0<i>SEIS<\/i>, ambos lanzados en 2021. Su \u00faltimo sencillo: \u201cAunque Te Mueras Por Volver\u201d (extra\u00eddo del disco\u00a0<i>SEIS)<\/i>, ya est\u00e1 disponible en todas las plataformas de\u00a0<i>streaming,<\/i>\u00a0y el video en YouTube ya supera los tres millones de reproducciones.\u00a0<a href=\"https:\/\/www.youtube.com\/watch?v=pmbcl0YN4lg&amp;t=18s\">\u00a1Puedes verlo aqu\u00ed!<\/a><\/div>\n<\/div>\n<\/div>\n<div class=\"pr-story--element-space\">\n<div class=\"pr-story-paragraph\">\n<div><\/div>\n<div class=\"pr-story--text\">La artista chilena m\u00e1s escuchada de la era digital salt\u00f3 a la fama con su \u00e1lbum<i>\u00a0Mon Laferte (Vol. 1\/ Edici\u00f3n Especial)<\/i>, el cual fue certificado como cu\u00e1druple Platino m\u00e1s Oro en M\u00e9xico y triple Platino digital en Chile. En 2017, sorprendi\u00f3 con una gira de 150 presentaciones por todo el mundo con localidades agotadas y, un a\u00f1o despu\u00e9s, estren\u00f3\u00a0<i>Norma<\/i>, un \u00e1lbum conceptual donde profundiza sobre las etapas en una relaci\u00f3n de pareja.<\/div>\n<\/div>\n<\/div>\n<div class=\"pr-story--element-space\">\n<div class=\"pr-story-paragraph\">\n<div><\/div>\n<div class=\"pr-story--text\">Despu\u00e9s de ofrecer conciertos por 10 ciudades de M\u00e9xico,\u00a0<b>Mon Laferte\u00a0<\/b>confirma m\u00e1s fechas para cerrar la segunda parte de su\u00a0<i>Gira Mundial 2022<\/i>. Adquiere tus boletos en la venta general a partir del 14 de septiembre<b>\u00a0<\/b>a trav\u00e9s de\u00a0<b>Eticket\u00a0<\/b>para\u00a0<b>M\u00e9rida<\/b>,\u00a0<b>Canc\u00fan<\/b>\u00a0y\u00a0<b>Pachuca<\/b>. Para\u00a0<b>Tijuana<\/b>, a trav\u00e9s de\u00a0<b>Arema Ticket<\/b>.<\/div>\n<\/div>\n<\/div>\n<p>[\/fusion_text][fusion_imageframe image_id=&#8221;46631|medium&#8221; max_width=&#8221;&#8221; style_type=&#8221;&#8221; blur=&#8221;&#8221; stylecolor=&#8221;&#8221; hover_type=&#8221;none&#8221; bordersize=&#8221;&#8221; bordercolor=&#8221;&#8221; borderradius=&#8221;&#8221; align=&#8221;none&#8221; lightbox=&#8221;no&#8221; gallery_id=&#8221;&#8221; lightbox_image=&#8221;&#8221; lightbox_image_id=&#8221;&#8221; alt=&#8221;&#8221; link=&#8221;&#8221; linktarget=&#8221;_self&#8221; hide_on_mobile=&#8221;small-visibility,medium-visibility,large-visibility&#8221; class=&#8221;&#8221; id=&#8221;&#8221; animation_type=&#8221;&#8221; animation_direction=&#8221;left&#8221; animation_speed=&#8221;0.3&#8243; animation_offset=&#8221;&#8221;]https:\/\/www.bitacoracdmx.com\/wp-content\/uploads\/2022\/09\/image_processing20220909-112969-14gcmi8-300&#215;213.jpg[\/fusion_imageframe][\/fusion_builder_column][\/fusion_builder_row][\/fusion_builder_container]<\/p>\n","protected":false},"excerpt":{"rendered":"<p>[fusion_builder_container hundred_percent=&#8221;no&#8221; equal_height_columns=&#8221;no&#8221; menu_anchor=&#8221;&#8221; hide_on_mobile=&#8221;small-visibility,medium-visibility,large-visibility&#8221; class=&#8221;&#8221; id=&#8221;&#8221; background_color=&#8221;&#8221; background_image=&#8221;&#8221; background_position=&#8221;center center&#8221; background_repeat=&#8221;no-repeat&#8221; fade=&#8221;no&#8221; background_parallax=&#8221;none&#8221; parallax_speed=&#8221;0.3&#8243; video_mp4=&#8221;&#8221; video_webm=&#8221;&#8221; video_ogv=&#8221;&#8221; video_url=&#8221;&#8221; video_aspect_ratio=&#8221;16:9&#8243; video_loop=&#8221;yes&#8221; video_mute=&#8221;yes&#8221; overlay_color=&#8221;&#8221; video_preview_image=&#8221;&#8221; border_size=&#8221;&#8221; border_color=&#8221;&#8221; border_style=&#8221;solid&#8221; padding_top=&#8221;&#8221; padding_bottom=&#8221;&#8221; padding_left=&#8221;&#8221; padding_right=&#8221;&#8221;][fusion_builder_row][fusion_builder_column type=&#8221;1_1&#8243; layout=&#8221;1_1&#8243; background_position=&#8221;left top&#8221; background_color=&#8221;&#8221; border_size=&#8221;&#8221; border_color=&#8221;&#8221; border_style=&#8221;solid&#8221; border_position=&#8221;all&#8221; spacing=&#8221;yes&#8221; background_image=&#8221;&#8221; background_repeat=&#8221;no-repeat&#8221; padding_top=&#8221;&#8221; padding_right=&#8221;&#8221; padding_bottom=&#8221;&#8221; padding_left=&#8221;&#8221; margin_top=&#8221;0px&#8221; margin_bottom=&#8221;0px&#8221; class=&#8221;&#8221; id=&#8221;&#8221; animation_type=&#8221;&#8221; animation_speed=&#8221;0.3&#8243; animation_direction=&#8221;left&#8221; hide_on_mobile=&#8221;small-visibility,medium-visibility,large-visibility&#8221; center_content=&#8221;no&#8221; last=&#8221;no&#8221; min_height=&#8221;&#8221; hover_type=&#8221;none&#8221; link=&#8221;&#8221;][fusion_text] REDACCI\u00d3N La cantautora tambi\u00e9n complacer\u00e1 a sus fans de M\u00e9rida, Canc\u00fan, Pachuca y Tijuana, adem\u00e1s del gran cierre que tendr\u00e1 en el Auditorio Nacional Preventa Citibanamex: 13 de septiembre La cantautora chileno-mexicana\u00a0Mon Laferte,\u00a0est\u00e1 lista para cerrar con broche de oro [&hellip;]<\/p>\n","protected":false},"author":1,"featured_media":46631,"comment_status":"open","ping_status":"open","sticky":false,"template":"","format":"standard","meta":{"footnotes":""},"categories":[9,11],"tags":[],"_links":{"self":[{"href":"https:\/\/www.bitacoracdmx.com\/index.php?rest_route=\/wp\/v2\/posts\/46630"}],"collection":[{"href":"https:\/\/www.bitacoracdmx.com\/index.php?rest_route=\/wp\/v2\/posts"}],"about":[{"href":"https:\/\/www.bitacoracdmx.com\/index.php?rest_route=\/wp\/v2\/types\/post"}],"author":[{"embeddable":true,"href":"https:\/\/www.bitacoracdmx.com\/index.php?rest_route=\/wp\/v2\/users\/1"}],"replies":[{"embeddable":true,"href":"https:\/\/www.bitacoracdmx.com\/index.php?rest_route=%2Fwp%2Fv2%2Fcomments&post=46630"}],"version-history":[{"count":1,"href":"https:\/\/www.bitacoracdmx.com\/index.php?rest_route=\/wp\/v2\/posts\/46630\/revisions"}],"predecessor-version":[{"id":46632,"href":"https:\/\/www.bitacoracdmx.com\/index.php?rest_route=\/wp\/v2\/posts\/46630\/revisions\/46632"}],"wp:featuredmedia":[{"embeddable":true,"href":"https:\/\/www.bitacoracdmx.com\/index.php?rest_route=\/wp\/v2\/media\/46631"}],"wp:attachment":[{"href":"https:\/\/www.bitacoracdmx.com\/index.php?rest_route=%2Fwp%2Fv2%2Fmedia&parent=46630"}],"wp:term":[{"taxonomy":"category","embeddable":true,"href":"https:\/\/www.bitacoracdmx.com\/index.php?rest_route=%2Fwp%2Fv2%2Fcategories&post=46630"},{"taxonomy":"post_tag","embeddable":true,"href":"https:\/\/www.bitacoracdmx.com\/index.php?rest_route=%2Fwp%2Fv2%2Ftags&post=46630"}],"curies":[{"name":"wp","href":"https:\/\/api.w.org\/{rel}","templated":true}]}}