{"id":46636,"date":"2022-09-12T00:51:51","date_gmt":"2022-09-12T00:51:51","guid":{"rendered":"https:\/\/www.bitacoracdmx.com\/?p=46636"},"modified":"2022-09-12T00:51:51","modified_gmt":"2022-09-12T00:51:51","slug":"regresa-papito-querido-presentando-a-la-estrella-y-primer-actor-humberto-zurita","status":"publish","type":"post","link":"https:\/\/www.bitacoracdmx.com\/?p=46636","title":{"rendered":"\u00a1REGRESA  \u2018PAPITO QUERIDO\u2019!   Presentando a la Estrella y Primer Actor:  HUMBERTO ZURITA"},"content":{"rendered":"<p>[fusion_builder_container hundred_percent=&#8221;no&#8221; equal_height_columns=&#8221;no&#8221; menu_anchor=&#8221;&#8221; hide_on_mobile=&#8221;small-visibility,medium-visibility,large-visibility&#8221; class=&#8221;&#8221; id=&#8221;&#8221; background_color=&#8221;&#8221; background_image=&#8221;&#8221; background_position=&#8221;center center&#8221; background_repeat=&#8221;no-repeat&#8221; fade=&#8221;no&#8221; background_parallax=&#8221;none&#8221; parallax_speed=&#8221;0.3&#8243; video_mp4=&#8221;&#8221; video_webm=&#8221;&#8221; video_ogv=&#8221;&#8221; video_url=&#8221;&#8221; video_aspect_ratio=&#8221;16:9&#8243; video_loop=&#8221;yes&#8221; video_mute=&#8221;yes&#8221; overlay_color=&#8221;&#8221; video_preview_image=&#8221;&#8221; border_size=&#8221;&#8221; border_color=&#8221;&#8221; border_style=&#8221;solid&#8221; padding_top=&#8221;&#8221; padding_bottom=&#8221;&#8221; padding_left=&#8221;&#8221; padding_right=&#8221;&#8221;][fusion_builder_row][fusion_builder_column type=&#8221;1_1&#8243; layout=&#8221;1_1&#8243; background_position=&#8221;left top&#8221; background_color=&#8221;&#8221; border_size=&#8221;&#8221; border_color=&#8221;&#8221; border_style=&#8221;solid&#8221; border_position=&#8221;all&#8221; spacing=&#8221;yes&#8221; background_image=&#8221;&#8221; background_repeat=&#8221;no-repeat&#8221; padding_top=&#8221;&#8221; padding_right=&#8221;&#8221; padding_bottom=&#8221;&#8221; padding_left=&#8221;&#8221; margin_top=&#8221;0px&#8221; margin_bottom=&#8221;0px&#8221; class=&#8221;&#8221; id=&#8221;&#8221; animation_type=&#8221;&#8221; animation_speed=&#8221;0.3&#8243; animation_direction=&#8221;left&#8221; hide_on_mobile=&#8221;small-visibility,medium-visibility,large-visibility&#8221; center_content=&#8221;no&#8221; last=&#8221;no&#8221; min_height=&#8221;&#8221; hover_type=&#8221;none&#8221; link=&#8221;&#8221;][fusion_text]<\/p>\n<p>REDACCI\u00d3N<\/p>\n<ul>\n<li>Una de las obras m\u00e1s taquilleras de todos los tiempos, ahora, bajo la producci\u00f3n de * Gabriel Varela. *<\/li>\n<\/ul>\n<p>Humberto, logr\u00f3 una impactante transformaci\u00f3n de un personaje femenino, * \u00a1Definitivamente, No lo reconocer\u00e1s en escena! * en donde el actor, interpreta a una mujer\u2026 a una madre ausente.<\/p>\n<p>Esta emblem\u00e1tica obra, ha sido una de las m\u00e1s taquilleras en toda la historia de M\u00e9xico, y ahora, Humberto, realiz\u00f3 una versi\u00f3n libre de \u2018Papito Querido\u2019, y de la mano del productor Gabriel Varela, la retoma, presentando un elenco multiestelar:<\/p>\n<p>* Ayl\u00edn Mujica *<br \/>\n* Otto Sirgo *<br \/>\n* V\u00edctor Gonz\u00e1lez *<br \/>\ny el debut de: Ivonne Zurita.<\/p>\n<p>Esta puesta en escena, arrancar\u00e1 gira por toda la Rep\u00fablica Mexicana, teniendo m\u00e1s de 15 ciudades confirmadas:<\/p>\n<p>* 14 octubre \/ Durango<br \/>\n* 15 octubre \/ Torre\u00f3n (Se realizar\u00e1 un Homenaje a Rogelio Luevano, descubridor de Humberto Zurita).<br \/>\n* 16 octubre \/ Monclova Coahuila<br \/>\n* 18 octubre \/ Monterrey Nuevo Le\u00f3n.<br \/>\n* 20 octubre \/ Puebla<br \/>\n* 23 octubre \/ Pachuca<br \/>\n* 25 octubre \/ Aguascalientes<br \/>\n* 26 octubre \/ Guadalajara<br \/>\n* 27 octubre\/ Zacatecas<br \/>\n* 29 octubre\/ Ciudad Acu\u00f1a, Coahuila<br \/>\n* 30 octubre \/ Piedras Negras Coahuila<\/p>\n<p>Despu\u00e9s de tres a\u00f1os, el productor y empresario, * Gabriel Varela * regresa a producir teatro con esta joya de la corona, la cual sin duda, ser\u00e1 todo un \u00e9xito, refrendando el \u00e9xito que tuvo con su gira por M\u00e9xico y Estados Unidos, con su obra: \u2018Hijas de su Madre\u2019.<br \/>\nEste nuevo montaje representa para Gabriel, su obra n\u00famero 77 como productor y 45 como actor.<\/p>\n<p>As\u00ed es que, pr\u00f3ximamente, veremos a Humberto Zurita, la gran estrella del cine, teatro y televisi\u00f3n, regresando al teatro despu\u00e9s de 10 a\u00f1os, recordando extraordinarios trabajos como: \u2018La querida del centauro\u2019, \u2018El beso de la mujer ara\u00f1a\u2019, \u2018El protagonista\u2019 y \u2018Madame Butterfly\u2019, donde realiz\u00f3 el personaje de una Geisha.<\/p>\n<p>[\/fusion_text][fusion_imageframe image_id=&#8221;46637|medium&#8221; max_width=&#8221;&#8221; style_type=&#8221;&#8221; blur=&#8221;&#8221; stylecolor=&#8221;&#8221; hover_type=&#8221;none&#8221; bordersize=&#8221;&#8221; bordercolor=&#8221;&#8221; borderradius=&#8221;&#8221; align=&#8221;none&#8221; lightbox=&#8221;no&#8221; gallery_id=&#8221;&#8221; lightbox_image=&#8221;&#8221; lightbox_image_id=&#8221;&#8221; alt=&#8221;&#8221; link=&#8221;&#8221; linktarget=&#8221;_self&#8221; hide_on_mobile=&#8221;small-visibility,medium-visibility,large-visibility&#8221; class=&#8221;&#8221; id=&#8221;&#8221; animation_type=&#8221;&#8221; animation_direction=&#8221;left&#8221; animation_speed=&#8221;0.3&#8243; animation_offset=&#8221;&#8221;]https:\/\/www.bitacoracdmx.com\/wp-content\/uploads\/2022\/09\/WhatsApp-Image-2022-09-11-at-7.42.12-PM-179&#215;300.jpeg[\/fusion_imageframe][\/fusion_builder_column][\/fusion_builder_row][\/fusion_builder_container]<\/p>\n","protected":false},"excerpt":{"rendered":"<p>[fusion_builder_container hundred_percent=&#8221;no&#8221; equal_height_columns=&#8221;no&#8221; menu_anchor=&#8221;&#8221; hide_on_mobile=&#8221;small-visibility,medium-visibility,large-visibility&#8221; class=&#8221;&#8221; id=&#8221;&#8221; background_color=&#8221;&#8221; background_image=&#8221;&#8221; background_position=&#8221;center center&#8221; background_repeat=&#8221;no-repeat&#8221; fade=&#8221;no&#8221; background_parallax=&#8221;none&#8221; parallax_speed=&#8221;0.3&#8243; video_mp4=&#8221;&#8221; video_webm=&#8221;&#8221; video_ogv=&#8221;&#8221; video_url=&#8221;&#8221; video_aspect_ratio=&#8221;16:9&#8243; video_loop=&#8221;yes&#8221; video_mute=&#8221;yes&#8221; overlay_color=&#8221;&#8221; video_preview_image=&#8221;&#8221; border_size=&#8221;&#8221; border_color=&#8221;&#8221; border_style=&#8221;solid&#8221; padding_top=&#8221;&#8221; padding_bottom=&#8221;&#8221; padding_left=&#8221;&#8221; padding_right=&#8221;&#8221;][fusion_builder_row][fusion_builder_column type=&#8221;1_1&#8243; layout=&#8221;1_1&#8243; background_position=&#8221;left top&#8221; background_color=&#8221;&#8221; border_size=&#8221;&#8221; border_color=&#8221;&#8221; border_style=&#8221;solid&#8221; border_position=&#8221;all&#8221; spacing=&#8221;yes&#8221; background_image=&#8221;&#8221; background_repeat=&#8221;no-repeat&#8221; padding_top=&#8221;&#8221; padding_right=&#8221;&#8221; padding_bottom=&#8221;&#8221; padding_left=&#8221;&#8221; margin_top=&#8221;0px&#8221; margin_bottom=&#8221;0px&#8221; class=&#8221;&#8221; id=&#8221;&#8221; animation_type=&#8221;&#8221; animation_speed=&#8221;0.3&#8243; animation_direction=&#8221;left&#8221; hide_on_mobile=&#8221;small-visibility,medium-visibility,large-visibility&#8221; center_content=&#8221;no&#8221; last=&#8221;no&#8221; min_height=&#8221;&#8221; hover_type=&#8221;none&#8221; link=&#8221;&#8221;][fusion_text] REDACCI\u00d3N Una de las obras m\u00e1s taquilleras de todos los tiempos, ahora, bajo la producci\u00f3n de * Gabriel Varela. * Humberto, logr\u00f3 una impactante transformaci\u00f3n de un personaje femenino, * \u00a1Definitivamente, No lo reconocer\u00e1s en escena! * en donde el [&hellip;]<\/p>\n","protected":false},"author":1,"featured_media":46637,"comment_status":"open","ping_status":"open","sticky":false,"template":"","format":"standard","meta":{"footnotes":""},"categories":[9,14],"tags":[],"_links":{"self":[{"href":"https:\/\/www.bitacoracdmx.com\/index.php?rest_route=\/wp\/v2\/posts\/46636"}],"collection":[{"href":"https:\/\/www.bitacoracdmx.com\/index.php?rest_route=\/wp\/v2\/posts"}],"about":[{"href":"https:\/\/www.bitacoracdmx.com\/index.php?rest_route=\/wp\/v2\/types\/post"}],"author":[{"embeddable":true,"href":"https:\/\/www.bitacoracdmx.com\/index.php?rest_route=\/wp\/v2\/users\/1"}],"replies":[{"embeddable":true,"href":"https:\/\/www.bitacoracdmx.com\/index.php?rest_route=%2Fwp%2Fv2%2Fcomments&post=46636"}],"version-history":[{"count":1,"href":"https:\/\/www.bitacoracdmx.com\/index.php?rest_route=\/wp\/v2\/posts\/46636\/revisions"}],"predecessor-version":[{"id":46638,"href":"https:\/\/www.bitacoracdmx.com\/index.php?rest_route=\/wp\/v2\/posts\/46636\/revisions\/46638"}],"wp:featuredmedia":[{"embeddable":true,"href":"https:\/\/www.bitacoracdmx.com\/index.php?rest_route=\/wp\/v2\/media\/46637"}],"wp:attachment":[{"href":"https:\/\/www.bitacoracdmx.com\/index.php?rest_route=%2Fwp%2Fv2%2Fmedia&parent=46636"}],"wp:term":[{"taxonomy":"category","embeddable":true,"href":"https:\/\/www.bitacoracdmx.com\/index.php?rest_route=%2Fwp%2Fv2%2Fcategories&post=46636"},{"taxonomy":"post_tag","embeddable":true,"href":"https:\/\/www.bitacoracdmx.com\/index.php?rest_route=%2Fwp%2Fv2%2Ftags&post=46636"}],"curies":[{"name":"wp","href":"https:\/\/api.w.org\/{rel}","templated":true}]}}