{"id":46639,"date":"2022-09-12T22:20:06","date_gmt":"2022-09-12T22:20:06","guid":{"rendered":"https:\/\/www.bitacoracdmx.com\/?p=46639"},"modified":"2022-09-13T04:53:10","modified_gmt":"2022-09-13T04:53:10","slug":"hermanando-culturas-la-guelaguetza-en-lagunillas","status":"publish","type":"post","link":"https:\/\/www.bitacoracdmx.com\/?p=46639","title":{"rendered":"Hermanando Culturas La Guelaguetza en Lagunillas"},"content":{"rendered":"<p>[fusion_builder_container hundred_percent=&#8221;no&#8221; equal_height_columns=&#8221;no&#8221; menu_anchor=&#8221;&#8221; hide_on_mobile=&#8221;small-visibility,medium-visibility,large-visibility&#8221; class=&#8221;&#8221; id=&#8221;&#8221; background_color=&#8221;&#8221; background_image=&#8221;&#8221; background_position=&#8221;center center&#8221; background_repeat=&#8221;no-repeat&#8221; fade=&#8221;no&#8221; background_parallax=&#8221;none&#8221; parallax_speed=&#8221;0.3&#8243; video_mp4=&#8221;&#8221; video_webm=&#8221;&#8221; video_ogv=&#8221;&#8221; video_url=&#8221;&#8221; video_aspect_ratio=&#8221;16:9&#8243; video_loop=&#8221;yes&#8221; video_mute=&#8221;yes&#8221; overlay_color=&#8221;&#8221; video_preview_image=&#8221;&#8221; border_size=&#8221;&#8221; border_color=&#8221;&#8221; border_style=&#8221;solid&#8221; padding_top=&#8221;&#8221; padding_bottom=&#8221;&#8221; padding_left=&#8221;&#8221; padding_right=&#8221;&#8221;][fusion_builder_row][fusion_builder_column type=&#8221;1_1&#8243; layout=&#8221;1_1&#8243; background_position=&#8221;left top&#8221; background_color=&#8221;&#8221; border_size=&#8221;&#8221; border_color=&#8221;&#8221; border_style=&#8221;solid&#8221; border_position=&#8221;all&#8221; spacing=&#8221;yes&#8221; background_image=&#8221;&#8221; background_repeat=&#8221;no-repeat&#8221; padding_top=&#8221;&#8221; padding_right=&#8221;&#8221; padding_bottom=&#8221;&#8221; padding_left=&#8221;&#8221; margin_top=&#8221;0px&#8221; margin_bottom=&#8221;0px&#8221; class=&#8221;&#8221; id=&#8221;&#8221; animation_type=&#8221;&#8221; animation_speed=&#8221;0.3&#8243; animation_direction=&#8221;left&#8221; hide_on_mobile=&#8221;small-visibility,medium-visibility,large-visibility&#8221; center_content=&#8221;no&#8221; last=&#8221;no&#8221; min_height=&#8221;&#8221; hover_type=&#8221;none&#8221; link=&#8221;&#8221;][fusion_text]<\/p>\n<p>REDACCI\u00d3N<\/p>\n<p>Fotos: Grissdelhy Coral<\/p>\n<ul>\n<li class=\"CDt4Ke zfr3Q\" dir=\"ltr\">Oaxaca llevar\u00e1 su Guelaguetza a Michoac\u00e1n<\/li>\n<li class=\"CDt4Ke zfr3Q\" dir=\"ltr\">En octubre se har\u00e1 esta fiesta de los oaxaque\u00f1os en el municipio de Lagunillas Participar\u00e1 el tenor oaxaque\u00f1o Luis Adri\u00e1n, as\u00ed como una representaci\u00f3n de cocineras tradicionales y artesanos de Oaxaca.<\/li>\n<\/ul>\n<p class=\"CDt4Ke zfr3Q\" dir=\"ltr\">En rueda de prensa, el presidente municipal de Lagunillas (Michoac\u00e1n), Octavio Ch\u00e1vez Aguirre, dio a conocer que habr\u00e1 una Guelaguetza durante las fiestas del 72\u00ba aniversario de la fundaci\u00f3n de esta localidad, que tendr\u00e1n lugar del 1 al 4 de octubre.<\/p>\n<p class=\"CDt4Ke zfr3Q\" dir=\"ltr\">Durante los cuatro dias de festejos en esta poblaci\u00f3n michoacana 14 delegaciones de Oaxaca llevar\u00e1n su Guelaguetza, que incluir\u00e1 bailes de las 8 regiones de Oaxaca y la presencia de artesanos y cocineras tradicionales.<\/p>\n<p class=\"CDt4Ke zfr3Q\" dir=\"ltr\">Ferzo Gonz\u00e1lez, coordinador del evento desde Oaxaca, confirm\u00f3 que se podr\u00e1n adquirir los productos de los artesanos, hechos de barro, madera, adem\u00e1s de los inigualables textiles. Tambi\u00e9n se podr\u00e1n probar los platillos preparados por las cocineras tradicionales y par supuesto, los licores tradicionales oaxaque\u00f1os. En este evento en Lagunillas participar\u00e1n 320 danzantes, 40 cocineras tradicionales, as\u00ed como 40 artesanos oaxaque\u00f1os.<\/p>\n<p class=\"CDt4Ke zfr3Q\" dir=\"ltr\">La Guelaguetza estar\u00e1 presente del 1 al 4 de octubre en las fiestas de Lagunillas, y todas las actividades se realizar\u00e1n en la plaza de toros y en la plaza principal de este municipio. El acceso ser\u00e1 totalmente gratis al p\u00fablico, se tendr\u00e1 un control del boletaje, el cual podr\u00e1n ser adquiridos mediante las redes sociales de Facebook e Instagram &#8220;hermanando culturas&#8221;.<\/p>\n<p class=\"CDt4Ke zfr3Q\" dir=\"ltr\">Al inicio de cada presentaci\u00f3n de la Guelaguetza nos deleitar\u00e1n con su voz artistas oaxaque\u00f1os como Patricia Alcaraz, Nylzher Flores, Abril Alexandra, Paty Pi\u00f1\u00f3n y Francisco Natera; el \u00faltimo d\u00eda, para cerrar con broche de oro, se contar\u00e1 con la presencia del tenor oaxaque\u00f1o Luis Adri\u00e1n, ganador de La Voz M\u00e9xico 2017 y El Retador 2021.<\/p>\n<p>[\/fusion_text][fusion_gallery layout=&#8221;&#8221; picture_size=&#8221;&#8221; columns=&#8221;&#8221; column_spacing=&#8221;10&#8243; gallery_masonry_grid_ratio=&#8221;&#8221; gallery_masonry_width_double=&#8221;&#8221; hover_type=&#8221;&#8221; lightbox=&#8221;yes&#8221; lightbox_content=&#8221;&#8221; bordersize=&#8221;&#8221; bordercolor=&#8221;&#8221; border_radius=&#8221;&#8221; hide_on_mobile=&#8221;small-visibility,medium-visibility,large-visibility&#8221; class=&#8221;&#8221; id=&#8221;&#8221;][fusion_gallery_image image=&#8221;https:\/\/www.bitacoracdmx.com\/wp-content\/uploads\/2022\/09\/305960937_408901701375107_3527389694373270076_n-200&#215;300.jpg&#8221; image_id=&#8221;46652|medium&#8221; link=&#8221;&#8221; linktarget=&#8221;_self&#8221; \/][fusion_gallery_image image=&#8221;https:\/\/www.bitacoracdmx.com\/wp-content\/uploads\/2022\/09\/305813286_408901544708456_2368212379723843481_n-200&#215;300.jpg&#8221; image_id=&#8221;46653|medium&#8221; link=&#8221;&#8221; linktarget=&#8221;_self&#8221; \/][fusion_gallery_image image=&#8221;https:\/\/www.bitacoracdmx.com\/wp-content\/uploads\/2022\/09\/305624446_408901518041792_133249321733739477_n-200&#215;300.jpg&#8221; image_id=&#8221;46654|medium&#8221; link=&#8221;&#8221; linktarget=&#8221;_self&#8221; \/][fusion_gallery_image image=&#8221;https:\/\/www.bitacoracdmx.com\/wp-content\/uploads\/2022\/09\/305307077_408901511375126_2602479889237501346_n-300&#215;200.jpg&#8221; image_id=&#8221;46655|medium&#8221; link=&#8221;&#8221; linktarget=&#8221;_self&#8221; \/][fusion_gallery_image image=&#8221;https:\/\/www.bitacoracdmx.com\/wp-content\/uploads\/2022\/09\/305809221_408901221375155_8170743117081509262_n-200&#215;300.jpg&#8221; image_id=&#8221;46656|medium&#8221; link=&#8221;&#8221; linktarget=&#8221;_self&#8221; \/][fusion_gallery_image image=&#8221;https:\/\/www.bitacoracdmx.com\/wp-content\/uploads\/2022\/09\/305445961_408901208041823_5695342090645704213_n-300&#215;200.jpg&#8221; image_id=&#8221;46657|medium&#8221; link=&#8221;&#8221; linktarget=&#8221;_self&#8221; \/][fusion_gallery_image image=&#8221;https:\/\/www.bitacoracdmx.com\/wp-content\/uploads\/2022\/09\/20230129123601_IMG_6381-1-300&#215;241.jpg&#8221; image_id=&#8221;46658|medium&#8221; link=&#8221;&#8221; linktarget=&#8221;_self&#8221; \/][\/fusion_gallery][\/fusion_builder_column][\/fusion_builder_row][\/fusion_builder_container]<\/p>\n","protected":false},"excerpt":{"rendered":"<p>[fusion_builder_container hundred_percent=&#8221;no&#8221; equal_height_columns=&#8221;no&#8221; menu_anchor=&#8221;&#8221; hide_on_mobile=&#8221;small-visibility,medium-visibility,large-visibility&#8221; class=&#8221;&#8221; id=&#8221;&#8221; background_color=&#8221;&#8221; background_image=&#8221;&#8221; background_position=&#8221;center center&#8221; background_repeat=&#8221;no-repeat&#8221; fade=&#8221;no&#8221; background_parallax=&#8221;none&#8221; parallax_speed=&#8221;0.3&#8243; video_mp4=&#8221;&#8221; video_webm=&#8221;&#8221; video_ogv=&#8221;&#8221; video_url=&#8221;&#8221; video_aspect_ratio=&#8221;16:9&#8243; video_loop=&#8221;yes&#8221; video_mute=&#8221;yes&#8221; overlay_color=&#8221;&#8221; video_preview_image=&#8221;&#8221; border_size=&#8221;&#8221; border_color=&#8221;&#8221; border_style=&#8221;solid&#8221; padding_top=&#8221;&#8221; padding_bottom=&#8221;&#8221; padding_left=&#8221;&#8221; padding_right=&#8221;&#8221;][fusion_builder_row][fusion_builder_column type=&#8221;1_1&#8243; layout=&#8221;1_1&#8243; background_position=&#8221;left top&#8221; background_color=&#8221;&#8221; border_size=&#8221;&#8221; border_color=&#8221;&#8221; border_style=&#8221;solid&#8221; border_position=&#8221;all&#8221; spacing=&#8221;yes&#8221; background_image=&#8221;&#8221; background_repeat=&#8221;no-repeat&#8221; padding_top=&#8221;&#8221; padding_right=&#8221;&#8221; padding_bottom=&#8221;&#8221; padding_left=&#8221;&#8221; margin_top=&#8221;0px&#8221; margin_bottom=&#8221;0px&#8221; class=&#8221;&#8221; id=&#8221;&#8221; animation_type=&#8221;&#8221; animation_speed=&#8221;0.3&#8243; animation_direction=&#8221;left&#8221; hide_on_mobile=&#8221;small-visibility,medium-visibility,large-visibility&#8221; center_content=&#8221;no&#8221; last=&#8221;no&#8221; min_height=&#8221;&#8221; hover_type=&#8221;none&#8221; link=&#8221;&#8221;][fusion_text] REDACCI\u00d3N Fotos: Grissdelhy Coral Oaxaca llevar\u00e1 su Guelaguetza a Michoac\u00e1n En octubre se har\u00e1 esta fiesta de los oaxaque\u00f1os en el municipio de Lagunillas Participar\u00e1 el tenor oaxaque\u00f1o Luis Adri\u00e1n, as\u00ed como una representaci\u00f3n de cocineras tradicionales y artesanos de [&hellip;]<\/p>\n","protected":false},"author":1,"featured_media":46655,"comment_status":"open","ping_status":"open","sticky":false,"template":"","format":"standard","meta":{"footnotes":""},"categories":[5,9,1],"tags":[],"_links":{"self":[{"href":"https:\/\/www.bitacoracdmx.com\/index.php?rest_route=\/wp\/v2\/posts\/46639"}],"collection":[{"href":"https:\/\/www.bitacoracdmx.com\/index.php?rest_route=\/wp\/v2\/posts"}],"about":[{"href":"https:\/\/www.bitacoracdmx.com\/index.php?rest_route=\/wp\/v2\/types\/post"}],"author":[{"embeddable":true,"href":"https:\/\/www.bitacoracdmx.com\/index.php?rest_route=\/wp\/v2\/users\/1"}],"replies":[{"embeddable":true,"href":"https:\/\/www.bitacoracdmx.com\/index.php?rest_route=%2Fwp%2Fv2%2Fcomments&post=46639"}],"version-history":[{"count":2,"href":"https:\/\/www.bitacoracdmx.com\/index.php?rest_route=\/wp\/v2\/posts\/46639\/revisions"}],"predecessor-version":[{"id":46666,"href":"https:\/\/www.bitacoracdmx.com\/index.php?rest_route=\/wp\/v2\/posts\/46639\/revisions\/46666"}],"wp:featuredmedia":[{"embeddable":true,"href":"https:\/\/www.bitacoracdmx.com\/index.php?rest_route=\/wp\/v2\/media\/46655"}],"wp:attachment":[{"href":"https:\/\/www.bitacoracdmx.com\/index.php?rest_route=%2Fwp%2Fv2%2Fmedia&parent=46639"}],"wp:term":[{"taxonomy":"category","embeddable":true,"href":"https:\/\/www.bitacoracdmx.com\/index.php?rest_route=%2Fwp%2Fv2%2Fcategories&post=46639"},{"taxonomy":"post_tag","embeddable":true,"href":"https:\/\/www.bitacoracdmx.com\/index.php?rest_route=%2Fwp%2Fv2%2Ftags&post=46639"}],"curies":[{"name":"wp","href":"https:\/\/api.w.org\/{rel}","templated":true}]}}