{"id":46641,"date":"2022-09-12T04:16:27","date_gmt":"2022-09-12T04:16:27","guid":{"rendered":"https:\/\/www.bitacoracdmx.com\/?p=46641"},"modified":"2022-09-12T04:16:27","modified_gmt":"2022-09-12T04:16:27","slug":"despues-de-16-anos-pepe-suarez-regresa-a-mexico-con-programa-de-internet-politicamente-incorrecto","status":"publish","type":"post","link":"https:\/\/www.bitacoracdmx.com\/?p=46641","title":{"rendered":"\u00a1DESPU\u00c9S DE 16 A\u00d1OS!  * Pepe Su\u00e1rez * Regresa a M\u00e9xico con programa de internet : Pol\u00edticamente Incorrecto"},"content":{"rendered":"<p>[fusion_builder_container hundred_percent=&#8221;no&#8221; equal_height_columns=&#8221;no&#8221; menu_anchor=&#8221;&#8221; hide_on_mobile=&#8221;small-visibility,medium-visibility,large-visibility&#8221; class=&#8221;&#8221; id=&#8221;&#8221; background_color=&#8221;&#8221; background_image=&#8221;&#8221; background_position=&#8221;center center&#8221; background_repeat=&#8221;no-repeat&#8221; fade=&#8221;no&#8221; background_parallax=&#8221;none&#8221; parallax_speed=&#8221;0.3&#8243; video_mp4=&#8221;&#8221; video_webm=&#8221;&#8221; video_ogv=&#8221;&#8221; video_url=&#8221;&#8221; video_aspect_ratio=&#8221;16:9&#8243; video_loop=&#8221;yes&#8221; video_mute=&#8221;yes&#8221; overlay_color=&#8221;&#8221; video_preview_image=&#8221;&#8221; border_size=&#8221;&#8221; border_color=&#8221;&#8221; border_style=&#8221;solid&#8221; padding_top=&#8221;&#8221; padding_bottom=&#8221;&#8221; padding_left=&#8221;&#8221; padding_right=&#8221;&#8221;][fusion_builder_row][fusion_builder_column type=&#8221;1_1&#8243; layout=&#8221;1_1&#8243; background_position=&#8221;left top&#8221; background_color=&#8221;&#8221; border_size=&#8221;&#8221; border_color=&#8221;&#8221; border_style=&#8221;solid&#8221; border_position=&#8221;all&#8221; spacing=&#8221;yes&#8221; background_image=&#8221;&#8221; background_repeat=&#8221;no-repeat&#8221; padding_top=&#8221;&#8221; padding_right=&#8221;&#8221; padding_bottom=&#8221;&#8221; padding_left=&#8221;&#8221; margin_top=&#8221;0px&#8221; margin_bottom=&#8221;0px&#8221; class=&#8221;&#8221; id=&#8221;&#8221; animation_type=&#8221;&#8221; animation_speed=&#8221;0.3&#8243; animation_direction=&#8221;left&#8221; hide_on_mobile=&#8221;small-visibility,medium-visibility,large-visibility&#8221; center_content=&#8221;no&#8221; last=&#8221;no&#8221; min_height=&#8221;&#8221; hover_type=&#8221;none&#8221; link=&#8221;&#8221;][fusion_text]<\/p>\n<p>REDACCI\u00d3N<\/p>\n<p>Presentando un pol\u00e9mico, original e inveros\u00edmil programa televisivo de comedia para las plataformas de internet, titulado * \u2018PEPE SU\u00c1REZ ES\u2026 POL\u00cdTICAMENTE INCORRECTO\u2019. *<\/p>\n<p>Proveniente de una de las familias y dinast\u00edas m\u00e1s respetadas e importantes del medio art\u00edstico, \u2018Los Su\u00e1rez\u2019, Pepe, actualmente est\u00e1 celebrando * 47 a\u00f1os de carrera art\u00edstica * y ahora, estrena un atrevido proyecto fuera de serie, donde interpreta a 17 hilarantes personajes en 16 programas, demostrando que Pepe Su\u00e1rez es\u2026<br \/>\n\u00a1Pol\u00edticamente Incorrecto!<\/p>\n<p>\u201cPEPE SU\u00c1REZ ES\u2026 POL\u00cdTICAMENTE INCORRECTO\u201d<\/p>\n<p>Para nadie es un secreto que las nuevas generaciones se han encargado de intentar acabar con la comedia y el humor cr\u00edtico. Debido a tanta sensibilidad y a ra\u00edz de un abuso sistem\u00e1tico de la libertad\/libertinaje de expresi\u00f3n en las redes sociales, es pr\u00e1cticamente imposible emitir una opini\u00f3n o siquiera escribir un comentario sin ser tremendamente apaleado por una comunidad cada vez m\u00e1s sensible, m\u00e1s intolerante y mucho m\u00e1s agresiva.<\/p>\n<p>Uno de los grupos m\u00e1s golpeados por esta intolerancia y odio ha sido la comunidad art\u00edstica que debido a su nivel de exposici\u00f3n en los medios se han vuelto objetivos claros para ser atacados incluso en sus vidas privadas y hasta en su intimidad.<\/p>\n<p>Esa exposici\u00f3n a ataques ha vuelto a muchos artistas vulnerables y nadie se ha salvado, (nos hemos salvado), de una despiadada carnicer\u00eda exhibi\u00e9ndonos como las personas que no somos, que no pensamos y que nunca se nos hubiera ocurrido ser, pero que dentro de la comunidad de internet y en medio de la vor\u00e1gine de agresividad, nos etiquetan de esa manera.<\/p>\n<p>\u201cUna mentira mil veces repetida se transforma en verdad\u201d. -Joseph Goebbels.<\/p>\n<p>En muchas de las entrevistas, actores y comediantes han comentado que evitan contar chistes, hacer bromas y evaden la comedia para no ser \u2018crucificados\u2019 en las redes sociales.<\/p>\n<p>La \u2018Generaci\u00f3n de Mazap\u00e1n\u2019 se\u00f1ala, juzga y castiga a todo aqu\u00e9l que se atreva a tener siquiera un asomo de humor diferente al que conciben correcto, porque en su visi\u00f3n y corta comprensi\u00f3n de la iron\u00eda, sarcasmo o humor negro, seguro encontrar\u00e1n que falta a alg\u00fan valor \u00e9tico, moral o religioso; e inclusive ofende por la raza, color de piel, preferencia sexual, pensamiento ideol\u00f3gico, animal, planta flor o fruto o lo que sea, todo puede ser considerado ofensivo pero una cosa es segura, sin importar lo que digas o c\u00f3mo lo digas, siempre, siempre estar\u00e1s transgrediendo algo.<\/p>\n<p>Mi muy personal respuesta ante lo que yo llamo \u2018La Santa Inquisici\u00f3n del Twitter, La Gestapo del Facebook o La SS de cualquier otra red social\u2019 ser\u00eda\u2026 \u00a1ME VALE MADREEEES!!!! Pero como mi intenci\u00f3n no es ofender la susceptibilidad de estas personas, entonces l\u00e9ase:<\/p>\n<p>\u201cPEPE SU\u00c1REZ ES\u2026. POL\u00cdTICAMENTE INCORRECTO&#8221;<\/p>\n<p>EL PROYECTO:<\/p>\n<p>PEPE SU\u00c1REZ ES\u2026 POL\u00cdTICAMENTE INCORRECTO no solo es un programa de comedia, est\u00e1 dise\u00f1ado como una peque\u00f1a empresa que dar\u00e1 trabajo a muchas personas.<\/p>\n<p>www.politicamenteincorrecto.tv<\/p>\n<p>Es la p\u00e1gina oficial del programa y en sus pesta\u00f1as encontraremos contenido e informaci\u00f3n del<br \/>\nproyecto:<\/p>\n<p>&#8211; EPISODIOS: Se actualizar\u00e1 semanalmente la p\u00e1gina con el nuevo episodio para que el p\u00fablico lo disfrute en streaming en el dispositivo, d\u00eda y horario de su elecci\u00f3n, totalmente gratuito.<\/p>\n<p>&#8211; PERSONAJES: Al dar click sobre las fotos de cada personaje, aparecen postales descargables con la informaci\u00f3n y descripci\u00f3n de cada uno de ellos.<\/p>\n<p>&#8211; SALUDOS PERSONALIZADOS: A trav\u00e9s de un simple formulario, el p\u00fablico acceder\u00e1 directamente a los personajes del programa comprando Saludos Personalizados con el mensaje que quieran que \u00e9ste les env\u00ede, sea para ellos mismos o para un obsequio, con cargo a tarjeta de cr\u00e9dito o d\u00e9bito.<\/p>\n<p>&#8211; TIENDA: Para la compra en l\u00ednea de art\u00edculos promocionales (camisetas, tazas, gorras, etc.) a elegir entre las figuras de los personajes y los 3 diferentes logotipos del programa.<\/p>\n<p>&#8211; PRENSA: Otra pesta\u00f1a tendr\u00e1 los videos, audios, publicaciones y entrevistas sobre lo que la prensa comenta del programa.<\/p>\n<p>&#8211; BACKSTAGE: Acceso en video para ver la transformaci\u00f3n y caracterizaci\u00f3n de los personajes, el c\u00f3mo se grab\u00f3 y adem\u00e1s simp\u00e1ticos bloopers de las tomas fallidas.<\/p>\n<p>&#8211; CONTACTO: La interacci\u00f3n con el p\u00fablico est\u00e1 abierta para que participen enriqueciendo el programa con sus comentarios, memes, gifs, stickers, chistes, Lords, Ladies y todo el material que quieran que aparezca en los sketches.<\/p>\n<p>&#8211; Una vez salidos al aire, los sketches ser\u00e1n re-editados para poder aparecer como chistes sueltos, en las redes sociales.<\/p>\n<p>EL PROGRAMA:<\/p>\n<p>MARQUIS ENTERTAINMENT<br \/>\nPRESENTA:<\/p>\n<p>El nuevo programa unipersonal de comedia de sketch con personajes, creado en formato televisivo para las plataformas digitales.<\/p>\n<p>PEPE SU\u00c1REZ ES\u2026 POL\u00cdTICAMENTE INCORRECTO<\/p>\n<p>17 divertidos personajes llevan a las pantallas de sus dispositivos hilarantes sketches mostr\u00e1ndonos a trav\u00e9s de la comedia, una cr\u00edtica social y pol\u00edtica de nuestra sociedad que, aunque es el reflejo de la realidad, tiene como \u00fanica finalidad el re\u00edrnos de nosotros mismos.<\/p>\n<p>CUQUITA, PEPE CHARRASCAS, Q\u2019B\u00c1RBARA, FABIANO, M\u00c1CARA, EL MIRREY, EL TALACHAS ,ANA ARTISTA,<br \/>\nLA FEDERICA, DR. CANTINFLELL,\u00a0 HERMANA SONSOLES, ESPERANCITA, LAS SU-FRIDAS,\u00a0 DON CONTRERAS ENTRE VARIOS MAS\u2026<\/p>\n<p>Idea original, Producci\u00f3n y\u00a0Direcci\u00f3n General: Pepe Su\u00e1rez.<br \/>\nCasa Productora: Marquis Entertainment Inc.<br \/>\n1\u00aa temporada: 16 programas.<br \/>\nTiempo aproximado p\/programa: 22 minutos.<br \/>\nClasificaci\u00f3n: Mayores de 16 a\u00f1os.<br \/>\nGrabado y editado en: Formato full HD H.264 formato digital.<br \/>\nCanales: \/politicamenteincorrectotv<br \/>\n@polincorrectotv<br \/>\nVisualizaci\u00f3n en: Dispositivos m\u00f3viles, (tel\u00e9fonos celulares, tabletas,<br \/>\ncomputadoras y televisores inteligentes) y a trav\u00e9s de<br \/>\nlas redes sociales.<br \/>\n@polincorrectotv<br \/>\nComentarios: Sitio web: www.politicamenteincorrecto.tv<br \/>\nEmail: comentarios@politicamenteincorrecto.tv<\/p>\n<p>[\/fusion_text][fusion_imageframe image_id=&#8221;46642|medium&#8221; max_width=&#8221;&#8221; style_type=&#8221;&#8221; blur=&#8221;&#8221; stylecolor=&#8221;&#8221; hover_type=&#8221;none&#8221; bordersize=&#8221;&#8221; bordercolor=&#8221;&#8221; borderradius=&#8221;&#8221; align=&#8221;none&#8221; lightbox=&#8221;no&#8221; gallery_id=&#8221;&#8221; lightbox_image=&#8221;&#8221; lightbox_image_id=&#8221;&#8221; alt=&#8221;&#8221; link=&#8221;&#8221; linktarget=&#8221;_self&#8221; hide_on_mobile=&#8221;small-visibility,medium-visibility,large-visibility&#8221; class=&#8221;&#8221; id=&#8221;&#8221; animation_type=&#8221;&#8221; animation_direction=&#8221;left&#8221; animation_speed=&#8221;0.3&#8243; animation_offset=&#8221;&#8221;]https:\/\/www.bitacoracdmx.com\/wp-content\/uploads\/2022\/09\/PSPI-Logo-1-1-1024&#215;576-1-300&#215;169.png[\/fusion_imageframe][\/fusion_builder_column][\/fusion_builder_row][\/fusion_builder_container]<\/p>\n","protected":false},"excerpt":{"rendered":"<p>[fusion_builder_container hundred_percent=&#8221;no&#8221; equal_height_columns=&#8221;no&#8221; menu_anchor=&#8221;&#8221; hide_on_mobile=&#8221;small-visibility,medium-visibility,large-visibility&#8221; class=&#8221;&#8221; id=&#8221;&#8221; background_color=&#8221;&#8221; background_image=&#8221;&#8221; background_position=&#8221;center center&#8221; background_repeat=&#8221;no-repeat&#8221; fade=&#8221;no&#8221; background_parallax=&#8221;none&#8221; parallax_speed=&#8221;0.3&#8243; video_mp4=&#8221;&#8221; video_webm=&#8221;&#8221; video_ogv=&#8221;&#8221; video_url=&#8221;&#8221; video_aspect_ratio=&#8221;16:9&#8243; video_loop=&#8221;yes&#8221; video_mute=&#8221;yes&#8221; overlay_color=&#8221;&#8221; video_preview_image=&#8221;&#8221; border_size=&#8221;&#8221; border_color=&#8221;&#8221; border_style=&#8221;solid&#8221; padding_top=&#8221;&#8221; padding_bottom=&#8221;&#8221; padding_left=&#8221;&#8221; padding_right=&#8221;&#8221;][fusion_builder_row][fusion_builder_column type=&#8221;1_1&#8243; layout=&#8221;1_1&#8243; background_position=&#8221;left top&#8221; background_color=&#8221;&#8221; border_size=&#8221;&#8221; border_color=&#8221;&#8221; border_style=&#8221;solid&#8221; border_position=&#8221;all&#8221; spacing=&#8221;yes&#8221; background_image=&#8221;&#8221; background_repeat=&#8221;no-repeat&#8221; padding_top=&#8221;&#8221; padding_right=&#8221;&#8221; padding_bottom=&#8221;&#8221; padding_left=&#8221;&#8221; margin_top=&#8221;0px&#8221; margin_bottom=&#8221;0px&#8221; class=&#8221;&#8221; id=&#8221;&#8221; animation_type=&#8221;&#8221; animation_speed=&#8221;0.3&#8243; animation_direction=&#8221;left&#8221; hide_on_mobile=&#8221;small-visibility,medium-visibility,large-visibility&#8221; center_content=&#8221;no&#8221; last=&#8221;no&#8221; min_height=&#8221;&#8221; hover_type=&#8221;none&#8221; link=&#8221;&#8221;][fusion_text] REDACCI\u00d3N Presentando un pol\u00e9mico, original e inveros\u00edmil programa televisivo de comedia para las plataformas de internet, titulado * \u2018PEPE SU\u00c1REZ ES\u2026 POL\u00cdTICAMENTE INCORRECTO\u2019. * Proveniente de una de las familias y dinast\u00edas m\u00e1s respetadas e importantes del medio art\u00edstico, \u2018Los [&hellip;]<\/p>\n","protected":false},"author":1,"featured_media":46642,"comment_status":"open","ping_status":"open","sticky":false,"template":"","format":"standard","meta":{"footnotes":""},"categories":[7,9],"tags":[],"_links":{"self":[{"href":"https:\/\/www.bitacoracdmx.com\/index.php?rest_route=\/wp\/v2\/posts\/46641"}],"collection":[{"href":"https:\/\/www.bitacoracdmx.com\/index.php?rest_route=\/wp\/v2\/posts"}],"about":[{"href":"https:\/\/www.bitacoracdmx.com\/index.php?rest_route=\/wp\/v2\/types\/post"}],"author":[{"embeddable":true,"href":"https:\/\/www.bitacoracdmx.com\/index.php?rest_route=\/wp\/v2\/users\/1"}],"replies":[{"embeddable":true,"href":"https:\/\/www.bitacoracdmx.com\/index.php?rest_route=%2Fwp%2Fv2%2Fcomments&post=46641"}],"version-history":[{"count":1,"href":"https:\/\/www.bitacoracdmx.com\/index.php?rest_route=\/wp\/v2\/posts\/46641\/revisions"}],"predecessor-version":[{"id":46643,"href":"https:\/\/www.bitacoracdmx.com\/index.php?rest_route=\/wp\/v2\/posts\/46641\/revisions\/46643"}],"wp:featuredmedia":[{"embeddable":true,"href":"https:\/\/www.bitacoracdmx.com\/index.php?rest_route=\/wp\/v2\/media\/46642"}],"wp:attachment":[{"href":"https:\/\/www.bitacoracdmx.com\/index.php?rest_route=%2Fwp%2Fv2%2Fmedia&parent=46641"}],"wp:term":[{"taxonomy":"category","embeddable":true,"href":"https:\/\/www.bitacoracdmx.com\/index.php?rest_route=%2Fwp%2Fv2%2Fcategories&post=46641"},{"taxonomy":"post_tag","embeddable":true,"href":"https:\/\/www.bitacoracdmx.com\/index.php?rest_route=%2Fwp%2Fv2%2Ftags&post=46641"}],"curies":[{"name":"wp","href":"https:\/\/api.w.org\/{rel}","templated":true}]}}