{"id":46660,"date":"2022-09-12T22:26:19","date_gmt":"2022-09-12T22:26:19","guid":{"rendered":"https:\/\/www.bitacoracdmx.com\/?p=46660"},"modified":"2022-09-12T22:26:19","modified_gmt":"2022-09-12T22:26:19","slug":"rupi-kaur-por-primera-vez-en-mexico-para-llenar-nuestro-espiritu-con-su-poesia","status":"publish","type":"post","link":"https:\/\/www.bitacoracdmx.com\/?p=46660","title":{"rendered":"\u00a1RUPI KAUR por primera vez en M\u00e9xico para llenar nuestro esp\u00edritu con su poes\u00eda!"},"content":{"rendered":"<p>[fusion_builder_container hundred_percent=&#8221;no&#8221; equal_height_columns=&#8221;no&#8221; menu_anchor=&#8221;&#8221; hide_on_mobile=&#8221;small-visibility,medium-visibility,large-visibility&#8221; class=&#8221;&#8221; id=&#8221;&#8221; background_color=&#8221;&#8221; background_image=&#8221;&#8221; background_position=&#8221;center center&#8221; background_repeat=&#8221;no-repeat&#8221; fade=&#8221;no&#8221; background_parallax=&#8221;none&#8221; parallax_speed=&#8221;0.3&#8243; video_mp4=&#8221;&#8221; video_webm=&#8221;&#8221; video_ogv=&#8221;&#8221; video_url=&#8221;&#8221; video_aspect_ratio=&#8221;16:9&#8243; video_loop=&#8221;yes&#8221; video_mute=&#8221;yes&#8221; overlay_color=&#8221;&#8221; video_preview_image=&#8221;&#8221; border_size=&#8221;&#8221; border_color=&#8221;&#8221; border_style=&#8221;solid&#8221; padding_top=&#8221;&#8221; padding_bottom=&#8221;&#8221; padding_left=&#8221;&#8221; padding_right=&#8221;&#8221;][fusion_builder_row][fusion_builder_column type=&#8221;1_1&#8243; layout=&#8221;1_1&#8243; background_position=&#8221;left top&#8221; background_color=&#8221;&#8221; border_size=&#8221;&#8221; border_color=&#8221;&#8221; border_style=&#8221;solid&#8221; border_position=&#8221;all&#8221; spacing=&#8221;yes&#8221; background_image=&#8221;&#8221; background_repeat=&#8221;no-repeat&#8221; padding_top=&#8221;&#8221; padding_right=&#8221;&#8221; padding_bottom=&#8221;&#8221; padding_left=&#8221;&#8221; margin_top=&#8221;0px&#8221; margin_bottom=&#8221;0px&#8221; class=&#8221;&#8221; id=&#8221;&#8221; animation_type=&#8221;&#8221; animation_speed=&#8221;0.3&#8243; animation_direction=&#8221;left&#8221; hide_on_mobile=&#8221;small-visibility,medium-visibility,large-visibility&#8221; center_content=&#8221;no&#8221; last=&#8221;no&#8221; min_height=&#8221;&#8221; hover_type=&#8221;none&#8221; link=&#8221;&#8221;][fusion_text]<\/p>\n<p>REDACCI\u00d3N<\/p>\n<div class=\"pr-story--element-space\">\n<div class=\"pr-story-subheader\">\n<h3 class=\"pr-story--subheader text--wrap pr-font--sans\">25 de enero, 2023 \u2013 Lunario del Auditorio Nacional<\/h3>\n<\/div>\n<\/div>\n<div class=\"pr-story--element-space\">\n<div class=\"pr-story-subheader\">\n<h3 class=\"pr-story--subheader text--wrap pr-font--sans\">Preventa Citibanamex: 13 de septiembre<\/h3>\n<\/div>\n<\/div>\n<div class=\"pr-story--element-space\">\n<div class=\"pr-story-paragraph\">\n<div class=\"pr-story--text\"><b>Rupi Kaur<\/b>, la estrella mundial de poes\u00eda contempor\u00e1nea confirma nuevas fechas de su\u00a0<i>World Tour\u00a0<\/i>y anuncia su primera presentaci\u00f3n en M\u00e9xico, para el\u00a0<b>25 de enero de 2023 en el Lunario del Auditorio Nacional<\/b>. Los boletos para ser parte de esta experiencia id\u00edlica estar\u00e1n disponibles el\u00a0<b>13 de septiembre\u00a0<\/b>para\u00a0<b>tarjetahabientes Citibanamex\u00a0<\/b>a trav\u00e9s de la\u00a0<b>Red Ticketmaster<\/b>.<\/div>\n<\/div>\n<\/div>\n<div class=\"pr-story--element-space\">\n<div class=\"pr-story-paragraph\">\n<div><\/div>\n<div class=\"pr-story--text\">Originaria de la India y residente de Canad\u00e1 desde los cuatro a\u00f1os,\u00a0<b>Rupi Kaur\u00a0<\/b>es una joven poeta, artista, ilustradora y performer que sali\u00f3 a la fama gracias a su valent\u00eda para exponer temas tab\u00faes a trav\u00e9s de sus redes sociales, en las cuales acumula 6 millones de seguidores.<\/div>\n<\/div>\n<\/div>\n<div class=\"pr-story--element-space\">\n<div class=\"pr-story-paragraph\">\n<div><\/div>\n<div class=\"pr-story--text\">Cuando ten\u00eda 21 a\u00f1os,\u00a0<b>Rupi\u00a0<\/b>escribi\u00f3, ilustr\u00f3 y public\u00f3 de manera independiente su primera colecci\u00f3n de poemas,\u00a0<i>milk and honey<\/i>\u00a0(2014), una profunda introspecci\u00f3n sobre el desamor, la autoestima, el abuso, la resiliencia, la migraci\u00f3n, la familia y el feminismo, que vendi\u00f3 m\u00e1s de 2.5 millones de copias y se tradujo a 25 idiomas, adem\u00e1s de mantenerse dentro de la lista\u00a0<i>Best Seller\u00a0<\/i>publicada por The New York Times durante 77 semanas.<\/div>\n<\/div>\n<\/div>\n<div class=\"pr-story--element-space\">\n<div class=\"pr-story-paragraph\">\n<div><\/div>\n<div class=\"pr-story--text\"><b>Rupi utiliza min\u00fasculas y puntos (.) en su poes\u00eda debido a que su lengua materna, Punjabi, es simple y s\u00f3lo existe un s\u00edmbolo (|) para separar ideas.<\/b><\/div>\n<\/div>\n<\/div>\n<div class=\"pr-story--element-space\">\n<div class=\"pr-story-paragraph\">\n<div><\/div>\n<div class=\"pr-story--text\">Despu\u00e9s vino\u00a0<i>the sun and her flowers<\/i>\u00a0en 2017, que vendi\u00f3 m\u00e1s de 10 millones de copias y consigui\u00f3 que toda una generaci\u00f3n se viera reflejada en sus textos f\u00e1ciles de leer, pero muy profundos en su sentir. Mientras que\u00a0<i>home body\u00a0<\/i>(2020) r\u00e1pidamente se col\u00f3 en el top de las listas de los m\u00e1s vendidos.<\/div>\n<\/div>\n<\/div>\n<div class=\"pr-story--element-space\">\n<div class=\"pr-story-paragraph\">\n<div><\/div>\n<div class=\"pr-story--text\">Ahora,\u00a0<b>Rupi<\/b>\u00a0se encuentra enfocada en su siguiente gran lanzamiento:\u00a0<i>healing through words<\/i>, cuarta colecci\u00f3n de\u00a0<b>Kaur<\/b>\u00a0que ya puedes\u00a0<a href=\"https:\/\/rupikaur.com\/pages\/healing-through-words\">pre-ordenar aqu\u00ed<\/a>. Adem\u00e1s, dar\u00e1 m\u00e1s de 50 fechas alrededor de Norteam\u00e9rica y Europa para presentar lo mejor de su trabajo. T\u00fa tambi\u00e9n puedes ser parte de esta experiencia el pr\u00f3ximo\u00a0<b>25 de enero en el Lunario del Auditorio Nacional<\/b>, en un \u00edntimo encuentro con la escritora<i>\u00a0de la d\u00e9cada<\/i>\u00a0<b>Rupi Kaur<\/b>, al adquirir tus entradas a partir del 14 de septiembre a trav\u00e9s de\u00a0<b>Ticketmaster<\/b>\u00a0y en taquillas.<\/div>\n<\/div>\n<\/div>\n<div class=\"pr-story--element-space\">\n<div class=\"pr-story-paragraph\">\n<div><\/div>\n<div class=\"pr-story--text\"><i>you are one person<\/i><\/div>\n<\/div>\n<\/div>\n<div class=\"pr-story--element-space\">\n<div class=\"pr-story-paragraph\">\n<div class=\"pr-story--text\"><i>but when you move<\/i><\/div>\n<\/div>\n<\/div>\n<div class=\"pr-story--element-space\">\n<div class=\"pr-story-paragraph\">\n<div class=\"pr-story--text\"><i>an entire community<\/i><\/div>\n<\/div>\n<\/div>\n<div class=\"pr-story--element-space\">\n<div class=\"pr-story-paragraph\">\n<div class=\"pr-story--text\"><i>walks through you<\/i><\/div>\n<\/div>\n<\/div>\n<div class=\"pr-story--element-space\">\n<div class=\"pr-story-paragraph\">\n<div class=\"pr-story--text\"><b><i>you go nowhere alone \u2013 rupi kaur<\/i><\/b><\/div>\n<\/div>\n<\/div>\n<p>[\/fusion_text][fusion_imageframe image_id=&#8221;46661|medium&#8221; max_width=&#8221;&#8221; style_type=&#8221;&#8221; blur=&#8221;&#8221; stylecolor=&#8221;&#8221; hover_type=&#8221;none&#8221; bordersize=&#8221;&#8221; bordercolor=&#8221;&#8221; borderradius=&#8221;&#8221; align=&#8221;none&#8221; lightbox=&#8221;no&#8221; gallery_id=&#8221;&#8221; lightbox_image=&#8221;&#8221; lightbox_image_id=&#8221;&#8221; alt=&#8221;&#8221; link=&#8221;&#8221; linktarget=&#8221;_self&#8221; hide_on_mobile=&#8221;small-visibility,medium-visibility,large-visibility&#8221; class=&#8221;&#8221; id=&#8221;&#8221; animation_type=&#8221;&#8221; animation_direction=&#8221;left&#8221; animation_speed=&#8221;0.3&#8243; animation_offset=&#8221;&#8221;]https:\/\/www.bitacoracdmx.com\/wp-content\/uploads\/2022\/09\/image_processing20220909-109881-ysrgad-300&#215;157.jpg[\/fusion_imageframe][\/fusion_builder_column][\/fusion_builder_row][\/fusion_builder_container]<\/p>\n","protected":false},"excerpt":{"rendered":"<p>[fusion_builder_container hundred_percent=&#8221;no&#8221; equal_height_columns=&#8221;no&#8221; menu_anchor=&#8221;&#8221; hide_on_mobile=&#8221;small-visibility,medium-visibility,large-visibility&#8221; class=&#8221;&#8221; id=&#8221;&#8221; background_color=&#8221;&#8221; background_image=&#8221;&#8221; background_position=&#8221;center center&#8221; background_repeat=&#8221;no-repeat&#8221; fade=&#8221;no&#8221; background_parallax=&#8221;none&#8221; parallax_speed=&#8221;0.3&#8243; video_mp4=&#8221;&#8221; video_webm=&#8221;&#8221; video_ogv=&#8221;&#8221; video_url=&#8221;&#8221; video_aspect_ratio=&#8221;16:9&#8243; video_loop=&#8221;yes&#8221; video_mute=&#8221;yes&#8221; overlay_color=&#8221;&#8221; video_preview_image=&#8221;&#8221; border_size=&#8221;&#8221; border_color=&#8221;&#8221; border_style=&#8221;solid&#8221; padding_top=&#8221;&#8221; padding_bottom=&#8221;&#8221; padding_left=&#8221;&#8221; padding_right=&#8221;&#8221;][fusion_builder_row][fusion_builder_column type=&#8221;1_1&#8243; layout=&#8221;1_1&#8243; background_position=&#8221;left top&#8221; background_color=&#8221;&#8221; border_size=&#8221;&#8221; border_color=&#8221;&#8221; border_style=&#8221;solid&#8221; border_position=&#8221;all&#8221; spacing=&#8221;yes&#8221; background_image=&#8221;&#8221; background_repeat=&#8221;no-repeat&#8221; padding_top=&#8221;&#8221; padding_right=&#8221;&#8221; padding_bottom=&#8221;&#8221; padding_left=&#8221;&#8221; margin_top=&#8221;0px&#8221; margin_bottom=&#8221;0px&#8221; class=&#8221;&#8221; id=&#8221;&#8221; animation_type=&#8221;&#8221; animation_speed=&#8221;0.3&#8243; animation_direction=&#8221;left&#8221; hide_on_mobile=&#8221;small-visibility,medium-visibility,large-visibility&#8221; center_content=&#8221;no&#8221; last=&#8221;no&#8221; min_height=&#8221;&#8221; hover_type=&#8221;none&#8221; link=&#8221;&#8221;][fusion_text] REDACCI\u00d3N 25 de enero, 2023 \u2013 Lunario del Auditorio Nacional Preventa Citibanamex: 13 de septiembre Rupi Kaur, la estrella mundial de poes\u00eda contempor\u00e1nea confirma nuevas fechas de su\u00a0World Tour\u00a0y anuncia su primera presentaci\u00f3n en M\u00e9xico, para el\u00a025 de enero de [&hellip;]<\/p>\n","protected":false},"author":1,"featured_media":46661,"comment_status":"open","ping_status":"open","sticky":false,"template":"","format":"standard","meta":{"footnotes":""},"categories":[5,9,10],"tags":[],"_links":{"self":[{"href":"https:\/\/www.bitacoracdmx.com\/index.php?rest_route=\/wp\/v2\/posts\/46660"}],"collection":[{"href":"https:\/\/www.bitacoracdmx.com\/index.php?rest_route=\/wp\/v2\/posts"}],"about":[{"href":"https:\/\/www.bitacoracdmx.com\/index.php?rest_route=\/wp\/v2\/types\/post"}],"author":[{"embeddable":true,"href":"https:\/\/www.bitacoracdmx.com\/index.php?rest_route=\/wp\/v2\/users\/1"}],"replies":[{"embeddable":true,"href":"https:\/\/www.bitacoracdmx.com\/index.php?rest_route=%2Fwp%2Fv2%2Fcomments&post=46660"}],"version-history":[{"count":1,"href":"https:\/\/www.bitacoracdmx.com\/index.php?rest_route=\/wp\/v2\/posts\/46660\/revisions"}],"predecessor-version":[{"id":46662,"href":"https:\/\/www.bitacoracdmx.com\/index.php?rest_route=\/wp\/v2\/posts\/46660\/revisions\/46662"}],"wp:featuredmedia":[{"embeddable":true,"href":"https:\/\/www.bitacoracdmx.com\/index.php?rest_route=\/wp\/v2\/media\/46661"}],"wp:attachment":[{"href":"https:\/\/www.bitacoracdmx.com\/index.php?rest_route=%2Fwp%2Fv2%2Fmedia&parent=46660"}],"wp:term":[{"taxonomy":"category","embeddable":true,"href":"https:\/\/www.bitacoracdmx.com\/index.php?rest_route=%2Fwp%2Fv2%2Fcategories&post=46660"},{"taxonomy":"post_tag","embeddable":true,"href":"https:\/\/www.bitacoracdmx.com\/index.php?rest_route=%2Fwp%2Fv2%2Ftags&post=46660"}],"curies":[{"name":"wp","href":"https:\/\/api.w.org\/{rel}","templated":true}]}}