{"id":46687,"date":"2022-09-13T23:40:24","date_gmt":"2022-09-13T23:40:24","guid":{"rendered":"https:\/\/www.bitacoracdmx.com\/?p=46687"},"modified":"2022-09-13T23:40:24","modified_gmt":"2022-09-13T23:40:24","slug":"la-produccion-de-cirque-musica-querida-la-celebracion-oficial-de-juan-gabriel","status":"publish","type":"post","link":"https:\/\/www.bitacoracdmx.com\/?p=46687","title":{"rendered":"\u201cLa producci\u00f3n de Cirque M\u00fasica Querida\u201d La celebraci\u00f3n oficial de Juan Gabriel"},"content":{"rendered":"<p>[fusion_builder_container hundred_percent=&#8221;no&#8221; equal_height_columns=&#8221;no&#8221; menu_anchor=&#8221;&#8221; hide_on_mobile=&#8221;small-visibility,medium-visibility,large-visibility&#8221; class=&#8221;&#8221; id=&#8221;&#8221; background_color=&#8221;&#8221; background_image=&#8221;&#8221; background_position=&#8221;center center&#8221; background_repeat=&#8221;no-repeat&#8221; fade=&#8221;no&#8221; background_parallax=&#8221;none&#8221; parallax_speed=&#8221;0.3&#8243; video_mp4=&#8221;&#8221; video_webm=&#8221;&#8221; video_ogv=&#8221;&#8221; video_url=&#8221;&#8221; video_aspect_ratio=&#8221;16:9&#8243; video_loop=&#8221;yes&#8221; video_mute=&#8221;yes&#8221; overlay_color=&#8221;&#8221; video_preview_image=&#8221;&#8221; border_size=&#8221;&#8221; border_color=&#8221;&#8221; border_style=&#8221;solid&#8221; padding_top=&#8221;&#8221; padding_bottom=&#8221;&#8221; padding_left=&#8221;&#8221; padding_right=&#8221;&#8221;][fusion_builder_row][fusion_builder_column type=&#8221;1_1&#8243; layout=&#8221;1_1&#8243; background_position=&#8221;left top&#8221; background_color=&#8221;&#8221; border_size=&#8221;&#8221; border_color=&#8221;&#8221; border_style=&#8221;solid&#8221; border_position=&#8221;all&#8221; spacing=&#8221;yes&#8221; background_image=&#8221;&#8221; background_repeat=&#8221;no-repeat&#8221; padding_top=&#8221;&#8221; padding_right=&#8221;&#8221; padding_bottom=&#8221;&#8221; padding_left=&#8221;&#8221; margin_top=&#8221;0px&#8221; margin_bottom=&#8221;0px&#8221; class=&#8221;&#8221; id=&#8221;&#8221; animation_type=&#8221;&#8221; animation_speed=&#8221;0.3&#8243; animation_direction=&#8221;left&#8221; hide_on_mobile=&#8221;small-visibility,medium-visibility,large-visibility&#8221; center_content=&#8221;no&#8221; last=&#8221;no&#8221; min_height=&#8221;&#8221; hover_type=&#8221;none&#8221; link=&#8221;&#8221;][fusion_text]<\/p>\n<p>REDACCI\u00d3N<\/p>\n<div class=\"pr-story--element-space\">\n<div class=\"pr-story-subheader\">\n<h3 class=\"pr-story--subheader text--wrap pr-font--sans\">ESTRENO 20 DE OCTUBRE DE 2022<\/h3>\n<\/div>\n<\/div>\n<div class=\"pr-story--element-space\">\n<div class=\"pr-story-subheader\">\n<h3 class=\"pr-story--subheader text--wrap pr-font--sans\">TEATRO SAN RAFAEL<\/h3>\n<\/div>\n<\/div>\n<div class=\"pr-story--element-space\">\n<div class=\"pr-story-subheader\">\n<h3 class=\"pr-story--subheader text--wrap pr-font--sans\">Preventa Citibanamex: 21 de septiembre<\/h3>\n<\/div>\n<\/div>\n<div class=\"pr-story--element-space\">\n<div class=\"pr-story-paragraph\">\n<div class=\"pr-story--text\">El mundialmente renombrado espect\u00e1culo <b>Cirque M\u00fasica<\/b>\u00a0est\u00e1 listo para engalanar el escenario del\u00a0<b>Teatro San Rafael, a partir del 20 de octubre de 2022<\/b>, con una nueva presentaci\u00f3n para honrar el brillante legado de\u00a0<b>Juan Gabriel.<\/b><\/div>\n<\/div>\n<\/div>\n<div class=\"pr-story--element-space\">\n<div class=\"pr-story-paragraph\">\n<div><\/div>\n<div class=\"pr-story--text\"><b><i>Una producci\u00f3n de Cirque M\u00fasica Querida, La Celebraci\u00f3n Oficial de Juan Gabriel<\/i>\u00a0<\/b>es el t\u00edtulo de este proyecto en el que se interpretar\u00e1 la m\u00fasica de la m\u00e1xima superestrella de M\u00e9xico en conjunto con un extraordinario show de circo, que incluir\u00e1 impresionantes actuaciones a\u00e9reas y acrob\u00e1ticas, lo que dar\u00e1 como resultado una experiencia art\u00edstica inolvidable en homenaje al recordado icono mexicano.<b>\u00a0<\/b>Los boletos para este espectacular evento estar\u00e1n disponibles en la<b>\u00a0Preventa Citibanamex el 21 de septiembre<\/b>,<b>\u00a0<\/b>por medio de\u00a0<a href=\"http:\/\/www.ticketmaster.com.mx\/\">www.ticketmaster.com.mx<\/a>\u00a0y un d\u00eda despu\u00e9s, iniciar\u00e1 la venta general.<\/div>\n<\/div>\n<\/div>\n<div class=\"pr-story--element-space\">\n<div class=\"pr-story-paragraph\">\n<div><\/div>\n<div class=\"pr-story--text\"><b><i>La producci\u00f3n de Cirque M\u00fasica Querida\u00a0<\/i><\/b>es un gran homenaje al innovador artista cuyo legado vive en los corazones de sus fan\u00e1ticos en todo el mundo; es una celebraci\u00f3n a su singular estilo, que se refleja en una impresionante producci\u00f3n de circo multisensorial, a trav\u00e9s de la cual los fan\u00e1ticos vivir\u00e1n la m\u00fasica de Juan Gabriel como nunca.<\/div>\n<\/div>\n<\/div>\n<div class=\"pr-story--element-space\">\n<div class=\"pr-story-paragraph\">\n<div><\/div>\n<div class=\"pr-story--text\">Ampliamente reconocido como el &#8220;El Divo de Ju\u00e1rez\u201d, Juan Gabriel ha vendido m\u00e1s de 150 millones de discos en todo el mundo, y muchas de sus m\u00e1s de 1,800 composiciones han sido traducidas a idiomas tan diversos como el ingl\u00e9s, turco, alem\u00e1n, franc\u00e9s, italiano, tagalo, japon\u00e9s, griego, papiamento y portugu\u00e9s. Con una carrera de m\u00e1s de cuatro d\u00e9cadas, Juan Gabriel logr\u00f3 el reconocimiento un\u00e1nime del p\u00fablico, no s\u00f3lo en su pa\u00eds natal sino en todo el mundo.<\/div>\n<\/div>\n<\/div>\n<div class=\"pr-story--element-space\">\n<div class=\"pr-story-paragraph\">\n<div><\/div>\n<div class=\"pr-story--text\">Producida por el presidente y fundador de\u00a0<b>TCG Entertainment y Cirque M\u00fasica, Stephen Cook<\/b>,\u00a0<b><i>La producci\u00f3n de Cirque M\u00fasica Querida<\/i><\/b>\u00a0fue creada por un equipo integrado por algunos de los principales visionarios de la industria, entre los que se incluye: Antoinette Di Pietropolo (coreograf\u00eda), Edgar Ibarra (direcci\u00f3n musical), Adri\u00e1n Mart\u00ednez Frausto (escenograf\u00eda), Estela Fagoaga (vestuario), Cinthia Mu\u00f1oz (maquillaje y pelucas), Charles Ford (iluminaci\u00f3n), Miguel Jim\u00e9nez (dise\u00f1o de audio), Jorge Orozco, de Toloache (dise\u00f1o de video) y Martha Herrera-Lazo Gonz\u00e1lez (dramaturgia).<\/div>\n<\/div>\n<\/div>\n<div class=\"pr-story--element-space\">\n<div class=\"pr-story-paragraph\">\n<div><\/div>\n<div class=\"pr-story--text\"><b>Stephen Cook<\/b>, presidente de\u00a0<b>TCG Entertainment<\/b>, productor de\u00a0<b>Cirque M\u00fasica<\/b>, subraya que \u201ces un honor para\u00a0<b>Cirque M\u00fasica<\/b>\u00a0trabajar con el patrimonio de Juan Gabriel para llevar esta producci\u00f3n al escenario. Entendemos la importancia de Juan Gabriel para sus fan\u00e1ticos de todo el mundo, y estamos emocionados de llevar la celebraci\u00f3n a estos admiradores. Tambi\u00e9n estamos ansiosos por trabajar con el equipo de\u00a0<b>OCESA\u00a0<\/b>en esta gran producci\u00f3n\u201d.<\/div>\n<\/div>\n<\/div>\n<div class=\"pr-story--element-space\">\n<div class=\"pr-story-paragraph\">\n<div><\/div>\n<div class=\"pr-story--text\"><b>Por su parte, Iv\u00e1n Aguilera<\/b>, hijo de Juan Gabriel, se\u00f1ala: \u201cEstoy encantado de trabajar con\u00a0<b>Cirque M\u00fasica<\/b>, para llevar esta espectacular interpretaci\u00f3n del legado de mi padre a sus fans\u201d.<\/div>\n<\/div>\n<\/div>\n<div class=\"pr-story--element-space\">\n<div class=\"pr-story-paragraph\">\n<div><\/div>\n<div class=\"pr-story--text\"><b>Cirque M\u00fasica<\/b>\u00a0se ha asociado con\u00a0<b>OCESA<\/b>, para estrenar esta experiencia en la Ciudad de M\u00e9xico, y con planes de llevarla en el futuro a otras ciudades, e incluso otros pa\u00edses. La gesti\u00f3n general de producci\u00f3n corre a cargo de Mejor Teatro, encabezada por Morris Gilbert.<\/div>\n<\/div>\n<\/div>\n<div class=\"pr-story--element-space\">\n<div class=\"pr-story-paragraph\">\n<div><\/div>\n<div class=\"pr-story--text\"><b><i>Cirque M\u00fasica Querida<\/i><\/b>,<b><i>\u00a0<\/i><\/b>es<b><i>\u00a0<\/i><\/b>una experiencia incomparable que conquistar\u00e1 al p\u00fablico a trav\u00e9s de todos los sentidos. Para obtener m\u00e1s informaci\u00f3n sobre los boletos, visite\u00a0<a href=\"http:\/\/www.cirquemusica.com\/\">www.cirquemusica.com<\/a>\u00a0o\u00a0<a href=\"http:\/\/www.ticketmaster.com.mx\/\">www.ticketmaster.com.mx<\/a>.<\/div>\n<\/div>\n<\/div>\n<p>[\/fusion_text][fusion_imageframe image_id=&#8221;46688|medium&#8221; max_width=&#8221;&#8221; style_type=&#8221;&#8221; blur=&#8221;&#8221; stylecolor=&#8221;&#8221; hover_type=&#8221;none&#8221; bordersize=&#8221;&#8221; bordercolor=&#8221;&#8221; borderradius=&#8221;&#8221; align=&#8221;none&#8221; lightbox=&#8221;no&#8221; gallery_id=&#8221;&#8221; lightbox_image=&#8221;&#8221; lightbox_image_id=&#8221;&#8221; alt=&#8221;&#8221; link=&#8221;&#8221; linktarget=&#8221;_self&#8221; hide_on_mobile=&#8221;small-visibility,medium-visibility,large-visibility&#8221; class=&#8221;&#8221; id=&#8221;&#8221; animation_type=&#8221;&#8221; animation_direction=&#8221;left&#8221; animation_speed=&#8221;0.3&#8243; animation_offset=&#8221;&#8221;]https:\/\/www.bitacoracdmx.com\/wp-content\/uploads\/2022\/09\/image_processing20220913-1675015-1f4ghj5-300&#215;150.jpg[\/fusion_imageframe][\/fusion_builder_column][\/fusion_builder_row][\/fusion_builder_container]<\/p>\n","protected":false},"excerpt":{"rendered":"<p>[fusion_builder_container hundred_percent=&#8221;no&#8221; equal_height_columns=&#8221;no&#8221; menu_anchor=&#8221;&#8221; hide_on_mobile=&#8221;small-visibility,medium-visibility,large-visibility&#8221; class=&#8221;&#8221; id=&#8221;&#8221; background_color=&#8221;&#8221; background_image=&#8221;&#8221; background_position=&#8221;center center&#8221; background_repeat=&#8221;no-repeat&#8221; fade=&#8221;no&#8221; background_parallax=&#8221;none&#8221; parallax_speed=&#8221;0.3&#8243; video_mp4=&#8221;&#8221; video_webm=&#8221;&#8221; video_ogv=&#8221;&#8221; video_url=&#8221;&#8221; video_aspect_ratio=&#8221;16:9&#8243; video_loop=&#8221;yes&#8221; video_mute=&#8221;yes&#8221; overlay_color=&#8221;&#8221; video_preview_image=&#8221;&#8221; border_size=&#8221;&#8221; border_color=&#8221;&#8221; border_style=&#8221;solid&#8221; padding_top=&#8221;&#8221; padding_bottom=&#8221;&#8221; padding_left=&#8221;&#8221; padding_right=&#8221;&#8221;][fusion_builder_row][fusion_builder_column type=&#8221;1_1&#8243; layout=&#8221;1_1&#8243; background_position=&#8221;left top&#8221; background_color=&#8221;&#8221; border_size=&#8221;&#8221; border_color=&#8221;&#8221; border_style=&#8221;solid&#8221; border_position=&#8221;all&#8221; spacing=&#8221;yes&#8221; background_image=&#8221;&#8221; background_repeat=&#8221;no-repeat&#8221; padding_top=&#8221;&#8221; padding_right=&#8221;&#8221; padding_bottom=&#8221;&#8221; padding_left=&#8221;&#8221; margin_top=&#8221;0px&#8221; margin_bottom=&#8221;0px&#8221; class=&#8221;&#8221; id=&#8221;&#8221; animation_type=&#8221;&#8221; animation_speed=&#8221;0.3&#8243; animation_direction=&#8221;left&#8221; hide_on_mobile=&#8221;small-visibility,medium-visibility,large-visibility&#8221; center_content=&#8221;no&#8221; last=&#8221;no&#8221; min_height=&#8221;&#8221; hover_type=&#8221;none&#8221; link=&#8221;&#8221;][fusion_text] REDACCI\u00d3N ESTRENO 20 DE OCTUBRE DE 2022 TEATRO SAN RAFAEL Preventa Citibanamex: 21 de septiembre El mundialmente renombrado espect\u00e1culo Cirque M\u00fasica\u00a0est\u00e1 listo para engalanar el escenario del\u00a0Teatro San Rafael, a partir del 20 de octubre de 2022, con una nueva [&hellip;]<\/p>\n","protected":false},"author":1,"featured_media":46688,"comment_status":"open","ping_status":"open","sticky":false,"template":"","format":"standard","meta":{"footnotes":""},"categories":[9,11],"tags":[],"_links":{"self":[{"href":"https:\/\/www.bitacoracdmx.com\/index.php?rest_route=\/wp\/v2\/posts\/46687"}],"collection":[{"href":"https:\/\/www.bitacoracdmx.com\/index.php?rest_route=\/wp\/v2\/posts"}],"about":[{"href":"https:\/\/www.bitacoracdmx.com\/index.php?rest_route=\/wp\/v2\/types\/post"}],"author":[{"embeddable":true,"href":"https:\/\/www.bitacoracdmx.com\/index.php?rest_route=\/wp\/v2\/users\/1"}],"replies":[{"embeddable":true,"href":"https:\/\/www.bitacoracdmx.com\/index.php?rest_route=%2Fwp%2Fv2%2Fcomments&post=46687"}],"version-history":[{"count":1,"href":"https:\/\/www.bitacoracdmx.com\/index.php?rest_route=\/wp\/v2\/posts\/46687\/revisions"}],"predecessor-version":[{"id":46689,"href":"https:\/\/www.bitacoracdmx.com\/index.php?rest_route=\/wp\/v2\/posts\/46687\/revisions\/46689"}],"wp:featuredmedia":[{"embeddable":true,"href":"https:\/\/www.bitacoracdmx.com\/index.php?rest_route=\/wp\/v2\/media\/46688"}],"wp:attachment":[{"href":"https:\/\/www.bitacoracdmx.com\/index.php?rest_route=%2Fwp%2Fv2%2Fmedia&parent=46687"}],"wp:term":[{"taxonomy":"category","embeddable":true,"href":"https:\/\/www.bitacoracdmx.com\/index.php?rest_route=%2Fwp%2Fv2%2Fcategories&post=46687"},{"taxonomy":"post_tag","embeddable":true,"href":"https:\/\/www.bitacoracdmx.com\/index.php?rest_route=%2Fwp%2Fv2%2Ftags&post=46687"}],"curies":[{"name":"wp","href":"https:\/\/api.w.org\/{rel}","templated":true}]}}