{"id":46693,"date":"2022-09-14T01:16:23","date_gmt":"2022-09-14T01:16:23","guid":{"rendered":"https:\/\/www.bitacoracdmx.com\/?p=46693"},"modified":"2022-09-14T01:16:23","modified_gmt":"2022-09-14T01:16:23","slug":"los-de-abajo-celebraran-sus-30-20-a-lo-grande-en-concierto-con-invitados-especiales-y-una-banda-sorpresa","status":"publish","type":"post","link":"https:\/\/www.bitacoracdmx.com\/?p=46693","title":{"rendered":"LOS DE ABAJO celebrar\u00e1n sus 30-20 a lo grande en concierto con invitados especiales y una banda sorpresa"},"content":{"rendered":"<p>[fusion_builder_container hundred_percent=&#8221;no&#8221; equal_height_columns=&#8221;no&#8221; menu_anchor=&#8221;&#8221; hide_on_mobile=&#8221;small-visibility,medium-visibility,large-visibility&#8221; class=&#8221;&#8221; id=&#8221;&#8221; background_color=&#8221;&#8221; background_image=&#8221;&#8221; background_position=&#8221;center center&#8221; background_repeat=&#8221;no-repeat&#8221; fade=&#8221;no&#8221; background_parallax=&#8221;none&#8221; parallax_speed=&#8221;0.3&#8243; video_mp4=&#8221;&#8221; video_webm=&#8221;&#8221; video_ogv=&#8221;&#8221; video_url=&#8221;&#8221; video_aspect_ratio=&#8221;16:9&#8243; video_loop=&#8221;yes&#8221; video_mute=&#8221;yes&#8221; overlay_color=&#8221;&#8221; video_preview_image=&#8221;&#8221; border_size=&#8221;&#8221; border_color=&#8221;&#8221; border_style=&#8221;solid&#8221; padding_top=&#8221;&#8221; padding_bottom=&#8221;&#8221; padding_left=&#8221;&#8221; padding_right=&#8221;&#8221;][fusion_builder_row][fusion_builder_column type=&#8221;1_1&#8243; layout=&#8221;1_1&#8243; background_position=&#8221;left top&#8221; background_color=&#8221;&#8221; border_size=&#8221;&#8221; border_color=&#8221;&#8221; border_style=&#8221;solid&#8221; border_position=&#8221;all&#8221; spacing=&#8221;yes&#8221; background_image=&#8221;&#8221; background_repeat=&#8221;no-repeat&#8221; padding_top=&#8221;&#8221; padding_right=&#8221;&#8221; padding_bottom=&#8221;&#8221; padding_left=&#8221;&#8221; margin_top=&#8221;0px&#8221; margin_bottom=&#8221;0px&#8221; class=&#8221;&#8221; id=&#8221;&#8221; animation_type=&#8221;&#8221; animation_speed=&#8221;0.3&#8243; animation_direction=&#8221;left&#8221; hide_on_mobile=&#8221;small-visibility,medium-visibility,large-visibility&#8221; center_content=&#8221;no&#8221; last=&#8221;no&#8221; min_height=&#8221;&#8221; hover_type=&#8221;none&#8221; link=&#8221;&#8221;][fusion_text]<\/p>\n<p>REDACCI\u00d3N<\/p>\n<ul>\n<li>30 ANIVERSARIO &#8211; 20 A\u00d1OS DEL DISCO LATIN SKA FORCE<\/li>\n<li>Latin Ska Force Fest Internacional<\/li>\n<li>Rock, Reggae, Son Jarocho, Cumbia, Ska, hasta Folk los han llevado a ser uno de los m\u00e1ximos representantes de M\u00e9xico en los Festivales de World Music del mundo<\/li>\n<\/ul>\n<p>En septiembre de 1992 Los de Abajo dieron su primer concierto en Vivo en una fiesta de aniversario del peri\u00f3dico La<br \/>\nJornada. En 2002 se edita por primera vez el disco Latin Ska Force. Este 2022 se cumplen 30 a\u00f1os de la existencia de la banda y 20 a\u00f1os de la existencia del \u00e1lbum LSF.<\/p>\n<p>30 a\u00f1os de trayectoria musical, m\u00e1s de 20 a\u00f1os girando por el mundo, galardonados por la BBC en los World Music<br \/>\nAwards, descubiertos y firmados por David Byrne. \u201cSomos embajadores de la m\u00fasica mexicana en el mundo. Conscientes de nuestras ra\u00edces y siempre en b\u00fasqueda de la experimentaci\u00f3n art\u00edstica.\u201d<\/p>\n<p>Los de Abajo es sin\u00f3nimo de m\u00fasica bailable y compromiso social. Siempre buscando dar un mensaje de igualdad social, disfrutando de la m\u00fasica. Somos el contraste de nuestra realidad mexicana encarnada en canciones. Melod\u00edas sonoras que pasan por el intercambio acad\u00e9mico y urbano, tradicional y contempor\u00e1neo, euf\u00f3rico y pac\u00edfico en un solo concierto.<\/p>\n<p>Herederos del rock mexicano y el mariachi, del mambo y la cumbia, de la m\u00fasica de protesta y de la cadencia de la m\u00fasica bailable. Los de Abajo son canciones en contra de la indiferencia social y la cr\u00edtica sin participaci\u00f3n.<\/p>\n<p>La diversidad musical as\u00ed como la inclusividad de los diferentes g\u00e9neros musicales en M\u00e9xico y el mundo no es un<br \/>\nimpedimento para la tarea art\u00edstica de la banda, por el contrario, salir de los purismos musicales es parte del trabajo<br \/>\nrealizado por Los de Abajo a trav\u00e9s de estos 30 a\u00f1os. La eclecticidad intr\u00ednseca de la banda como reflejo de la sociedad mexicana en su propia m\u00fasica.<\/p>\n<p>Para celebrar este doble aniversario de nombre: Los de Abajo 30-20! (Latin Ska Force Festival Internacional) se ha<br \/>\npropuesto un elenco musical en el cual se refleja la misma diversidad de la banda. Para unificar este gran festejo por primera vez en la historia de Los de Abajo, se interpretar\u00e1 el disco Latin Ska Force en su totalidad, con grandes invitados especiales: amigos que los han acompa\u00f1ado a lo largo de su carrera, por si fuera poco el show ser\u00e1 orquestado por una big band, 24 m\u00fasicos en escena, un show nunca antes visto.<\/p>\n<p>El festival comenzar\u00e1 desde las 12pm en el Deportivo Vivanco de la Alcald\u00eda Tlalpan con direcci\u00f3n Calle Moneda 64, Tlalpan Centro I, Tlalpan, 14000 Ciudad de M\u00e9xico, CDMX y estar\u00e1 conformado por los siguientes artistas:<\/p>\n<p>Mustard Plug (Grand Rapids, USA), Golden Ganga (Guadalajara), Los Cojolites (ganadores de 1 grammy), la legendaria banda Three Souls in my Mind, el espect\u00e1culo de luces y musical Sonido Dengue, Chino y su Gala (ex-vocalista de Sal\u00f3n Victoria y Los Victorios), Neto Ganga, Pino Estramb\u00f3tico, Royal Club, el reencuentro de P\u00e1nico Latino, la ic\u00f3nica banda de rock urbano Sam Sam, el reggae de Nacho Miller y la Hermandad Rasta, Nosotros los Rockers banda de rockabilly conformada Quique Cadillac de los Black Jacks, Checo de los Rebeldes Locos, Ace de los Lun\u00e1ticos y Any de Los Gatos, los Minions, el surf de Ultramarinos y una gran banda sorpresa que se destapar\u00e1 en los pr\u00f3ximos d\u00edas.<\/p>\n<p>Contando con las medidas de higiene y de seguridad necesaria, instalaciones de comida y pantalla repetidora adem\u00e1s de actividades deportivas y culturales de 9 a 12 pm el costo de recuperaci\u00f3n es de $150 mxn (+ gastos de boletera)<\/p>\n<p>\u00a1Esperamos que nos acompa\u00f1en a festejar estos 30:20!<\/p>\n<p>[\/fusion_text][fusion_imageframe image_id=&#8221;46694|medium&#8221; max_width=&#8221;&#8221; style_type=&#8221;&#8221; blur=&#8221;&#8221; stylecolor=&#8221;&#8221; hover_type=&#8221;none&#8221; bordersize=&#8221;&#8221; bordercolor=&#8221;&#8221; borderradius=&#8221;&#8221; align=&#8221;none&#8221; lightbox=&#8221;no&#8221; gallery_id=&#8221;&#8221; lightbox_image=&#8221;&#8221; lightbox_image_id=&#8221;&#8221; alt=&#8221;&#8221; link=&#8221;&#8221; linktarget=&#8221;_self&#8221; hide_on_mobile=&#8221;small-visibility,medium-visibility,large-visibility&#8221; class=&#8221;&#8221; id=&#8221;&#8221; animation_type=&#8221;&#8221; animation_direction=&#8221;left&#8221; animation_speed=&#8221;0.3&#8243; animation_offset=&#8221;&#8221;]https:\/\/www.bitacoracdmx.com\/wp-content\/uploads\/2022\/09\/WhatsApp-Image-2022-09-12-at-10.46.37-AM-243&#215;300.jpeg[\/fusion_imageframe][\/fusion_builder_column][\/fusion_builder_row][\/fusion_builder_container]<\/p>\n","protected":false},"excerpt":{"rendered":"<p>[fusion_builder_container hundred_percent=&#8221;no&#8221; equal_height_columns=&#8221;no&#8221; menu_anchor=&#8221;&#8221; hide_on_mobile=&#8221;small-visibility,medium-visibility,large-visibility&#8221; class=&#8221;&#8221; id=&#8221;&#8221; background_color=&#8221;&#8221; background_image=&#8221;&#8221; background_position=&#8221;center center&#8221; background_repeat=&#8221;no-repeat&#8221; fade=&#8221;no&#8221; background_parallax=&#8221;none&#8221; parallax_speed=&#8221;0.3&#8243; video_mp4=&#8221;&#8221; video_webm=&#8221;&#8221; video_ogv=&#8221;&#8221; video_url=&#8221;&#8221; video_aspect_ratio=&#8221;16:9&#8243; video_loop=&#8221;yes&#8221; video_mute=&#8221;yes&#8221; overlay_color=&#8221;&#8221; video_preview_image=&#8221;&#8221; border_size=&#8221;&#8221; border_color=&#8221;&#8221; border_style=&#8221;solid&#8221; padding_top=&#8221;&#8221; padding_bottom=&#8221;&#8221; padding_left=&#8221;&#8221; padding_right=&#8221;&#8221;][fusion_builder_row][fusion_builder_column type=&#8221;1_1&#8243; layout=&#8221;1_1&#8243; background_position=&#8221;left top&#8221; background_color=&#8221;&#8221; border_size=&#8221;&#8221; border_color=&#8221;&#8221; border_style=&#8221;solid&#8221; border_position=&#8221;all&#8221; spacing=&#8221;yes&#8221; background_image=&#8221;&#8221; background_repeat=&#8221;no-repeat&#8221; padding_top=&#8221;&#8221; padding_right=&#8221;&#8221; padding_bottom=&#8221;&#8221; padding_left=&#8221;&#8221; margin_top=&#8221;0px&#8221; margin_bottom=&#8221;0px&#8221; class=&#8221;&#8221; id=&#8221;&#8221; animation_type=&#8221;&#8221; animation_speed=&#8221;0.3&#8243; animation_direction=&#8221;left&#8221; hide_on_mobile=&#8221;small-visibility,medium-visibility,large-visibility&#8221; center_content=&#8221;no&#8221; last=&#8221;no&#8221; min_height=&#8221;&#8221; hover_type=&#8221;none&#8221; link=&#8221;&#8221;][fusion_text] REDACCI\u00d3N 30 ANIVERSARIO &#8211; 20 A\u00d1OS DEL DISCO LATIN SKA FORCE Latin Ska Force Fest Internacional Rock, Reggae, Son Jarocho, Cumbia, Ska, hasta Folk los han llevado a ser uno de los m\u00e1ximos representantes de M\u00e9xico en los Festivales de [&hellip;]<\/p>\n","protected":false},"author":1,"featured_media":46694,"comment_status":"open","ping_status":"open","sticky":false,"template":"","format":"standard","meta":{"footnotes":""},"categories":[9,11],"tags":[],"_links":{"self":[{"href":"https:\/\/www.bitacoracdmx.com\/index.php?rest_route=\/wp\/v2\/posts\/46693"}],"collection":[{"href":"https:\/\/www.bitacoracdmx.com\/index.php?rest_route=\/wp\/v2\/posts"}],"about":[{"href":"https:\/\/www.bitacoracdmx.com\/index.php?rest_route=\/wp\/v2\/types\/post"}],"author":[{"embeddable":true,"href":"https:\/\/www.bitacoracdmx.com\/index.php?rest_route=\/wp\/v2\/users\/1"}],"replies":[{"embeddable":true,"href":"https:\/\/www.bitacoracdmx.com\/index.php?rest_route=%2Fwp%2Fv2%2Fcomments&post=46693"}],"version-history":[{"count":1,"href":"https:\/\/www.bitacoracdmx.com\/index.php?rest_route=\/wp\/v2\/posts\/46693\/revisions"}],"predecessor-version":[{"id":46695,"href":"https:\/\/www.bitacoracdmx.com\/index.php?rest_route=\/wp\/v2\/posts\/46693\/revisions\/46695"}],"wp:featuredmedia":[{"embeddable":true,"href":"https:\/\/www.bitacoracdmx.com\/index.php?rest_route=\/wp\/v2\/media\/46694"}],"wp:attachment":[{"href":"https:\/\/www.bitacoracdmx.com\/index.php?rest_route=%2Fwp%2Fv2%2Fmedia&parent=46693"}],"wp:term":[{"taxonomy":"category","embeddable":true,"href":"https:\/\/www.bitacoracdmx.com\/index.php?rest_route=%2Fwp%2Fv2%2Fcategories&post=46693"},{"taxonomy":"post_tag","embeddable":true,"href":"https:\/\/www.bitacoracdmx.com\/index.php?rest_route=%2Fwp%2Fv2%2Ftags&post=46693"}],"curies":[{"name":"wp","href":"https:\/\/api.w.org\/{rel}","templated":true}]}}