{"id":46951,"date":"2022-09-28T02:24:25","date_gmt":"2022-09-28T02:24:25","guid":{"rendered":"https:\/\/www.bitacoracdmx.com\/?p=46951"},"modified":"2022-09-28T02:24:25","modified_gmt":"2022-09-28T02:24:25","slug":"william-valdes-hace-su-debut-musical-con-playa-en-la-ciudad-sencillo-que-expresa-cien-por-ciento-sus-raices-caribenas","status":"publish","type":"post","link":"https:\/\/www.bitacoracdmx.com\/?p=46951","title":{"rendered":"William Vald\u00e9s, hace su debut musical con Playa en la Ciudad, sencillo que expresa cien por ciento sus ra\u00edces caribe\u00f1as"},"content":{"rendered":"<p>[fusion_builder_container hundred_percent=&#8221;no&#8221; equal_height_columns=&#8221;no&#8221; menu_anchor=&#8221;&#8221; hide_on_mobile=&#8221;small-visibility,medium-visibility,large-visibility&#8221; class=&#8221;&#8221; id=&#8221;&#8221; background_color=&#8221;&#8221; background_image=&#8221;&#8221; background_position=&#8221;center center&#8221; background_repeat=&#8221;no-repeat&#8221; fade=&#8221;no&#8221; background_parallax=&#8221;none&#8221; parallax_speed=&#8221;0.3&#8243; video_mp4=&#8221;&#8221; video_webm=&#8221;&#8221; video_ogv=&#8221;&#8221; video_url=&#8221;&#8221; video_aspect_ratio=&#8221;16:9&#8243; video_loop=&#8221;yes&#8221; video_mute=&#8221;yes&#8221; overlay_color=&#8221;&#8221; video_preview_image=&#8221;&#8221; border_size=&#8221;&#8221; border_color=&#8221;&#8221; border_style=&#8221;solid&#8221; padding_top=&#8221;&#8221; padding_bottom=&#8221;&#8221; padding_left=&#8221;&#8221; padding_right=&#8221;&#8221;][fusion_builder_row][fusion_builder_column type=&#8221;1_1&#8243; layout=&#8221;1_1&#8243; background_position=&#8221;left top&#8221; background_color=&#8221;&#8221; border_size=&#8221;&#8221; border_color=&#8221;&#8221; border_style=&#8221;solid&#8221; border_position=&#8221;all&#8221; spacing=&#8221;yes&#8221; background_image=&#8221;&#8221; background_repeat=&#8221;no-repeat&#8221; padding_top=&#8221;&#8221; padding_right=&#8221;&#8221; padding_bottom=&#8221;&#8221; padding_left=&#8221;&#8221; margin_top=&#8221;0px&#8221; margin_bottom=&#8221;0px&#8221; class=&#8221;&#8221; id=&#8221;&#8221; animation_type=&#8221;&#8221; animation_speed=&#8221;0.3&#8243; animation_direction=&#8221;left&#8221; hide_on_mobile=&#8221;small-visibility,medium-visibility,large-visibility&#8221; center_content=&#8221;no&#8221; last=&#8221;no&#8221; min_height=&#8221;&#8221; hover_type=&#8221;none&#8221; link=&#8221;&#8221;][fusion_text]<\/p>\n<p>REDACCI\u00d3N<\/p>\n<p dir=\"ltr\">Con letra y producci\u00f3n de Kalimba Marichal, William Vald\u00e9s, hace su debut musical hoy 22 de septiembre, con un tema que expresa cien por ciento sus ra\u00edces caribe\u00f1as y cumple al actor y conductor, el sue\u00f1o de llegar a sus seguidores a trav\u00e9s del canto y la melod\u00eda. Playa en la ciudad est\u00e1 pensada en impulsar a esos amores que se mantienen en secreto, a dar el paso a la felicidad:<\/p>\n<p dir=\"ltr\">\u201cEsta canci\u00f3n refleja esa frescura que la gente percibe en m\u00ed, ense\u00f1a juventud, un poco de fiesta, que a m\u00ed me encanta porque soy del caribe, de alguna u otra manera muestra, mis ra\u00edces caribe\u00f1as, porque tiene much\u00edsimo color y adem\u00e1s un gran mensaje: T\u00fa puedes hacer la fiesta, donde est\u00e9 el amor de tu vida, y si est\u00e1s en la ciudad, puedes hacer una playa en la ciudad y adem\u00e1s el video tambi\u00e9n lo manifiesta muy bien\u201d, dice William Vald\u00e9s.<\/p>\n<p dir=\"ltr\">Trabajar con Kalimba fue una experiencia \u00fanica, una explosi\u00f3n de creatividad, confirma el originario de Cuba: \u201cEs un artista s\u00faper preparado, sabe mucho de la industria, me he dejado guiar por \u00e9l, me ha ayudado much\u00edsimo, estuvo en la sesi\u00f3n de grabaci\u00f3n de la canci\u00f3n, est\u00e1 detr\u00e1s de todo el trabajo que viene haciendo todo el management, es un tipo que tiene unas ideas espectaculares y aparte s\u00faper talentoso, estoy muy contento de estar bajo el ala de Kalimba, qui\u00e9n me est\u00e1 guiando a trav\u00e9s de este proyecto, que cuando le di la idea, le encant\u00f3 y le ha ido agregando much\u00edsimas cosas que no estaban en mi cabeza\u201d.<\/p>\n<p dir=\"ltr\">Como en todos sus proyectos, el tambi\u00e9n actor de teatro musical, pone todo su empe\u00f1o y cari\u00f1o; Playa En La Ciudad, no es la excepci\u00f3n: \u201cNo puedo creer que ya qued\u00f3, soy yo, es la canci\u00f3n y lo mismo me pas\u00f3 con el video, cuando lo vi dije no lo puedo creer. Es una sensaci\u00f3n de tener una meta cumplida, de algo que yo quer\u00eda hacer hace mucho tiempo, de sacarme esa espinita, cuando mucha gente me dijo que no, que no cre\u00edan en mi parte musical, que no puedo ser un buen producto para el mercado. Ahora la pr\u00f3xima meta es que a la gente le guste el producto\u201d, comparte Vald\u00e9s.<\/p>\n<p dir=\"ltr\">El conductor de Venga la Alegr\u00eda, prospecta un proyecto musical cuyos sencillos, cobrar\u00e1n vida, a trav\u00e9s de un EP que planea lanzar el pr\u00f3ximo a\u00f1o: \u201cTenemos un plan de producci\u00f3n y un plan de management con ARK Records de 5 canciones, por ahora tenemos esta primera que es Playa En La Ciudad, ya he escuchado varias, lo que yo ped\u00ed es trabajar en el release de esta canci\u00f3n, que la gente empiece a ver un poco el material, a ver si le gusta o no le gusta y ya en la pr\u00f3xima canci\u00f3n, vamos a ver que podemos mejorar, para que le guste m\u00e1s a la gente, as\u00ed que definitivamente hay m\u00fasica para mucho tiempo\u201d, cuenta el cantante.<\/p>\n<p dir=\"ltr\">Para benepl\u00e1cito de quienes disfrutan de su trabajo en la conducci\u00f3n, William Vald\u00e9s, asegura que no dejar\u00e1 de lado esta faceta de su carrera y que se permitir\u00e1 compaginarla con la m\u00fasica. Mientras tanto, Playa En La Ciudad, llega a las plataformas digitales el 22 de septiembre de 2022 bajo el sello de ARK Records, con letra de Kalimba Marichal y Christian V\u00e9lez, as\u00ed como con la Producci\u00f3n de Luis Reyes Rivera y Kalimba Marichal, estando disponible en todas las plataformas digitales de m\u00fasica.<\/p>\n<p>[\/fusion_text][fusion_imageframe image_id=&#8221;46952|medium&#8221; max_width=&#8221;&#8221; style_type=&#8221;&#8221; blur=&#8221;&#8221; stylecolor=&#8221;&#8221; hover_type=&#8221;none&#8221; bordersize=&#8221;&#8221; bordercolor=&#8221;&#8221; borderradius=&#8221;&#8221; align=&#8221;none&#8221; lightbox=&#8221;no&#8221; gallery_id=&#8221;&#8221; lightbox_image=&#8221;&#8221; lightbox_image_id=&#8221;&#8221; alt=&#8221;&#8221; link=&#8221;&#8221; linktarget=&#8221;_self&#8221; hide_on_mobile=&#8221;small-visibility,medium-visibility,large-visibility&#8221; class=&#8221;&#8221; id=&#8221;&#8221; animation_type=&#8221;&#8221; animation_direction=&#8221;left&#8221; animation_speed=&#8221;0.3&#8243; animation_offset=&#8221;&#8221;]https:\/\/www.bitacoracdmx.com\/wp-content\/uploads\/2022\/09\/309689871_611611147024788_4775673765835802106_n-300&#215;300.jpg[\/fusion_imageframe][\/fusion_builder_column][\/fusion_builder_row][\/fusion_builder_container]<\/p>\n","protected":false},"excerpt":{"rendered":"<p>[fusion_builder_container hundred_percent=&#8221;no&#8221; equal_height_columns=&#8221;no&#8221; menu_anchor=&#8221;&#8221; hide_on_mobile=&#8221;small-visibility,medium-visibility,large-visibility&#8221; class=&#8221;&#8221; id=&#8221;&#8221; background_color=&#8221;&#8221; background_image=&#8221;&#8221; background_position=&#8221;center center&#8221; background_repeat=&#8221;no-repeat&#8221; fade=&#8221;no&#8221; background_parallax=&#8221;none&#8221; parallax_speed=&#8221;0.3&#8243; video_mp4=&#8221;&#8221; video_webm=&#8221;&#8221; video_ogv=&#8221;&#8221; video_url=&#8221;&#8221; video_aspect_ratio=&#8221;16:9&#8243; video_loop=&#8221;yes&#8221; video_mute=&#8221;yes&#8221; overlay_color=&#8221;&#8221; video_preview_image=&#8221;&#8221; border_size=&#8221;&#8221; border_color=&#8221;&#8221; border_style=&#8221;solid&#8221; padding_top=&#8221;&#8221; padding_bottom=&#8221;&#8221; padding_left=&#8221;&#8221; padding_right=&#8221;&#8221;][fusion_builder_row][fusion_builder_column type=&#8221;1_1&#8243; layout=&#8221;1_1&#8243; background_position=&#8221;left top&#8221; background_color=&#8221;&#8221; border_size=&#8221;&#8221; border_color=&#8221;&#8221; border_style=&#8221;solid&#8221; border_position=&#8221;all&#8221; spacing=&#8221;yes&#8221; background_image=&#8221;&#8221; background_repeat=&#8221;no-repeat&#8221; padding_top=&#8221;&#8221; padding_right=&#8221;&#8221; padding_bottom=&#8221;&#8221; padding_left=&#8221;&#8221; margin_top=&#8221;0px&#8221; margin_bottom=&#8221;0px&#8221; class=&#8221;&#8221; id=&#8221;&#8221; animation_type=&#8221;&#8221; animation_speed=&#8221;0.3&#8243; animation_direction=&#8221;left&#8221; hide_on_mobile=&#8221;small-visibility,medium-visibility,large-visibility&#8221; center_content=&#8221;no&#8221; last=&#8221;no&#8221; min_height=&#8221;&#8221; hover_type=&#8221;none&#8221; link=&#8221;&#8221;][fusion_text] REDACCI\u00d3N Con letra y producci\u00f3n de Kalimba Marichal, William Vald\u00e9s, hace su debut musical hoy 22 de septiembre, con un tema que expresa cien por ciento sus ra\u00edces caribe\u00f1as y cumple al actor y conductor, el sue\u00f1o de llegar a [&hellip;]<\/p>\n","protected":false},"author":1,"featured_media":46952,"comment_status":"open","ping_status":"open","sticky":false,"template":"","format":"standard","meta":{"footnotes":""},"categories":[9,11],"tags":[],"_links":{"self":[{"href":"https:\/\/www.bitacoracdmx.com\/index.php?rest_route=\/wp\/v2\/posts\/46951"}],"collection":[{"href":"https:\/\/www.bitacoracdmx.com\/index.php?rest_route=\/wp\/v2\/posts"}],"about":[{"href":"https:\/\/www.bitacoracdmx.com\/index.php?rest_route=\/wp\/v2\/types\/post"}],"author":[{"embeddable":true,"href":"https:\/\/www.bitacoracdmx.com\/index.php?rest_route=\/wp\/v2\/users\/1"}],"replies":[{"embeddable":true,"href":"https:\/\/www.bitacoracdmx.com\/index.php?rest_route=%2Fwp%2Fv2%2Fcomments&post=46951"}],"version-history":[{"count":1,"href":"https:\/\/www.bitacoracdmx.com\/index.php?rest_route=\/wp\/v2\/posts\/46951\/revisions"}],"predecessor-version":[{"id":46953,"href":"https:\/\/www.bitacoracdmx.com\/index.php?rest_route=\/wp\/v2\/posts\/46951\/revisions\/46953"}],"wp:featuredmedia":[{"embeddable":true,"href":"https:\/\/www.bitacoracdmx.com\/index.php?rest_route=\/wp\/v2\/media\/46952"}],"wp:attachment":[{"href":"https:\/\/www.bitacoracdmx.com\/index.php?rest_route=%2Fwp%2Fv2%2Fmedia&parent=46951"}],"wp:term":[{"taxonomy":"category","embeddable":true,"href":"https:\/\/www.bitacoracdmx.com\/index.php?rest_route=%2Fwp%2Fv2%2Fcategories&post=46951"},{"taxonomy":"post_tag","embeddable":true,"href":"https:\/\/www.bitacoracdmx.com\/index.php?rest_route=%2Fwp%2Fv2%2Ftags&post=46951"}],"curies":[{"name":"wp","href":"https:\/\/api.w.org\/{rel}","templated":true}]}}