{"id":46957,"date":"2022-09-28T02:43:13","date_gmt":"2022-09-28T02:43:13","guid":{"rendered":"https:\/\/www.bitacoracdmx.com\/?p=46957"},"modified":"2022-09-28T02:43:13","modified_gmt":"2022-09-28T02:43:13","slug":"la-muneca-en-su-casa-una-obra-que-transita-entre-la-risa-la-amargura-y-la-violencia-contra-las-mujeres","status":"publish","type":"post","link":"https:\/\/www.bitacoracdmx.com\/?p=46957","title":{"rendered":"La mu\u00f1eca en su casa, una obra que transita entre la risa, la amargura y la violencia contra las mujeres"},"content":{"rendered":"<p>[fusion_builder_container hundred_percent=&#8221;no&#8221; equal_height_columns=&#8221;no&#8221; menu_anchor=&#8221;&#8221; hide_on_mobile=&#8221;small-visibility,medium-visibility,large-visibility&#8221; class=&#8221;&#8221; id=&#8221;&#8221; background_color=&#8221;&#8221; background_image=&#8221;&#8221; background_position=&#8221;center center&#8221; background_repeat=&#8221;no-repeat&#8221; fade=&#8221;no&#8221; background_parallax=&#8221;none&#8221; parallax_speed=&#8221;0.3&#8243; video_mp4=&#8221;&#8221; video_webm=&#8221;&#8221; video_ogv=&#8221;&#8221; video_url=&#8221;&#8221; video_aspect_ratio=&#8221;16:9&#8243; video_loop=&#8221;yes&#8221; video_mute=&#8221;yes&#8221; overlay_color=&#8221;&#8221; video_preview_image=&#8221;&#8221; border_size=&#8221;&#8221; border_color=&#8221;&#8221; border_style=&#8221;solid&#8221; padding_top=&#8221;&#8221; padding_bottom=&#8221;&#8221; padding_left=&#8221;&#8221; padding_right=&#8221;&#8221;][fusion_builder_row][fusion_builder_column type=&#8221;1_1&#8243; layout=&#8221;1_1&#8243; background_position=&#8221;left top&#8221; background_color=&#8221;&#8221; border_size=&#8221;&#8221; border_color=&#8221;&#8221; border_style=&#8221;solid&#8221; border_position=&#8221;all&#8221; spacing=&#8221;yes&#8221; background_image=&#8221;&#8221; background_repeat=&#8221;no-repeat&#8221; padding_top=&#8221;&#8221; padding_right=&#8221;&#8221; padding_bottom=&#8221;&#8221; padding_left=&#8221;&#8221; margin_top=&#8221;0px&#8221; margin_bottom=&#8221;0px&#8221; class=&#8221;&#8221; id=&#8221;&#8221; animation_type=&#8221;&#8221; animation_speed=&#8221;0.3&#8243; animation_direction=&#8221;left&#8221; hide_on_mobile=&#8221;small-visibility,medium-visibility,large-visibility&#8221; center_content=&#8221;no&#8221; last=&#8221;no&#8221; min_height=&#8221;&#8221; hover_type=&#8221;none&#8221; link=&#8221;&#8221;][fusion_text]<\/p>\n<p>REDACCI\u00d3N<\/p>\n<p>\u2022 Una coproducci\u00f3n de Bocamina Teatral y Arto Monigote<br aria-hidden=\"true\" \/>\u2022 Dirigida por Mar\u00eda Sordo, Javier S\u00e1nchez y Olga Susana Valdez<br aria-hidden=\"true\" \/>\u2022 Preventa del 30% de descuento, hasta el 1 de octubre<\/p>\n<div>\n<div>\n<div>\n<div>\n<div><em>\u00bfCu\u00e1nto tiempo jugamos a la casa de mu\u00f1ecas?<\/em><\/div>\n<\/div>\n<\/div>\n<\/div>\n<\/div>\n<div><\/div>\n<div>Como parte de la programaci\u00f3n ordinaria del Centro Cultural Hel\u00e9nico, <em>La mu\u00f1eca en su casa<\/em>\u00a0\u2014unipersonal de humor \u00e1cido coproducido por Bocamina Teatral y Arto Monigote\u2014 se presentar\u00e1 durante seis funciones, los s\u00e1bados y domingos, del 1 al 16 de octubre a las 20:00 horas, en el Foro 4 Espacio Alternativo.<\/div>\n<div>\n<p>\u00a0\u00a0\u00a0\u00a0\u00a0\u00a0\u00a0\u00a0\u00a0\u00a0\u00a0\u00a0\u00a0\u00a0\u00a0\u00a0\u00a0\u00a0\u00a0\u00a0\u00a0\u00a0\u00a0\u00a0\u00a0\u00a0\u00a0\u00a0\u00a0\u00a0\u00a0\u00a0\u00a0\u00a0\u00a0\u00a0\u00a0\u00a0\u00a0\u00a0\u00a0\u00a0\u00a0\u00a0\u00a0\u00a0\u00a0\u00a0\u00a0\u00a0\u00a0\u00a0\u00a0\u00a0\u00a0\u00a0\u00a0\u00a0\u00a0\u00a0\u00a0\u00a0\u00a0\u00a0\u00a0\u00a0\u00a0\u00a0\u00a0\u00a0\u00a0\u00a0\u00a0\u00a0\u00a0\u00a0\u00a0\u00a0\u00a0\u00a0\u00a0\u00a0\u00a0\u00a0\u00a0\u00a0\u00a0\u00a0\u00a0\u00a0\u00a0\u00a0\u00a0\u00a0\u00a0\u00a0\u00a0\u00a0\u00a0\u00a0\u00a0\u00a0\u00a0\u00a0\u00a0\u00a0\u00a0\u00a0\u00a0\u00a0\u00a0\u00a0\u00a0\u00a0\u00a0\u00a0\u00a0\u00a0\u00a0\u00a0\u00a0\u00a0\u00a0\u00a0\u00a0\u00a0\u00a0\u00a0<br aria-hidden=\"true\" \/>Esta obra se estren\u00f3 en marzo del a\u00f1o en curso, en el Foro DobleNueve de Pachuca, y ahora busca recorrer todos los espacios posibles para compartir la historia de Nora, una ama de casa que se ve en la necesidad de tomar una decisi\u00f3n que cambia el rumbo de su vida. De esta forma, en medio de una reconfiguraci\u00f3n existencial, Nora revela sus creencias, fantas\u00edas y costumbres, as\u00ed como las situaciones que la llevaron hasta all\u00ed.<br aria-hidden=\"true\" \/>\u00a0<br aria-hidden=\"true\" \/>La protagonista \u2014interpretada por la actriz Olga Susana Valdez\u2014 utiliza las prendas que quedan en su casa vac\u00eda para personificar a quienes la han arrastrado al l\u00edmite. Con momentos de humor, picard\u00eda y amargura, ella se debate entre &#8220;la buena&#8221; y &#8220;la mala&#8221; mujer que lleva dentro de s\u00ed. Es as\u00ed como Nora se da cuenta de la opresi\u00f3n en la que ha vivido, al tiempo que organiza un plan para obtener su libertad.<br aria-hidden=\"true\" \/>\u00a0<br aria-hidden=\"true\" \/>Se trata de un montaje que apuesta por el juego actoral con m\u00ednimos elementos para denunciar los micromachismos que oprimen y explotan a las mujeres. Asimismo, se sirve de la risa como un mecanismo inteligente para que el p\u00fablico reflexione en torno a la violencia de g\u00e9nero, la soledad, el deseo y la voz.<br aria-hidden=\"true\" \/>\u00a0<br aria-hidden=\"true\" \/>El equipo creativo est\u00e1 integrado por Javier S\u00e1nchez en la dramaturgia; Mar\u00eda Sordo, Javier S\u00e1nchez y Olga Susana Valdez en la direcci\u00f3n; Ricardo Soria en la iluminaci\u00f3n; Mundo Espinoza y Ricardo Soria en los elementos esc\u00e9nicos; Mar\u00eda Sordo y Olga Susana Valdez en la utiler\u00eda, el maquillaje y el vestuario; Juan Carlos Labastida en el dise\u00f1o de cartel y video; Carlos Mercado en las fotograf\u00edas; Gabriel Moreno en la gesti\u00f3n y Olga Susana Valdez en la musicalizaci\u00f3n y el elenco. \u00a0<br aria-hidden=\"true\" \/>\u00a0<br aria-hidden=\"true\" \/><strong><em>La mu\u00f1eca en su casa<\/em><\/strong>\u00a0contar\u00e1 con una breve\u00a0<strong>temporada<\/strong>\u00a0que ir\u00e1\u00a0<strong>del 1 al 16 de octubre<\/strong>, los\u00a0<strong>s\u00e1bados y domingos a las 20:00 horas<\/strong>, en el\u00a0<strong>Foro 4 Espacio Alternativo<\/strong>.\u00a0<strong>El costo del boleto es de $155<\/strong>. Actualmente hay una\u00a0<strong>preventa<\/strong>\u00a0con el\u00a0<strong>30% de descuento, hasta el 1 de octubre<\/strong>. Las localidades pueden adquirirse en la taquilla del Centro Cultural Hel\u00e9nico, ubicado en avenida Revoluci\u00f3n 1500, as\u00ed como en la p\u00e1gina de internet\u00a0<strong><a href=\"http:\/\/helenico.gob.mx\/\" target=\"_blank\" rel=\"noopener noreferrer\" data-auth=\"NotApplicable\" data-linkindex=\"1\">helenico.gob.mx<\/a><\/strong>.<br aria-hidden=\"true\" \/>\u00a0<br aria-hidden=\"true\" \/>Se exhorta al p\u00fablico a asistir con las medidas de sanidad necesarias para prevenir contagios del COVID-19, por lo que ser\u00e1 obligatorio el uso de cubrebocas, la aplicaci\u00f3n continua de gel desinfectante y atender las instrucciones del personal de seguridad. En caso de presentar alg\u00fan s\u00edntoma (dolor de cabeza, garganta o temperatura superior a 37.5 grados), es preferible quedarse en casa.<\/p>\n<\/div>\n<p>[\/fusion_text][fusion_imageframe image_id=&#8221;46958|medium&#8221; max_width=&#8221;&#8221; style_type=&#8221;&#8221; blur=&#8221;&#8221; stylecolor=&#8221;&#8221; hover_type=&#8221;none&#8221; bordersize=&#8221;&#8221; bordercolor=&#8221;&#8221; borderradius=&#8221;&#8221; align=&#8221;none&#8221; lightbox=&#8221;no&#8221; gallery_id=&#8221;&#8221; lightbox_image=&#8221;&#8221; lightbox_image_id=&#8221;&#8221; alt=&#8221;&#8221; link=&#8221;&#8221; linktarget=&#8221;_self&#8221; hide_on_mobile=&#8221;small-visibility,medium-visibility,large-visibility&#8221; class=&#8221;&#8221; id=&#8221;&#8221; animation_type=&#8221;&#8221; animation_direction=&#8221;left&#8221; animation_speed=&#8221;0.3&#8243; animation_offset=&#8221;&#8221;]https:\/\/www.bitacoracdmx.com\/wp-content\/uploads\/2022\/09\/La-muneca-en-su-casa-1-300&#215;300.jpg[\/fusion_imageframe][\/fusion_builder_column][\/fusion_builder_row][\/fusion_builder_container]<\/p>\n","protected":false},"excerpt":{"rendered":"<p>[fusion_builder_container hundred_percent=&#8221;no&#8221; equal_height_columns=&#8221;no&#8221; menu_anchor=&#8221;&#8221; hide_on_mobile=&#8221;small-visibility,medium-visibility,large-visibility&#8221; class=&#8221;&#8221; id=&#8221;&#8221; background_color=&#8221;&#8221; background_image=&#8221;&#8221; background_position=&#8221;center center&#8221; background_repeat=&#8221;no-repeat&#8221; fade=&#8221;no&#8221; background_parallax=&#8221;none&#8221; parallax_speed=&#8221;0.3&#8243; video_mp4=&#8221;&#8221; video_webm=&#8221;&#8221; video_ogv=&#8221;&#8221; video_url=&#8221;&#8221; video_aspect_ratio=&#8221;16:9&#8243; video_loop=&#8221;yes&#8221; video_mute=&#8221;yes&#8221; overlay_color=&#8221;&#8221; video_preview_image=&#8221;&#8221; border_size=&#8221;&#8221; border_color=&#8221;&#8221; border_style=&#8221;solid&#8221; padding_top=&#8221;&#8221; padding_bottom=&#8221;&#8221; padding_left=&#8221;&#8221; padding_right=&#8221;&#8221;][fusion_builder_row][fusion_builder_column type=&#8221;1_1&#8243; layout=&#8221;1_1&#8243; background_position=&#8221;left top&#8221; background_color=&#8221;&#8221; border_size=&#8221;&#8221; border_color=&#8221;&#8221; border_style=&#8221;solid&#8221; border_position=&#8221;all&#8221; spacing=&#8221;yes&#8221; background_image=&#8221;&#8221; background_repeat=&#8221;no-repeat&#8221; padding_top=&#8221;&#8221; padding_right=&#8221;&#8221; padding_bottom=&#8221;&#8221; padding_left=&#8221;&#8221; margin_top=&#8221;0px&#8221; margin_bottom=&#8221;0px&#8221; class=&#8221;&#8221; id=&#8221;&#8221; animation_type=&#8221;&#8221; animation_speed=&#8221;0.3&#8243; animation_direction=&#8221;left&#8221; hide_on_mobile=&#8221;small-visibility,medium-visibility,large-visibility&#8221; center_content=&#8221;no&#8221; last=&#8221;no&#8221; min_height=&#8221;&#8221; hover_type=&#8221;none&#8221; link=&#8221;&#8221;][fusion_text] REDACCI\u00d3N \u2022 Una coproducci\u00f3n de Bocamina Teatral y Arto Monigote\u2022 Dirigida por Mar\u00eda Sordo, Javier S\u00e1nchez y Olga Susana Valdez\u2022 Preventa del 30% de descuento, hasta el 1 de octubre \u00bfCu\u00e1nto tiempo jugamos a la casa de mu\u00f1ecas? Como parte [&hellip;]<\/p>\n","protected":false},"author":1,"featured_media":46958,"comment_status":"open","ping_status":"open","sticky":false,"template":"","format":"standard","meta":{"footnotes":""},"categories":[9,14],"tags":[],"_links":{"self":[{"href":"https:\/\/www.bitacoracdmx.com\/index.php?rest_route=\/wp\/v2\/posts\/46957"}],"collection":[{"href":"https:\/\/www.bitacoracdmx.com\/index.php?rest_route=\/wp\/v2\/posts"}],"about":[{"href":"https:\/\/www.bitacoracdmx.com\/index.php?rest_route=\/wp\/v2\/types\/post"}],"author":[{"embeddable":true,"href":"https:\/\/www.bitacoracdmx.com\/index.php?rest_route=\/wp\/v2\/users\/1"}],"replies":[{"embeddable":true,"href":"https:\/\/www.bitacoracdmx.com\/index.php?rest_route=%2Fwp%2Fv2%2Fcomments&post=46957"}],"version-history":[{"count":1,"href":"https:\/\/www.bitacoracdmx.com\/index.php?rest_route=\/wp\/v2\/posts\/46957\/revisions"}],"predecessor-version":[{"id":46959,"href":"https:\/\/www.bitacoracdmx.com\/index.php?rest_route=\/wp\/v2\/posts\/46957\/revisions\/46959"}],"wp:featuredmedia":[{"embeddable":true,"href":"https:\/\/www.bitacoracdmx.com\/index.php?rest_route=\/wp\/v2\/media\/46958"}],"wp:attachment":[{"href":"https:\/\/www.bitacoracdmx.com\/index.php?rest_route=%2Fwp%2Fv2%2Fmedia&parent=46957"}],"wp:term":[{"taxonomy":"category","embeddable":true,"href":"https:\/\/www.bitacoracdmx.com\/index.php?rest_route=%2Fwp%2Fv2%2Fcategories&post=46957"},{"taxonomy":"post_tag","embeddable":true,"href":"https:\/\/www.bitacoracdmx.com\/index.php?rest_route=%2Fwp%2Fv2%2Ftags&post=46957"}],"curies":[{"name":"wp","href":"https:\/\/api.w.org\/{rel}","templated":true}]}}