{"id":46960,"date":"2022-09-28T03:02:02","date_gmt":"2022-09-28T03:02:02","guid":{"rendered":"https:\/\/www.bitacoracdmx.com\/?p=46960"},"modified":"2022-09-28T03:02:02","modified_gmt":"2022-09-28T03:02:02","slug":"corsage-el-amor-segun-dalva-y-alma-viva-estrenaran-en-el-ficm-gracias-a-tulip-pictures","status":"publish","type":"post","link":"https:\/\/www.bitacoracdmx.com\/?p=46960","title":{"rendered":"CORSAGE, EL AMOR SEG\u00daN DALVA y ALMA VIVA estrenaran en el FICM gracias a TULIP PICTURES"},"content":{"rendered":"<p>[fusion_builder_container hundred_percent=&#8221;no&#8221; equal_height_columns=&#8221;no&#8221; menu_anchor=&#8221;&#8221; hide_on_mobile=&#8221;small-visibility,medium-visibility,large-visibility&#8221; class=&#8221;&#8221; id=&#8221;&#8221; background_color=&#8221;&#8221; background_image=&#8221;&#8221; background_position=&#8221;center center&#8221; background_repeat=&#8221;no-repeat&#8221; fade=&#8221;no&#8221; background_parallax=&#8221;none&#8221; parallax_speed=&#8221;0.3&#8243; video_mp4=&#8221;&#8221; video_webm=&#8221;&#8221; video_ogv=&#8221;&#8221; video_url=&#8221;&#8221; video_aspect_ratio=&#8221;16:9&#8243; video_loop=&#8221;yes&#8221; video_mute=&#8221;yes&#8221; overlay_color=&#8221;&#8221; video_preview_image=&#8221;&#8221; border_size=&#8221;&#8221; border_color=&#8221;&#8221; border_style=&#8221;solid&#8221; padding_top=&#8221;&#8221; padding_bottom=&#8221;&#8221; padding_left=&#8221;&#8221; padding_right=&#8221;&#8221;][fusion_builder_row][fusion_builder_column type=&#8221;1_1&#8243; layout=&#8221;1_1&#8243; background_position=&#8221;left top&#8221; background_color=&#8221;&#8221; border_size=&#8221;&#8221; border_color=&#8221;&#8221; border_style=&#8221;solid&#8221; border_position=&#8221;all&#8221; spacing=&#8221;yes&#8221; background_image=&#8221;&#8221; background_repeat=&#8221;no-repeat&#8221; padding_top=&#8221;&#8221; padding_right=&#8221;&#8221; padding_bottom=&#8221;&#8221; padding_left=&#8221;&#8221; margin_top=&#8221;0px&#8221; margin_bottom=&#8221;0px&#8221; class=&#8221;&#8221; id=&#8221;&#8221; animation_type=&#8221;&#8221; animation_speed=&#8221;0.3&#8243; animation_direction=&#8221;left&#8221; hide_on_mobile=&#8221;small-visibility,medium-visibility,large-visibility&#8221; center_content=&#8221;no&#8221; last=&#8221;no&#8221; min_height=&#8221;&#8221; hover_type=&#8221;none&#8221; link=&#8221;&#8221;][fusion_text]<\/p>\n<p>REDACCI\u00d3N<\/p>\n<table class=\"x_mcnTextBlock\" border=\"0\" width=\"100%\" cellspacing=\"0\" cellpadding=\"0\">\n<tbody class=\"x_mcnTextBlockOuter\">\n<tr>\n<td class=\"x_mcnTextBlockInner\" valign=\"top\">\n<table class=\"x_mcnTextContentContainer\" border=\"0\" width=\"100%\" cellspacing=\"0\" cellpadding=\"0\" align=\"left\">\n<tbody>\n<tr>\n<td class=\"x_mcnTextContent\" valign=\"top\">\n<h3 class=\"x_null\"><strong>La distribuidora mexicana presenta el estreno en M\u00e9xico de tres de las pel\u00edculas europeas m\u00e1s esperadas del a\u00f1o<\/strong><br aria-hidden=\"true\" \/>\u00a0<br aria-hidden=\"true\" \/><strong>Estas tres cintas obtuvieron diversos premios y cr\u00edticas positivas durante su estreno mundial en el prestigioso Festival de Cannes<\/strong><\/h3>\n<\/td>\n<\/tr>\n<\/tbody>\n<\/table>\n<\/td>\n<\/tr>\n<\/tbody>\n<\/table>\n<table class=\"x_mcnTextBlock\" border=\"0\" width=\"100%\" cellspacing=\"0\" cellpadding=\"0\">\n<tbody class=\"x_mcnTextBlockOuter\">\n<tr>\n<td class=\"x_mcnTextBlockInner\" valign=\"top\">\n<table class=\"x_mcnTextContentContainer\" border=\"0\" width=\"100%\" cellspacing=\"0\" cellpadding=\"0\" align=\"left\">\n<tbody>\n<tr>\n<td class=\"x_mcnTextContent\" valign=\"top\">\n<div><br aria-hidden=\"true\" \/>La distribuidora Tulip Pictures anunci\u00f3 el estreno de tres pel\u00edculas que fueron premiadas en el pasado Festival de Cannes y que podr\u00e1n ser vistas en M\u00e9xico en el marco de la 20\u00a0edici\u00f3n del Festival Internacional de Cine de Morelia, que se celebrar\u00e1 del 22 al 29 de octubre en la ciudad michoacana. Se trata de las pel\u00edculas\u00a0<strong><em>Corsage<\/em><\/strong>\u00a0de Marie Kreutzer,\u00a0<strong><em>El amor seg\u00fan Dalva\u00a0<\/em><\/strong>de Emmanuelle Nicot y\u00a0<strong><em>Alma viva<\/em><\/strong>\u00a0de Crist\u00e8le Alves Meira.<br aria-hidden=\"true\" \/>\u00a0<br aria-hidden=\"true\" \/>Una de las cintas m\u00e1s esperadas del a\u00f1o:\u00a0<strong><em>Corsage<\/em><\/strong>\u00a0(Austria, Luxemburgo, Alemania, Francia, 2022), de Marie Kreutzer, que fue parte de la secci\u00f3n Un Certain Regard (Una Cierta Mirada), la segunda m\u00e1s importante del Festival de Cannes y que re\u00fane las propuestas est\u00e9ticas m\u00e1s interesantes del cine mundial.<br aria-hidden=\"true\" \/>\u00a0<br aria-hidden=\"true\" \/><strong><em>Corsage<\/em><\/strong>\u00a0est\u00e1 inspirada en la vida de la emperatriz Isabel de Austria, tambi\u00e9n conocida como Sissi, pero especialmente en lo que representa cumplir 40 a\u00f1os para una mujer sujeta a la opini\u00f3n p\u00fablica y a la exigencia de perfecci\u00f3n, esbeltez, belleza y gracia. La actriz Vicky Krieps (<em>El hilo fantasma<\/em>, 2017) fue premiada en la categor\u00eda a mejor interpretaci\u00f3n en el Festival de Cannes por su actuaci\u00f3n en esta pel\u00edcula.<br aria-hidden=\"true\" \/>\u00a0<br aria-hidden=\"true\" \/>Por otra parte, Tulip Pictures estrenar\u00e1 dos pel\u00edculas que obtuvieron comentarios positivos del p\u00fablico y la cr\u00edtica en el Festival de Cannes, y fueron exhibidas en la programaci\u00f3n paralela que ofreci\u00f3 La Semana de la Cr\u00edtica en competencia. Ambas abordan temas relacionados con infancias y experiencias muy crudas como parte del mundo adulto.<br aria-hidden=\"true\" \/>\u00a0<br aria-hidden=\"true\" \/>La segunda pel\u00edcula que se estrenar\u00e1 es\u00a0<strong><em>El amor seg\u00fan Dalva<\/em><\/strong>\u00a0que fue galardonada con el Prix Fondation Louis Roederer de la R\u00e9v\u00e9lation para Zelda Samson, la joven protagonista, adem\u00e1s de recibir un reconocimiento por el jurado Fipresci como mejor pel\u00edcula y obtener el premio Le rail d\u2019or du long m\u00e9trage; esta producci\u00f3n narra la historia de una ni\u00f1a de 12 a\u00f1os que tiene una autopercepci\u00f3n adulta y que tratar\u00e1 de encontrar su verdadero yo.<br aria-hidden=\"true\" \/>\u00a0<br aria-hidden=\"true\" \/>Por \u00faltimo, con un tono mucho m\u00e1s sobrenatural y oscuro,\u00a0<strong><em>Alma viva<\/em><\/strong>\u00a0se enfoca en la peque\u00f1a Salom\u00e9, quien regresa a su pueblo familiar enclavado en las monta\u00f1as portuguesas para pasar las vacaciones. Su amada abuela muere repentinamente y a ra\u00edz de esto los adultos se destrozan entre s\u00ed por el funeral, mientras Salom\u00e9 es acechada por el esp\u00edritu de una bruja.<br aria-hidden=\"true\" \/>\u00a0<br aria-hidden=\"true\" \/>El favorable reconocimiento para cada una de estas producciones en su paso por el Festival de Cannes anuncia la gran calidad t\u00e9cnica y narrativa que deleitar\u00e1 al p\u00fablico pr\u00f3ximamente y que Tulip Pictures exhibir\u00e1 en el Festival Internacional de Cine de Morelia.<\/div>\n<\/td>\n<\/tr>\n<\/tbody>\n<\/table>\n<\/td>\n<\/tr>\n<\/tbody>\n<\/table>\n<p>[\/fusion_text][fusion_imageframe image_id=&#8221;46961|medium&#8221; max_width=&#8221;&#8221; style_type=&#8221;&#8221; blur=&#8221;&#8221; stylecolor=&#8221;&#8221; hover_type=&#8221;none&#8221; bordersize=&#8221;&#8221; bordercolor=&#8221;&#8221; borderradius=&#8221;&#8221; align=&#8221;none&#8221; lightbox=&#8221;no&#8221; gallery_id=&#8221;&#8221; lightbox_image=&#8221;&#8221; lightbox_image_id=&#8221;&#8221; alt=&#8221;&#8221; link=&#8221;&#8221; linktarget=&#8221;_self&#8221; hide_on_mobile=&#8221;small-visibility,medium-visibility,large-visibility&#8221; class=&#8221;&#8221; id=&#8221;&#8221; animation_type=&#8221;&#8221; animation_direction=&#8221;left&#8221; animation_speed=&#8221;0.3&#8243; animation_offset=&#8221;&#8221;]https:\/\/www.bitacoracdmx.com\/wp-content\/uploads\/2022\/09\/309516818_611631593689410_3624985222665519628_n-300&#215;300.jpg[\/fusion_imageframe][\/fusion_builder_column][\/fusion_builder_row][\/fusion_builder_container]<\/p>\n","protected":false},"excerpt":{"rendered":"<p>[fusion_builder_container hundred_percent=&#8221;no&#8221; equal_height_columns=&#8221;no&#8221; menu_anchor=&#8221;&#8221; hide_on_mobile=&#8221;small-visibility,medium-visibility,large-visibility&#8221; class=&#8221;&#8221; id=&#8221;&#8221; background_color=&#8221;&#8221; background_image=&#8221;&#8221; background_position=&#8221;center center&#8221; background_repeat=&#8221;no-repeat&#8221; fade=&#8221;no&#8221; background_parallax=&#8221;none&#8221; parallax_speed=&#8221;0.3&#8243; video_mp4=&#8221;&#8221; video_webm=&#8221;&#8221; video_ogv=&#8221;&#8221; video_url=&#8221;&#8221; video_aspect_ratio=&#8221;16:9&#8243; video_loop=&#8221;yes&#8221; video_mute=&#8221;yes&#8221; overlay_color=&#8221;&#8221; video_preview_image=&#8221;&#8221; border_size=&#8221;&#8221; border_color=&#8221;&#8221; border_style=&#8221;solid&#8221; padding_top=&#8221;&#8221; padding_bottom=&#8221;&#8221; padding_left=&#8221;&#8221; padding_right=&#8221;&#8221;][fusion_builder_row][fusion_builder_column type=&#8221;1_1&#8243; layout=&#8221;1_1&#8243; background_position=&#8221;left top&#8221; background_color=&#8221;&#8221; border_size=&#8221;&#8221; border_color=&#8221;&#8221; border_style=&#8221;solid&#8221; border_position=&#8221;all&#8221; spacing=&#8221;yes&#8221; background_image=&#8221;&#8221; background_repeat=&#8221;no-repeat&#8221; padding_top=&#8221;&#8221; padding_right=&#8221;&#8221; padding_bottom=&#8221;&#8221; padding_left=&#8221;&#8221; margin_top=&#8221;0px&#8221; margin_bottom=&#8221;0px&#8221; class=&#8221;&#8221; id=&#8221;&#8221; animation_type=&#8221;&#8221; animation_speed=&#8221;0.3&#8243; animation_direction=&#8221;left&#8221; hide_on_mobile=&#8221;small-visibility,medium-visibility,large-visibility&#8221; center_content=&#8221;no&#8221; last=&#8221;no&#8221; min_height=&#8221;&#8221; hover_type=&#8221;none&#8221; link=&#8221;&#8221;][fusion_text] REDACCI\u00d3N La distribuidora mexicana presenta el estreno en M\u00e9xico de tres de las pel\u00edculas europeas m\u00e1s esperadas del a\u00f1o\u00a0Estas tres cintas obtuvieron diversos premios y cr\u00edticas positivas durante su estreno mundial en el prestigioso Festival de Cannes La distribuidora Tulip [&hellip;]<\/p>\n","protected":false},"author":1,"featured_media":46961,"comment_status":"open","ping_status":"open","sticky":false,"template":"","format":"standard","meta":{"footnotes":""},"categories":[3,9],"tags":[],"_links":{"self":[{"href":"https:\/\/www.bitacoracdmx.com\/index.php?rest_route=\/wp\/v2\/posts\/46960"}],"collection":[{"href":"https:\/\/www.bitacoracdmx.com\/index.php?rest_route=\/wp\/v2\/posts"}],"about":[{"href":"https:\/\/www.bitacoracdmx.com\/index.php?rest_route=\/wp\/v2\/types\/post"}],"author":[{"embeddable":true,"href":"https:\/\/www.bitacoracdmx.com\/index.php?rest_route=\/wp\/v2\/users\/1"}],"replies":[{"embeddable":true,"href":"https:\/\/www.bitacoracdmx.com\/index.php?rest_route=%2Fwp%2Fv2%2Fcomments&post=46960"}],"version-history":[{"count":1,"href":"https:\/\/www.bitacoracdmx.com\/index.php?rest_route=\/wp\/v2\/posts\/46960\/revisions"}],"predecessor-version":[{"id":46962,"href":"https:\/\/www.bitacoracdmx.com\/index.php?rest_route=\/wp\/v2\/posts\/46960\/revisions\/46962"}],"wp:featuredmedia":[{"embeddable":true,"href":"https:\/\/www.bitacoracdmx.com\/index.php?rest_route=\/wp\/v2\/media\/46961"}],"wp:attachment":[{"href":"https:\/\/www.bitacoracdmx.com\/index.php?rest_route=%2Fwp%2Fv2%2Fmedia&parent=46960"}],"wp:term":[{"taxonomy":"category","embeddable":true,"href":"https:\/\/www.bitacoracdmx.com\/index.php?rest_route=%2Fwp%2Fv2%2Fcategories&post=46960"},{"taxonomy":"post_tag","embeddable":true,"href":"https:\/\/www.bitacoracdmx.com\/index.php?rest_route=%2Fwp%2Fv2%2Ftags&post=46960"}],"curies":[{"name":"wp","href":"https:\/\/api.w.org\/{rel}","templated":true}]}}