{"id":46963,"date":"2022-09-28T03:06:25","date_gmt":"2022-09-28T03:06:25","guid":{"rendered":"https:\/\/www.bitacoracdmx.com\/?p=46963"},"modified":"2022-09-28T03:06:25","modified_gmt":"2022-09-28T03:06:25","slug":"desde-uruguay-daniel-drexler-lanza-su-nuevo-album-y-estrena-tema-junto-a-kevin-johansen-ya-disponible-en-plataformas-digitales","status":"publish","type":"post","link":"https:\/\/www.bitacoracdmx.com\/?p=46963","title":{"rendered":"Desde Uruguay, Daniel Drexler lanza su nuevo \u00e1lbum, y estrena tema junto a Kevin Johansen. Ya disponible en plataformas digitales"},"content":{"rendered":"<p>[fusion_builder_container hundred_percent=&#8221;no&#8221; equal_height_columns=&#8221;no&#8221; menu_anchor=&#8221;&#8221; hide_on_mobile=&#8221;small-visibility,medium-visibility,large-visibility&#8221; class=&#8221;&#8221; id=&#8221;&#8221; background_color=&#8221;&#8221; background_image=&#8221;&#8221; background_position=&#8221;center center&#8221; background_repeat=&#8221;no-repeat&#8221; fade=&#8221;no&#8221; background_parallax=&#8221;none&#8221; parallax_speed=&#8221;0.3&#8243; video_mp4=&#8221;&#8221; video_webm=&#8221;&#8221; video_ogv=&#8221;&#8221; video_url=&#8221;&#8221; video_aspect_ratio=&#8221;16:9&#8243; video_loop=&#8221;yes&#8221; video_mute=&#8221;yes&#8221; overlay_color=&#8221;&#8221; video_preview_image=&#8221;&#8221; border_size=&#8221;&#8221; border_color=&#8221;&#8221; border_style=&#8221;solid&#8221; padding_top=&#8221;&#8221; padding_bottom=&#8221;&#8221; padding_left=&#8221;&#8221; padding_right=&#8221;&#8221;][fusion_builder_row][fusion_builder_column type=&#8221;1_1&#8243; layout=&#8221;1_1&#8243; background_position=&#8221;left top&#8221; background_color=&#8221;&#8221; border_size=&#8221;&#8221; border_color=&#8221;&#8221; border_style=&#8221;solid&#8221; border_position=&#8221;all&#8221; spacing=&#8221;yes&#8221; background_image=&#8221;&#8221; background_repeat=&#8221;no-repeat&#8221; padding_top=&#8221;&#8221; padding_right=&#8221;&#8221; padding_bottom=&#8221;&#8221; padding_left=&#8221;&#8221; margin_top=&#8221;0px&#8221; margin_bottom=&#8221;0px&#8221; class=&#8221;&#8221; id=&#8221;&#8221; animation_type=&#8221;&#8221; animation_speed=&#8221;0.3&#8243; animation_direction=&#8221;left&#8221; hide_on_mobile=&#8221;small-visibility,medium-visibility,large-visibility&#8221; center_content=&#8221;no&#8221; last=&#8221;no&#8221; min_height=&#8221;&#8221; hover_type=&#8221;none&#8221; link=&#8221;&#8221;][fusion_text]<\/p>\n<p>REDACCI\u00d3N<\/p>\n<ul>\n<li>La canci\u00f3n que da nombre al \u00e1lbum cuenta con la participaci\u00f3n del reconocido artista argentino Kevin Johansen<\/li>\n<\/ul>\n<p>Daniel Drexler da un paso al frente con<a href=\"https:\/\/links.altafonte.com\/DanielDrexlerDiscoLVDE\" target=\"_blank\" rel=\"noopener noreferrer\" data-auth=\"NotApplicable\" data-linkindex=\"4\">\u00a0La Voz de la Diosa Entrop\u00eda<\/a>, su noveno disco. Se trata de una colecci\u00f3n de canciones nuevas en las que el artista uruguayo viaja entre el R\u00edo de la Plata y la m\u00fasica pop, entre la calma y el caos, entre las relaciones humanas y la metaf\u00edsica.\u00a0<br aria-hidden=\"true\" \/><br aria-hidden=\"true\" \/>Con absoluta naturalidad, Drexler va del baile a las dudas existenciales a lo largo de ocho sensibles composiciones propias donde hay pop, candombe, reggae, minimalismo y arreglos orquestales. La Voz de la Diosa Entrop\u00eda cuenta con la participaci\u00f3n especial de Kevin Johansen y del brasile\u00f1o Vitor Ramil. El material ser\u00e1 presentado en vivo en Uruguay, Brasil, Argentina, M\u00e9xico y Espa\u00f1a.<br aria-hidden=\"true\" \/><br aria-hidden=\"true\" \/>\u201cLa ciencia tiene grandes leyes que conforman una especie de Olimpo de dioses que rigen el universo.Entre todas esas deidades, hay una que me perturba particularmente, una ley que la mayor\u00eda de los cient\u00edficos y fil\u00f3sofos considera la ley suprema, la \u00fanica que no aceptar\u00eda discusi\u00f3n: la ley de la entrop\u00eda, que hace referencia ala tendencia natural al desorden, al caos, a la ausencia de estructura. El propio universo estar\u00eda destinado as\u00ed a un final de dispersi\u00f3n\u201d, apunta Daniel Drexler.<br aria-hidden=\"true\" \/><br aria-hidden=\"true\" \/>De acuerdo con el artista: \u201cla vida misma es, sin embargo,\u00a0un gran generador de orden, un tit\u00e1nico oponente a la ley de la entrop\u00eda\u2026Nuestro ADN en un sistema muy complejo que permite la maravilla de la existencia de algo tan complejo como un ser vivo. Lo logra con un \u00e9xito notable, pero tambi\u00e9n con un esfuerzo extenuante que permite que cada uno de nosotros nos mantengamos funcionando por un per\u00edodo muy acotado de tiempo.Yo no digo que no sea importante hacer el esfuerzo diario por ordenar nuestro entorno, por mantenernos vivos, por ser felices. Pero me parece fundamental no olvidar que a pesar de la muy digna, hermosa y dolorosa pelea que damos contra la entrop\u00eda, al final siempre, inexorablemente, vamos a perder. Entendamos y aceptemos que vamos a dar batalla con alegr\u00eda, con cari\u00f1o, con amor. RELAX; vamos a bailar todo lo que el cuerpo nos permita, pero al fin de este baile hermoso y doloroso que es la vida, la \u00fanica voz que se oir\u00e1 ser\u00e1 la de la diosa entrop\u00eda\u201d, como dice la canci\u00f3n que le nombre al nuevo disco.<br aria-hidden=\"true\" \/><br aria-hidden=\"true\" \/>La voz de la diosa Entrop\u00eda no pretende ser una visi\u00f3n pesimista de nuestro futuro, sino una bandera en alto que alimente la fuerza para aceptar lo inevitable.<\/p>\n<p>[\/fusion_text][fusion_imageframe image_id=&#8221;46964|medium&#8221; max_width=&#8221;&#8221; style_type=&#8221;&#8221; blur=&#8221;&#8221; stylecolor=&#8221;&#8221; hover_type=&#8221;none&#8221; bordersize=&#8221;&#8221; bordercolor=&#8221;&#8221; borderradius=&#8221;&#8221; align=&#8221;none&#8221; lightbox=&#8221;no&#8221; gallery_id=&#8221;&#8221; lightbox_image=&#8221;&#8221; lightbox_image_id=&#8221;&#8221; alt=&#8221;&#8221; link=&#8221;&#8221; linktarget=&#8221;_self&#8221; hide_on_mobile=&#8221;small-visibility,medium-visibility,large-visibility&#8221; class=&#8221;&#8221; id=&#8221;&#8221; animation_type=&#8221;&#8221; animation_direction=&#8221;left&#8221; animation_speed=&#8221;0.3&#8243; animation_offset=&#8221;&#8221;]https:\/\/www.bitacoracdmx.com\/wp-content\/uploads\/2022\/09\/022c5c1b-ad52-22d1-f9c3-0d27bc76daaf-300&#215;300.jpg[\/fusion_imageframe][\/fusion_builder_column][\/fusion_builder_row][\/fusion_builder_container]<\/p>\n","protected":false},"excerpt":{"rendered":"<p>[fusion_builder_container hundred_percent=&#8221;no&#8221; equal_height_columns=&#8221;no&#8221; menu_anchor=&#8221;&#8221; hide_on_mobile=&#8221;small-visibility,medium-visibility,large-visibility&#8221; class=&#8221;&#8221; id=&#8221;&#8221; background_color=&#8221;&#8221; background_image=&#8221;&#8221; background_position=&#8221;center center&#8221; background_repeat=&#8221;no-repeat&#8221; fade=&#8221;no&#8221; background_parallax=&#8221;none&#8221; parallax_speed=&#8221;0.3&#8243; video_mp4=&#8221;&#8221; video_webm=&#8221;&#8221; video_ogv=&#8221;&#8221; video_url=&#8221;&#8221; video_aspect_ratio=&#8221;16:9&#8243; video_loop=&#8221;yes&#8221; video_mute=&#8221;yes&#8221; overlay_color=&#8221;&#8221; video_preview_image=&#8221;&#8221; border_size=&#8221;&#8221; border_color=&#8221;&#8221; border_style=&#8221;solid&#8221; padding_top=&#8221;&#8221; padding_bottom=&#8221;&#8221; padding_left=&#8221;&#8221; padding_right=&#8221;&#8221;][fusion_builder_row][fusion_builder_column type=&#8221;1_1&#8243; layout=&#8221;1_1&#8243; background_position=&#8221;left top&#8221; background_color=&#8221;&#8221; border_size=&#8221;&#8221; border_color=&#8221;&#8221; border_style=&#8221;solid&#8221; border_position=&#8221;all&#8221; spacing=&#8221;yes&#8221; background_image=&#8221;&#8221; background_repeat=&#8221;no-repeat&#8221; padding_top=&#8221;&#8221; padding_right=&#8221;&#8221; padding_bottom=&#8221;&#8221; padding_left=&#8221;&#8221; margin_top=&#8221;0px&#8221; margin_bottom=&#8221;0px&#8221; class=&#8221;&#8221; id=&#8221;&#8221; animation_type=&#8221;&#8221; animation_speed=&#8221;0.3&#8243; animation_direction=&#8221;left&#8221; hide_on_mobile=&#8221;small-visibility,medium-visibility,large-visibility&#8221; center_content=&#8221;no&#8221; last=&#8221;no&#8221; min_height=&#8221;&#8221; hover_type=&#8221;none&#8221; link=&#8221;&#8221;][fusion_text] REDACCI\u00d3N La canci\u00f3n que da nombre al \u00e1lbum cuenta con la participaci\u00f3n del reconocido artista argentino Kevin Johansen Daniel Drexler da un paso al frente con\u00a0La Voz de la Diosa Entrop\u00eda, su noveno disco. Se trata de una colecci\u00f3n de [&hellip;]<\/p>\n","protected":false},"author":1,"featured_media":46964,"comment_status":"open","ping_status":"open","sticky":false,"template":"","format":"standard","meta":{"footnotes":""},"categories":[9,11],"tags":[],"_links":{"self":[{"href":"https:\/\/www.bitacoracdmx.com\/index.php?rest_route=\/wp\/v2\/posts\/46963"}],"collection":[{"href":"https:\/\/www.bitacoracdmx.com\/index.php?rest_route=\/wp\/v2\/posts"}],"about":[{"href":"https:\/\/www.bitacoracdmx.com\/index.php?rest_route=\/wp\/v2\/types\/post"}],"author":[{"embeddable":true,"href":"https:\/\/www.bitacoracdmx.com\/index.php?rest_route=\/wp\/v2\/users\/1"}],"replies":[{"embeddable":true,"href":"https:\/\/www.bitacoracdmx.com\/index.php?rest_route=%2Fwp%2Fv2%2Fcomments&post=46963"}],"version-history":[{"count":1,"href":"https:\/\/www.bitacoracdmx.com\/index.php?rest_route=\/wp\/v2\/posts\/46963\/revisions"}],"predecessor-version":[{"id":46965,"href":"https:\/\/www.bitacoracdmx.com\/index.php?rest_route=\/wp\/v2\/posts\/46963\/revisions\/46965"}],"wp:featuredmedia":[{"embeddable":true,"href":"https:\/\/www.bitacoracdmx.com\/index.php?rest_route=\/wp\/v2\/media\/46964"}],"wp:attachment":[{"href":"https:\/\/www.bitacoracdmx.com\/index.php?rest_route=%2Fwp%2Fv2%2Fmedia&parent=46963"}],"wp:term":[{"taxonomy":"category","embeddable":true,"href":"https:\/\/www.bitacoracdmx.com\/index.php?rest_route=%2Fwp%2Fv2%2Fcategories&post=46963"},{"taxonomy":"post_tag","embeddable":true,"href":"https:\/\/www.bitacoracdmx.com\/index.php?rest_route=%2Fwp%2Fv2%2Ftags&post=46963"}],"curies":[{"name":"wp","href":"https:\/\/api.w.org\/{rel}","templated":true}]}}