{"id":46970,"date":"2022-09-28T03:19:29","date_gmt":"2022-09-28T03:19:29","guid":{"rendered":"https:\/\/www.bitacoracdmx.com\/?p=46970"},"modified":"2022-09-28T03:19:29","modified_gmt":"2022-09-28T03:19:29","slug":"jose-madero-llega-este-viernes-30-de-septiembre-a-orizaba-para-presentar-giallo","status":"publish","type":"post","link":"https:\/\/www.bitacoracdmx.com\/?p=46970","title":{"rendered":"JOSE MADERO llega este viernes 30 de septiembre a ORIZABA para presentar \u201cGIALLO\u201d"},"content":{"rendered":"<p>[fusion_builder_container hundred_percent=&#8221;no&#8221; equal_height_columns=&#8221;no&#8221; menu_anchor=&#8221;&#8221; hide_on_mobile=&#8221;small-visibility,medium-visibility,large-visibility&#8221; class=&#8221;&#8221; id=&#8221;&#8221; background_color=&#8221;&#8221; background_image=&#8221;&#8221; background_position=&#8221;center center&#8221; background_repeat=&#8221;no-repeat&#8221; fade=&#8221;no&#8221; background_parallax=&#8221;none&#8221; parallax_speed=&#8221;0.3&#8243; video_mp4=&#8221;&#8221; video_webm=&#8221;&#8221; video_ogv=&#8221;&#8221; video_url=&#8221;&#8221; video_aspect_ratio=&#8221;16:9&#8243; video_loop=&#8221;yes&#8221; video_mute=&#8221;yes&#8221; overlay_color=&#8221;&#8221; video_preview_image=&#8221;&#8221; border_size=&#8221;&#8221; border_color=&#8221;&#8221; border_style=&#8221;solid&#8221; padding_top=&#8221;&#8221; padding_bottom=&#8221;&#8221; padding_left=&#8221;&#8221; padding_right=&#8221;&#8221;][fusion_builder_row][fusion_builder_column type=&#8221;1_1&#8243; layout=&#8221;1_1&#8243; background_position=&#8221;left top&#8221; background_color=&#8221;&#8221; border_size=&#8221;&#8221; border_color=&#8221;&#8221; border_style=&#8221;solid&#8221; border_position=&#8221;all&#8221; spacing=&#8221;yes&#8221; background_image=&#8221;&#8221; background_repeat=&#8221;no-repeat&#8221; padding_top=&#8221;&#8221; padding_right=&#8221;&#8221; padding_bottom=&#8221;&#8221; padding_left=&#8221;&#8221; margin_top=&#8221;0px&#8221; margin_bottom=&#8221;0px&#8221; class=&#8221;&#8221; id=&#8221;&#8221; animation_type=&#8221;&#8221; animation_speed=&#8221;0.3&#8243; animation_direction=&#8221;left&#8221; hide_on_mobile=&#8221;small-visibility,medium-visibility,large-visibility&#8221; center_content=&#8221;no&#8221; last=&#8221;no&#8221; min_height=&#8221;&#8221; hover_type=&#8221;none&#8221; link=&#8221;&#8221;][fusion_text]<\/p>\n<p>REDACCI\u00d3N<\/p>\n<p><b><i>*Jos\u00e9 Madero se prepara para presentarse este Viernes 30 de Septiembre en el Auditorio Metropolitano de Orizaba a partir de las nueve de la noche<\/i><\/b><\/p>\n<p><b><i>*Boletos a la venta en taquillas del Auditorio Metropolitano y en Ticketmania en\u00a0<a href=\"https:\/\/ticketmania.mx\/evento\/jose-madero-5\/\" target=\"_blank\" rel=\"noopener noreferrer\" data-auth=\"NotApplicable\" data-linkindex=\"0\">https:\/\/ticketmania.mx\/evento\/jose-madero-5\/<\/a><\/i><\/b><\/p>\n<p><b>Despu\u00e9s de m\u00e1s de 100 shows en M\u00e9xico, Sudam\u00e9rica y Estados Unidos, m\u00e1s de 30 recitales en vivo en distintas partes de la rep\u00fablica en el \u00faltimo a\u00f1o y tras debutar como n\u00famero uno en listas de \u00e9xitos y ventas, el regiomontano Jos\u00e9 Madero presenta &#8220;Giallo&#8221;, su quinta producci\u00f3n como solista, acompa\u00f1ada de su respectiva gira &#8220;Giallo Fantastique Tour&#8221;, la cual abarrot\u00f3 el coloso de Reforma en la CDMX de manera contundente d\u00edas antes de su presentaci\u00f3n. Ahora el multifac\u00e9tico cantante, productor y compositor se prepara para presentarse este Viernes 30 de Septiembre en el Auditorio Metropolitano de Orizaba a partir de las nueve de la noche. Boletos a la venta en taquillas del Auditorio Metropolitano y en Ticketmania en\u00a0<a href=\"https:\/\/ticketmania.mx\/evento\/jose-madero-5\/\" target=\"_blank\" rel=\"noopener noreferrer\" data-auth=\"NotApplicable\" data-linkindex=\"1\">https:\/\/ticketmania.mx\/evento\/jose-madero-5\/<\/a><\/b><\/p>\n<p><b>Jos\u00e9 Madero ex vocalista de PXNDX (Panda), quien adem\u00e1s de cantar es m\u00fasico, compositor, escritor y podcaster mexicano tiene todo listo para llegar a Orizaba este Viernes 30 de Septiembre. Desde el a\u00f1o 2016 se ha dedicado a trabajar en su carrera como solista y se ha ganado el cari\u00f1o de miles de mexicanos amantes de su m\u00fasica. De este modo, el ic\u00f3nico cantante prosigue su gira nacional para dar a conocer su \u00e1lbum titulado \u201cGiallo\u201d que pisar\u00e1 m\u00e1s de 15 ciudades de la Rep\u00fablica Mexicana y pondr\u00e1 a cantar a bailar a todos sus fan\u00e1ticos, en la que entonar\u00e1 tanto sus nuevos \u00e9xitos, pero tambi\u00e9n los tradicionales y cl\u00e1sicos que siguen escuchando miles.<\/b><\/p>\n<p><b>En 2016, Jos\u00e9 Madero present\u00f3 su primer disco como solista, titulado &#8220;Carmes\u00ed&#8221;. El \u00e1lbum obtuvo altas ventas en plataformas digitales de m\u00fasica como iTunes, adem\u00e1s de entrar en los diez m\u00e1s vendidos de M\u00e9xico, donde fue certificado disco de oro. En ese trabajo discogr\u00e1fico, trece canciones, Jos\u00e9 Madero incorpora nuevos sonidos, ritmos e instrumentos. El tema principal es &#8220;Plural siendo singular&#8221;, que sum\u00f3 cuarenta y cinco millones de reproducciones en YouTube. Jos\u00e9 Madero fue nombrado Artista Revelaci\u00f3n M\u00e9xico del 2016, por Monitor Latino, un lista elaborada por expertos de la industria musical, con base en datos de m\u00e1s de 700 emisoras hispanas de radio.<\/b><\/p>\n<p><b>En 2017, Jos\u00e9 Madero public\u00f3 el tema &#8220;Literatura rusa&#8221;, que fue uno de las favoritas del p\u00fablico aficionado al rock. En diciembre de ese a\u00f1o, present\u00f3 &#8220;Rompope para uno&#8221;, una canci\u00f3n de Navidad un poco oscura, muy a su estilo, seg\u00fan la cr\u00edtica especializada. Sus siguientes \u00e1lbumes de estudio fueron &#8220;Noche&#8221;, de 2017; &#8220;Alba&#8221;, de 2018 y &#8220;Psalmos&#8221;, de 2019. Entre 2019 y 2020, Jos\u00e9 Madero estren\u00f3 los sencillos &#8220;Final Ruin&#8221;, &#8220;Riesgo de contagio&#8221; y &#8220;La petite mort&#8221;. En 2021, public\u00f3 las canciones &#8220;Mercedes&#8221;, &#8220;Teoremas, etc.&#8221;, &#8220;Peon\u00edas pt. 3&#8221; e &#8220;Inv\u00f3came&#8221;.<\/b><\/p>\n<p><b>Una voz privilegiada, un roquero aut\u00e9ntico, una exitosa carrera musical y un trabajador incansable, entre otros atributos, le dan a Jos\u00e9 Madero, quien acaba de empezar su cuarta d\u00e9cada de vida, el soporte necesario para seguir brillando como cantante, m\u00fasico, compositor, escritor, productor discogr\u00e1fico o podcaster. Y esta semana estar\u00e1 present\u00e1ndose en Orizaba, concretamente el Viernes 30 de Septiembre en el Auditorio Metropolitano de Orizaba a partir de las nueve de la noche. Boletos a la venta en taquillas del Auditorio Metropolitano y en Ticketmania en\u00a0<a href=\"https:\/\/ticketmania.mx\/evento\/jose-madero-5\/\" target=\"_blank\" rel=\"noopener noreferrer\" data-auth=\"NotApplicable\" data-linkindex=\"2\">https:\/\/ticketmania.mx\/evento\/jose-madero-5\/<\/a>\u00a0<\/b><\/p>\n<p>[\/fusion_text][fusion_imageframe image_id=&#8221;46971|medium&#8221; max_width=&#8221;&#8221; style_type=&#8221;&#8221; blur=&#8221;&#8221; stylecolor=&#8221;&#8221; hover_type=&#8221;none&#8221; bordersize=&#8221;&#8221; bordercolor=&#8221;&#8221; borderradius=&#8221;&#8221; align=&#8221;none&#8221; lightbox=&#8221;no&#8221; gallery_id=&#8221;&#8221; lightbox_image=&#8221;&#8221; lightbox_image_id=&#8221;&#8221; alt=&#8221;&#8221; link=&#8221;&#8221; linktarget=&#8221;_self&#8221; hide_on_mobile=&#8221;small-visibility,medium-visibility,large-visibility&#8221; class=&#8221;&#8221; id=&#8221;&#8221; animation_type=&#8221;&#8221; animation_direction=&#8221;left&#8221; animation_speed=&#8221;0.3&#8243; animation_offset=&#8221;&#8221;]https:\/\/www.bitacoracdmx.com\/wp-content\/uploads\/2022\/09\/descargar-2022-09-27T221649.589-231&#215;300.png[\/fusion_imageframe][\/fusion_builder_column][\/fusion_builder_row][\/fusion_builder_container]<\/p>\n","protected":false},"excerpt":{"rendered":"<p>[fusion_builder_container hundred_percent=&#8221;no&#8221; equal_height_columns=&#8221;no&#8221; menu_anchor=&#8221;&#8221; hide_on_mobile=&#8221;small-visibility,medium-visibility,large-visibility&#8221; class=&#8221;&#8221; id=&#8221;&#8221; background_color=&#8221;&#8221; background_image=&#8221;&#8221; background_position=&#8221;center center&#8221; background_repeat=&#8221;no-repeat&#8221; fade=&#8221;no&#8221; background_parallax=&#8221;none&#8221; parallax_speed=&#8221;0.3&#8243; video_mp4=&#8221;&#8221; video_webm=&#8221;&#8221; video_ogv=&#8221;&#8221; video_url=&#8221;&#8221; video_aspect_ratio=&#8221;16:9&#8243; video_loop=&#8221;yes&#8221; video_mute=&#8221;yes&#8221; overlay_color=&#8221;&#8221; video_preview_image=&#8221;&#8221; border_size=&#8221;&#8221; border_color=&#8221;&#8221; border_style=&#8221;solid&#8221; padding_top=&#8221;&#8221; padding_bottom=&#8221;&#8221; padding_left=&#8221;&#8221; padding_right=&#8221;&#8221;][fusion_builder_row][fusion_builder_column type=&#8221;1_1&#8243; layout=&#8221;1_1&#8243; background_position=&#8221;left top&#8221; background_color=&#8221;&#8221; border_size=&#8221;&#8221; border_color=&#8221;&#8221; border_style=&#8221;solid&#8221; border_position=&#8221;all&#8221; spacing=&#8221;yes&#8221; background_image=&#8221;&#8221; background_repeat=&#8221;no-repeat&#8221; padding_top=&#8221;&#8221; padding_right=&#8221;&#8221; padding_bottom=&#8221;&#8221; padding_left=&#8221;&#8221; margin_top=&#8221;0px&#8221; margin_bottom=&#8221;0px&#8221; class=&#8221;&#8221; id=&#8221;&#8221; animation_type=&#8221;&#8221; animation_speed=&#8221;0.3&#8243; animation_direction=&#8221;left&#8221; hide_on_mobile=&#8221;small-visibility,medium-visibility,large-visibility&#8221; center_content=&#8221;no&#8221; last=&#8221;no&#8221; min_height=&#8221;&#8221; hover_type=&#8221;none&#8221; link=&#8221;&#8221;][fusion_text] REDACCI\u00d3N *Jos\u00e9 Madero se prepara para presentarse este Viernes 30 de Septiembre en el Auditorio Metropolitano de Orizaba a partir de las nueve de la noche *Boletos a la venta en taquillas del Auditorio Metropolitano y en Ticketmania en\u00a0https:\/\/ticketmania.mx\/evento\/jose-madero-5\/ Despu\u00e9s [&hellip;]<\/p>\n","protected":false},"author":1,"featured_media":46971,"comment_status":"open","ping_status":"open","sticky":false,"template":"","format":"standard","meta":{"footnotes":""},"categories":[9,11],"tags":[],"_links":{"self":[{"href":"https:\/\/www.bitacoracdmx.com\/index.php?rest_route=\/wp\/v2\/posts\/46970"}],"collection":[{"href":"https:\/\/www.bitacoracdmx.com\/index.php?rest_route=\/wp\/v2\/posts"}],"about":[{"href":"https:\/\/www.bitacoracdmx.com\/index.php?rest_route=\/wp\/v2\/types\/post"}],"author":[{"embeddable":true,"href":"https:\/\/www.bitacoracdmx.com\/index.php?rest_route=\/wp\/v2\/users\/1"}],"replies":[{"embeddable":true,"href":"https:\/\/www.bitacoracdmx.com\/index.php?rest_route=%2Fwp%2Fv2%2Fcomments&post=46970"}],"version-history":[{"count":1,"href":"https:\/\/www.bitacoracdmx.com\/index.php?rest_route=\/wp\/v2\/posts\/46970\/revisions"}],"predecessor-version":[{"id":46972,"href":"https:\/\/www.bitacoracdmx.com\/index.php?rest_route=\/wp\/v2\/posts\/46970\/revisions\/46972"}],"wp:featuredmedia":[{"embeddable":true,"href":"https:\/\/www.bitacoracdmx.com\/index.php?rest_route=\/wp\/v2\/media\/46971"}],"wp:attachment":[{"href":"https:\/\/www.bitacoracdmx.com\/index.php?rest_route=%2Fwp%2Fv2%2Fmedia&parent=46970"}],"wp:term":[{"taxonomy":"category","embeddable":true,"href":"https:\/\/www.bitacoracdmx.com\/index.php?rest_route=%2Fwp%2Fv2%2Fcategories&post=46970"},{"taxonomy":"post_tag","embeddable":true,"href":"https:\/\/www.bitacoracdmx.com\/index.php?rest_route=%2Fwp%2Fv2%2Ftags&post=46970"}],"curies":[{"name":"wp","href":"https:\/\/api.w.org\/{rel}","templated":true}]}}