{"id":46976,"date":"2022-09-28T03:41:18","date_gmt":"2022-09-28T03:41:18","guid":{"rendered":"https:\/\/www.bitacoracdmx.com\/?p=46976"},"modified":"2022-09-28T03:41:18","modified_gmt":"2022-09-28T03:41:18","slug":"desde-el-caribe-mexicano-treefunkers-llega-este-2-de-octubre-al-multiforo-246-col-roma","status":"publish","type":"post","link":"https:\/\/www.bitacoracdmx.com\/?p=46976","title":{"rendered":"Desde el Caribe Mexicano, TREEFUNKERS llega este 2 de Octubre al Multiforo 246, Col. Roma."},"content":{"rendered":"<p>[fusion_builder_container hundred_percent=&#8221;no&#8221; equal_height_columns=&#8221;no&#8221; menu_anchor=&#8221;&#8221; hide_on_mobile=&#8221;small-visibility,medium-visibility,large-visibility&#8221; class=&#8221;&#8221; id=&#8221;&#8221; background_color=&#8221;&#8221; background_image=&#8221;&#8221; background_position=&#8221;center center&#8221; background_repeat=&#8221;no-repeat&#8221; fade=&#8221;no&#8221; background_parallax=&#8221;none&#8221; parallax_speed=&#8221;0.3&#8243; video_mp4=&#8221;&#8221; video_webm=&#8221;&#8221; video_ogv=&#8221;&#8221; video_url=&#8221;&#8221; video_aspect_ratio=&#8221;16:9&#8243; video_loop=&#8221;yes&#8221; video_mute=&#8221;yes&#8221; overlay_color=&#8221;&#8221; video_preview_image=&#8221;&#8221; border_size=&#8221;&#8221; border_color=&#8221;&#8221; border_style=&#8221;solid&#8221; padding_top=&#8221;&#8221; padding_bottom=&#8221;&#8221; padding_left=&#8221;&#8221; padding_right=&#8221;&#8221;][fusion_builder_row][fusion_builder_column type=&#8221;1_1&#8243; layout=&#8221;1_1&#8243; background_position=&#8221;left top&#8221; background_color=&#8221;&#8221; border_size=&#8221;&#8221; border_color=&#8221;&#8221; border_style=&#8221;solid&#8221; border_position=&#8221;all&#8221; spacing=&#8221;yes&#8221; background_image=&#8221;&#8221; background_repeat=&#8221;no-repeat&#8221; padding_top=&#8221;&#8221; padding_right=&#8221;&#8221; padding_bottom=&#8221;&#8221; padding_left=&#8221;&#8221; margin_top=&#8221;0px&#8221; margin_bottom=&#8221;0px&#8221; class=&#8221;&#8221; id=&#8221;&#8221; animation_type=&#8221;&#8221; animation_speed=&#8221;0.3&#8243; animation_direction=&#8221;left&#8221; hide_on_mobile=&#8221;small-visibility,medium-visibility,large-visibility&#8221; center_content=&#8221;no&#8221; last=&#8221;no&#8221; min_height=&#8221;&#8221; hover_type=&#8221;none&#8221; link=&#8221;&#8221;][fusion_text]<\/p>\n<p>REDACCI\u00d3N<\/p>\n<ul>\n<li>Su sonido estallar\u00e1 en el escenario presentando su producci\u00f3n musical \u201cLA MISI\u00d3N\u201d.<\/li>\n<li>Un viaje interestelar donde la consciencia y la fantas\u00eda se entrelazan con el ritmo y las melod\u00edas<\/li>\n<\/ul>\n<p>TREEFUNKERS surge en 2015 teniendo su base en la Riviera Maya, en conexi\u00f3n directa con el mar y la selva.<\/p>\n<p>Es una formaci\u00f3n creativa de 4 m\u00fasicos experimentados, procedentes de diversos g\u00e9neros y culturas, con una propuesta que rompe los moldes establecidos para crear un fresco y nuevo estilo. En ocasiones especiales cuenta con la participaci\u00f3n de artistas invitados en las percusiones, vientos, danza, performance y visuales. https:\/\/youtu.be\/6lxuy4j2oX0<\/p>\n<p>Esta banda alternativa y ecl\u00e9ctica regresa a CDMX para presentar en vivo su producci\u00f3n musical \u201cLa Misi\u00f3n\u201d. La cita es el pr\u00f3ximo domingo 2 DE OCTUBRE a las 7 PM en el Multiforo Cultural 246 (Quer\u00e9taro 246, Col. Roma).<\/p>\n<p>La explosi\u00f3n r\u00edtmica, sus melod\u00edas y sonidos futuristas, son el ingrediente secreto de su concepto musical, audiovisual y esc\u00e9nico, que va desde estilos musicales como el Electro Funk y el Cosmic Ragga, al Afrobeat y el Electro Dance con tinte Gypsy, fusi\u00f3n que detona en el escenario incitando al baile y generando consciencia con su l\u00edrica.<\/p>\n<p>\u201cLA MISI\u00d3N\u201d es la historia de un viaje interestelar donde los protagonistas aterrizan en el &#8220;Planeta Nave Tierra&#8221; para transmitir un mensaje de alerta y esperanza. Se invita al oyente a un recorrido m\u00e1gico, lleno de paisajes y personajes tan diversos como los &#8220;332 Vampiros&#8221; de las monta\u00f1as de Transilvania, seres extraordinarios de un &#8220;Circo Underground&#8221; y &#8220;La Tierra de la Sand\u00eda&#8221;, cuyas im\u00e1genes remiten a Lewis Carroll. Nos transporta al desierto para encontrar &#8220;La Flor de la Verdad&#8221;. Su sonido funky nos pasea por \u00c1frica y con &#8220;Cuando el sol se va\u201d nos regresa al Caribe en donde la consciencia y la fantas\u00eda se entrelazan con el ritmo y las melod\u00edas. En su tema final se devela su mensaje contundente y su &#8220;Regreso a Andr\u00f3meda&#8221;.<\/p>\n<p>Esta producci\u00f3n musical se encuentra disponible en CD y en todas las plataformas digitales. 10 temas que van ligados de principio a fin y que se presentar\u00e1n en directo mezclando la electr\u00f3nica con instrumentos ac\u00fasticos, llevando al p\u00fablico a un ambiente de festividad y reflexi\u00f3n.<\/p>\n<p>S\u00e9 parte de este viaje. Los boletos ya est\u00e1n disponibles.<\/p>\n<p>Aprovecha Preventa:<\/p>\n<p>https:\/\/www.wegow.com\/es-mx\/conciertos\/treefunkers-en-multiforo-246<\/p>\n<p>Esta presentaci\u00f3n en el Multiforo 246, forma parte del Tour 2022 de TREEFUNKERS.<\/p>\n<p>Alineaci\u00f3n:<\/p>\n<p>Changora Drums- Bater\u00eda, Voz y Sintetizador.<\/p>\n<p>Vaquero Gal\u00e1ctico \u2013 Guitarra, Voz.<\/p>\n<p>Sesan del futuro: Teclados y Sintetizadores.<\/p>\n<p>Shura Pikovska &#8211; Bajo el\u00e9ctrico, Danza y Performance<\/p>\n<p>TREEFUNKERS ha participado en festivales y eventos como:<\/p>\n<p>Magno Carnaval de Playa del Carmen 2015.<\/p>\n<p>Festival Internacional de M\u00fasica de Puerto Morelos (FIMU).<\/p>\n<p>Festival de M\u00fasica y Gastronom\u00eda &#8220;Food &amp; Wine&#8221;.<\/p>\n<p>Festival Art\u00edstico \u201c\u00c1ndale\u201d de Playa del Carmen.<\/p>\n<p>Primer Aniversario de \u201cFuck Up Nights\u201d .<\/p>\n<p>Festival de Cultura del Caribe 2017, en las sedes de Canc\u00fan, Bacalar y Puerto Morelos.<\/p>\n<p>Festival FAIBAC 2018 en Bacalar, Quintana Roo.<\/p>\n<p>Festival \u201cM\u00fasica contra el olvido\u201d de Cultura UNAM 2019.<\/p>\n<p>Redes Sociales: https:\/\/www.facebook.com\/treefunkers https:\/\/instagram.com\/treefunkers?igshid=YmMyMTA2M2Y= https:\/\/youtube.com\/channel\/UCXu_G_PjK4-2bz-ib6WeSfg<\/p>\n<p>TREEFUNKERS en MULTIFORO 246<\/p>\n<p>(Quer\u00e9taro 246, Col. Roma, 06700 Cuauht\u00e9moc, CDMX) Domingo 2 de Octubre, 2022 7PM Preventa $100 D\u00eda del evento $150<\/p>\n<p>https:\/\/www.wegow.com\/es-mx\/conciertos\/treefunkers-en-multiforo-246 #conciertoscdmx #conciertoscdmx2022 #bandasalternativas #foroscdmx #tourtreefunkers2022 #giratreefunkers2022 #conciertos #m\u00fasicaenvivo #cultura #eventos #CDMX<\/p>\n<p>[\/fusion_text][fusion_imageframe image_id=&#8221;46977|medium&#8221; max_width=&#8221;&#8221; style_type=&#8221;&#8221; blur=&#8221;&#8221; stylecolor=&#8221;&#8221; hover_type=&#8221;none&#8221; bordersize=&#8221;&#8221; bordercolor=&#8221;&#8221; borderradius=&#8221;&#8221; align=&#8221;none&#8221; lightbox=&#8221;no&#8221; gallery_id=&#8221;&#8221; lightbox_image=&#8221;&#8221; lightbox_image_id=&#8221;&#8221; alt=&#8221;&#8221; link=&#8221;&#8221; linktarget=&#8221;_self&#8221; hide_on_mobile=&#8221;small-visibility,medium-visibility,large-visibility&#8221; class=&#8221;&#8221; id=&#8221;&#8221; animation_type=&#8221;&#8221; animation_direction=&#8221;left&#8221; animation_speed=&#8221;0.3&#8243; animation_offset=&#8221;&#8221;]https:\/\/www.bitacoracdmx.com\/wp-content\/uploads\/2022\/09\/TREEFUNKERS-BANNER-MULTIFORO-246-300&#215;300.jpg[\/fusion_imageframe][\/fusion_builder_column][\/fusion_builder_row][\/fusion_builder_container]<\/p>\n","protected":false},"excerpt":{"rendered":"<p>[fusion_builder_container hundred_percent=&#8221;no&#8221; equal_height_columns=&#8221;no&#8221; menu_anchor=&#8221;&#8221; hide_on_mobile=&#8221;small-visibility,medium-visibility,large-visibility&#8221; class=&#8221;&#8221; id=&#8221;&#8221; background_color=&#8221;&#8221; background_image=&#8221;&#8221; background_position=&#8221;center center&#8221; background_repeat=&#8221;no-repeat&#8221; fade=&#8221;no&#8221; background_parallax=&#8221;none&#8221; parallax_speed=&#8221;0.3&#8243; video_mp4=&#8221;&#8221; video_webm=&#8221;&#8221; video_ogv=&#8221;&#8221; video_url=&#8221;&#8221; video_aspect_ratio=&#8221;16:9&#8243; video_loop=&#8221;yes&#8221; video_mute=&#8221;yes&#8221; overlay_color=&#8221;&#8221; video_preview_image=&#8221;&#8221; border_size=&#8221;&#8221; border_color=&#8221;&#8221; border_style=&#8221;solid&#8221; padding_top=&#8221;&#8221; padding_bottom=&#8221;&#8221; padding_left=&#8221;&#8221; padding_right=&#8221;&#8221;][fusion_builder_row][fusion_builder_column type=&#8221;1_1&#8243; layout=&#8221;1_1&#8243; background_position=&#8221;left top&#8221; background_color=&#8221;&#8221; border_size=&#8221;&#8221; border_color=&#8221;&#8221; border_style=&#8221;solid&#8221; border_position=&#8221;all&#8221; spacing=&#8221;yes&#8221; background_image=&#8221;&#8221; background_repeat=&#8221;no-repeat&#8221; padding_top=&#8221;&#8221; padding_right=&#8221;&#8221; padding_bottom=&#8221;&#8221; padding_left=&#8221;&#8221; margin_top=&#8221;0px&#8221; margin_bottom=&#8221;0px&#8221; class=&#8221;&#8221; id=&#8221;&#8221; animation_type=&#8221;&#8221; animation_speed=&#8221;0.3&#8243; animation_direction=&#8221;left&#8221; hide_on_mobile=&#8221;small-visibility,medium-visibility,large-visibility&#8221; center_content=&#8221;no&#8221; last=&#8221;no&#8221; min_height=&#8221;&#8221; hover_type=&#8221;none&#8221; link=&#8221;&#8221;][fusion_text] REDACCI\u00d3N Su sonido estallar\u00e1 en el escenario presentando su producci\u00f3n musical \u201cLA MISI\u00d3N\u201d. Un viaje interestelar donde la consciencia y la fantas\u00eda se entrelazan con el ritmo y las melod\u00edas TREEFUNKERS surge en 2015 teniendo su base en la Riviera [&hellip;]<\/p>\n","protected":false},"author":1,"featured_media":46977,"comment_status":"open","ping_status":"open","sticky":false,"template":"","format":"standard","meta":{"footnotes":""},"categories":[9,11],"tags":[],"_links":{"self":[{"href":"https:\/\/www.bitacoracdmx.com\/index.php?rest_route=\/wp\/v2\/posts\/46976"}],"collection":[{"href":"https:\/\/www.bitacoracdmx.com\/index.php?rest_route=\/wp\/v2\/posts"}],"about":[{"href":"https:\/\/www.bitacoracdmx.com\/index.php?rest_route=\/wp\/v2\/types\/post"}],"author":[{"embeddable":true,"href":"https:\/\/www.bitacoracdmx.com\/index.php?rest_route=\/wp\/v2\/users\/1"}],"replies":[{"embeddable":true,"href":"https:\/\/www.bitacoracdmx.com\/index.php?rest_route=%2Fwp%2Fv2%2Fcomments&post=46976"}],"version-history":[{"count":1,"href":"https:\/\/www.bitacoracdmx.com\/index.php?rest_route=\/wp\/v2\/posts\/46976\/revisions"}],"predecessor-version":[{"id":46978,"href":"https:\/\/www.bitacoracdmx.com\/index.php?rest_route=\/wp\/v2\/posts\/46976\/revisions\/46978"}],"wp:featuredmedia":[{"embeddable":true,"href":"https:\/\/www.bitacoracdmx.com\/index.php?rest_route=\/wp\/v2\/media\/46977"}],"wp:attachment":[{"href":"https:\/\/www.bitacoracdmx.com\/index.php?rest_route=%2Fwp%2Fv2%2Fmedia&parent=46976"}],"wp:term":[{"taxonomy":"category","embeddable":true,"href":"https:\/\/www.bitacoracdmx.com\/index.php?rest_route=%2Fwp%2Fv2%2Fcategories&post=46976"},{"taxonomy":"post_tag","embeddable":true,"href":"https:\/\/www.bitacoracdmx.com\/index.php?rest_route=%2Fwp%2Fv2%2Ftags&post=46976"}],"curies":[{"name":"wp","href":"https:\/\/api.w.org\/{rel}","templated":true}]}}