{"id":46979,"date":"2022-09-28T03:54:10","date_gmt":"2022-09-28T03:54:10","guid":{"rendered":"https:\/\/www.bitacoracdmx.com\/?p=46979"},"modified":"2022-09-28T03:54:10","modified_gmt":"2022-09-28T03:54:10","slug":"en-colaboracion-con-imacp-canacine-puebla-trae-seleccion-del-fecir","status":"publish","type":"post","link":"https:\/\/www.bitacoracdmx.com\/?p=46979","title":{"rendered":"En colaboraci\u00f3n con IMACP, CANACINE Puebla trae selecci\u00f3n del FECIR"},"content":{"rendered":"<p>[fusion_builder_container hundred_percent=&#8221;no&#8221; equal_height_columns=&#8221;no&#8221; menu_anchor=&#8221;&#8221; hide_on_mobile=&#8221;small-visibility,medium-visibility,large-visibility&#8221; class=&#8221;&#8221; id=&#8221;&#8221; background_color=&#8221;&#8221; background_image=&#8221;&#8221; background_position=&#8221;center center&#8221; background_repeat=&#8221;no-repeat&#8221; fade=&#8221;no&#8221; background_parallax=&#8221;none&#8221; parallax_speed=&#8221;0.3&#8243; video_mp4=&#8221;&#8221; video_webm=&#8221;&#8221; video_ogv=&#8221;&#8221; video_url=&#8221;&#8221; video_aspect_ratio=&#8221;16:9&#8243; video_loop=&#8221;yes&#8221; video_mute=&#8221;yes&#8221; overlay_color=&#8221;&#8221; video_preview_image=&#8221;&#8221; border_size=&#8221;&#8221; border_color=&#8221;&#8221; border_style=&#8221;solid&#8221; padding_top=&#8221;&#8221; padding_bottom=&#8221;&#8221; padding_left=&#8221;&#8221; padding_right=&#8221;&#8221;][fusion_builder_row][fusion_builder_column type=&#8221;1_1&#8243; layout=&#8221;1_1&#8243; background_position=&#8221;left top&#8221; background_color=&#8221;&#8221; border_size=&#8221;&#8221; border_color=&#8221;&#8221; border_style=&#8221;solid&#8221; border_position=&#8221;all&#8221; spacing=&#8221;yes&#8221; background_image=&#8221;&#8221; background_repeat=&#8221;no-repeat&#8221; padding_top=&#8221;&#8221; padding_right=&#8221;&#8221; padding_bottom=&#8221;&#8221; padding_left=&#8221;&#8221; margin_top=&#8221;0px&#8221; margin_bottom=&#8221;0px&#8221; class=&#8221;&#8221; id=&#8221;&#8221; animation_type=&#8221;&#8221; animation_speed=&#8221;0.3&#8243; animation_direction=&#8221;left&#8221; hide_on_mobile=&#8221;small-visibility,medium-visibility,large-visibility&#8221; center_content=&#8221;no&#8221; last=&#8221;no&#8221; min_height=&#8221;&#8221; hover_type=&#8221;none&#8221; link=&#8221;&#8221;][fusion_text]<\/p>\n<p>REDACCI\u00d3N<\/p>\n<p class=\"x_gmail-MsoListParagraphCxSpFirst\">\u00b7<b>Proyectar\u00e1n 8 pel\u00edculas de la edici\u00f3n 2021 de este festival chileno<\/b><\/p>\n<p class=\"x_gmail-MsoListParagraphCxSpMiddle\">\u00b7<b>Las funciones ser\u00e1n el jueves 29 y viernes 30 de septiembre en instalaciones del IMACP<\/b><\/p>\n<p class=\"x_gmail-MsoListParagraphCxSpLast\">\u00b7<b>Se trata de un evento gratuito, realizado por la Delegaci\u00f3n Puebla de la Canacine<\/b><\/p>\n<p class=\"x_gmail-MsoListParagraphCxSpLast\">El pr\u00f3ximo jueves 29 y viernes 30 de septiembre, el <b>Instituto Municipal de Arte y Cultura de Puebla<\/b>\u00a0(<b>IMACP<\/b>), abrir\u00e1 sus puertas para exhibir una selecci\u00f3n de pel\u00edculas participantes en la edici\u00f3n 2021, la 17 en su historia, del afamado\u00a0<b>Festival Internacional de Cine de Rengo<\/b>, Chile; ofreciendo a sus participantes y espectadores un espacio de difusi\u00f3n, exhibici\u00f3n e intercambio de experiencias e ideas, promoviendo la creaci\u00f3n cinematogr\u00e1fica y audiovisual.<\/p>\n<p class=\"x_MsoNormal\">Las pel\u00edculas a proyectar ser\u00e1n, el jueves 29 de septiembre, a las 17:00 horas:\u00a0<i>So\u00f1\u00e9 que viv\u00eda<\/i>, de\u00a0<b>Eymeraude Cord\u00f3n<\/b>;\u00a0<i>Shepp: La obstinada memoria del viento<\/i>, de\u00a0<b>Mart\u00edn Alonso<\/b>\u00a0y\u00a0<b>A. Reyes<\/b>;\u00a0<i>Vuela<\/i>, de\u00a0<b>Carlos G\u00f3mez<\/b>; y\u00a0<i>Cabra chica<\/i>, de\u00a0<b>Mar\u00eda Jes\u00fas Zais<\/b>.<\/p>\n<p class=\"x_MsoNormal\">De igual manera, el viernes 30 de septiembre, tambi\u00e9n a las 17:00 horas, se exhibir\u00e1n:\u00a0<i>Petros<\/i>,\u00a0<b>de Sim\u00f3n Farriol<\/b>;\u00a0<i>Cantares<\/i>, de\u00a0<b>Guillermo P\u00e9rez<\/b>;\u00a0<i>Manos de hacha<\/i>, de\u00a0<b>Jos\u00e9 Enr\u00edquez<\/b>; y\u00a0<i>El otro<\/i>, de\u00a0<b>Francisco Bermejo<\/b>.<\/p>\n<p class=\"x_MsoNormal\">Presentado por vez primera en 2005, de la mano de su creador y director, el cineasta\u00a0<b>Guillermo P\u00e9rez G\u00e1lvez<\/b>, originario de ese lugar, el\u00a0<b>Festival Internacional de Cine de Rengo<\/b>\u00a0es el \u00fanico en sus caracter\u00edsticas en esa regi\u00f3n y por ende el m\u00e1s importantes. Adem\u00e1s de ser uno de los festivales m\u00e1s antiguos de Chile, recibiendo cada a\u00f1o cientos de pel\u00edculas en sus diferentes categor\u00edas en competencia.<\/p>\n<p class=\"x_MsoNormal\">\u201c<i>Este evento es una gran oportunidad para que los poblanos podamos conocer m\u00e1s sobre la cultura cinematogr\u00e1fica chilena y se acerquen m\u00e1s al cine moderno que actualmente se produce en esa regi\u00f3n.<\/i><\/p>\n<p class=\"x_MsoNormal\"><i>Ahora que este evento tan importante ha llegado a nuestra ciudad, no podemos dejar pasar la oportunidad de enriquecernos cultura y cinematogr\u00e1ficamente y lo mejor de todo, es que podr\u00e1 hacerse se manera gratuita<\/i>\u201d, dijo\u00a0<b>Arturo Tay<\/b>, Presidente de la Delegaci\u00f3n Puebla de la\u00a0<b>Canacine<\/b>.<\/p>\n<p class=\"x_MsoNormal\">Esta iniciativa, que ha sido cobijada por el\u00a0<b>Instituto Municipal de Arte y Cultura de Puebla<\/b>\u00a0(<b>IMACP<\/b>), es otro de los esfuerzos que se hacen en la Delegaci\u00f3n Puebla de la\u00a0<b>C\u00e1mara Nacional de la Industria Cinematogr\u00e1fica\u00a0<\/b>(<b>Canacine<\/b>),<b>\u00a0<\/b>para que los habitantes de esa ciudad conozcan cine producido en otros pa\u00edses y conocer as\u00ed diferentes culturas; sin hacer a un lado tambi\u00e9n, el constante apoyo gubernamental y el inter\u00e9s de sus colaboradores.<\/p>\n<p class=\"x_MsoNormal\">&#8220;<i>Esperamos que la gente asista y as\u00ed, podamos seguir trayendo m\u00e1s muestras y m\u00e1s festivales internacionales. En verdad no se pueden perder esta oportunidad<\/i>&#8220;, concluy\u00f3<b>\u00a0Arturo Tay\u00a0<\/b>Presidente de la Delegaci\u00f3n Puebla de la\u00a0<b>CANACINE<\/b>.<\/p>\n<p class=\"x_MsoNormal\">Para conocer m\u00e1s sobre los pr\u00f3ximos eventos que se realizar\u00e1n en Puebla, se pueden consultar las redes sociales en Facebook, Twitter e Instagram: @IMACP.<\/p>\n<p>[\/fusion_text][fusion_imageframe image_id=&#8221;46980|medium&#8221; max_width=&#8221;&#8221; style_type=&#8221;&#8221; blur=&#8221;&#8221; stylecolor=&#8221;&#8221; hover_type=&#8221;none&#8221; bordersize=&#8221;&#8221; bordercolor=&#8221;&#8221; borderradius=&#8221;&#8221; align=&#8221;none&#8221; lightbox=&#8221;no&#8221; gallery_id=&#8221;&#8221; lightbox_image=&#8221;&#8221; lightbox_image_id=&#8221;&#8221; alt=&#8221;&#8221; link=&#8221;&#8221; linktarget=&#8221;_self&#8221; hide_on_mobile=&#8221;small-visibility,medium-visibility,large-visibility&#8221; class=&#8221;&#8221; id=&#8221;&#8221; animation_type=&#8221;&#8221; animation_direction=&#8221;left&#8221; animation_speed=&#8221;0.3&#8243; animation_offset=&#8221;&#8221;]https:\/\/www.bitacoracdmx.com\/wp-content\/uploads\/2022\/09\/Poster-FECIR-300&#215;300.jpeg[\/fusion_imageframe][\/fusion_builder_column][\/fusion_builder_row][\/fusion_builder_container]<\/p>\n","protected":false},"excerpt":{"rendered":"<p>[fusion_builder_container hundred_percent=&#8221;no&#8221; equal_height_columns=&#8221;no&#8221; menu_anchor=&#8221;&#8221; hide_on_mobile=&#8221;small-visibility,medium-visibility,large-visibility&#8221; class=&#8221;&#8221; id=&#8221;&#8221; background_color=&#8221;&#8221; background_image=&#8221;&#8221; background_position=&#8221;center center&#8221; background_repeat=&#8221;no-repeat&#8221; fade=&#8221;no&#8221; background_parallax=&#8221;none&#8221; parallax_speed=&#8221;0.3&#8243; video_mp4=&#8221;&#8221; video_webm=&#8221;&#8221; video_ogv=&#8221;&#8221; video_url=&#8221;&#8221; video_aspect_ratio=&#8221;16:9&#8243; video_loop=&#8221;yes&#8221; video_mute=&#8221;yes&#8221; overlay_color=&#8221;&#8221; video_preview_image=&#8221;&#8221; border_size=&#8221;&#8221; border_color=&#8221;&#8221; border_style=&#8221;solid&#8221; padding_top=&#8221;&#8221; padding_bottom=&#8221;&#8221; padding_left=&#8221;&#8221; padding_right=&#8221;&#8221;][fusion_builder_row][fusion_builder_column type=&#8221;1_1&#8243; layout=&#8221;1_1&#8243; background_position=&#8221;left top&#8221; background_color=&#8221;&#8221; border_size=&#8221;&#8221; border_color=&#8221;&#8221; border_style=&#8221;solid&#8221; border_position=&#8221;all&#8221; spacing=&#8221;yes&#8221; background_image=&#8221;&#8221; background_repeat=&#8221;no-repeat&#8221; padding_top=&#8221;&#8221; padding_right=&#8221;&#8221; padding_bottom=&#8221;&#8221; padding_left=&#8221;&#8221; margin_top=&#8221;0px&#8221; margin_bottom=&#8221;0px&#8221; class=&#8221;&#8221; id=&#8221;&#8221; animation_type=&#8221;&#8221; animation_speed=&#8221;0.3&#8243; animation_direction=&#8221;left&#8221; hide_on_mobile=&#8221;small-visibility,medium-visibility,large-visibility&#8221; center_content=&#8221;no&#8221; last=&#8221;no&#8221; min_height=&#8221;&#8221; hover_type=&#8221;none&#8221; link=&#8221;&#8221;][fusion_text] REDACCI\u00d3N \u00b7Proyectar\u00e1n 8 pel\u00edculas de la edici\u00f3n 2021 de este festival chileno \u00b7Las funciones ser\u00e1n el jueves 29 y viernes 30 de septiembre en instalaciones del IMACP \u00b7Se trata de un evento gratuito, realizado por la Delegaci\u00f3n Puebla de la [&hellip;]<\/p>\n","protected":false},"author":1,"featured_media":46980,"comment_status":"open","ping_status":"open","sticky":false,"template":"","format":"standard","meta":{"footnotes":""},"categories":[3,9],"tags":[],"_links":{"self":[{"href":"https:\/\/www.bitacoracdmx.com\/index.php?rest_route=\/wp\/v2\/posts\/46979"}],"collection":[{"href":"https:\/\/www.bitacoracdmx.com\/index.php?rest_route=\/wp\/v2\/posts"}],"about":[{"href":"https:\/\/www.bitacoracdmx.com\/index.php?rest_route=\/wp\/v2\/types\/post"}],"author":[{"embeddable":true,"href":"https:\/\/www.bitacoracdmx.com\/index.php?rest_route=\/wp\/v2\/users\/1"}],"replies":[{"embeddable":true,"href":"https:\/\/www.bitacoracdmx.com\/index.php?rest_route=%2Fwp%2Fv2%2Fcomments&post=46979"}],"version-history":[{"count":1,"href":"https:\/\/www.bitacoracdmx.com\/index.php?rest_route=\/wp\/v2\/posts\/46979\/revisions"}],"predecessor-version":[{"id":46981,"href":"https:\/\/www.bitacoracdmx.com\/index.php?rest_route=\/wp\/v2\/posts\/46979\/revisions\/46981"}],"wp:featuredmedia":[{"embeddable":true,"href":"https:\/\/www.bitacoracdmx.com\/index.php?rest_route=\/wp\/v2\/media\/46980"}],"wp:attachment":[{"href":"https:\/\/www.bitacoracdmx.com\/index.php?rest_route=%2Fwp%2Fv2%2Fmedia&parent=46979"}],"wp:term":[{"taxonomy":"category","embeddable":true,"href":"https:\/\/www.bitacoracdmx.com\/index.php?rest_route=%2Fwp%2Fv2%2Fcategories&post=46979"},{"taxonomy":"post_tag","embeddable":true,"href":"https:\/\/www.bitacoracdmx.com\/index.php?rest_route=%2Fwp%2Fv2%2Ftags&post=46979"}],"curies":[{"name":"wp","href":"https:\/\/api.w.org\/{rel}","templated":true}]}}