{"id":47368,"date":"2022-10-12T04:14:05","date_gmt":"2022-10-12T04:14:05","guid":{"rendered":"https:\/\/www.bitacoracdmx.com\/?p=47368"},"modified":"2022-10-12T04:14:05","modified_gmt":"2022-10-12T04:14:05","slug":"muse-anuncia-fechas-en-mexico-de-su-will-of-the-people-world-tour-en-2023","status":"publish","type":"post","link":"https:\/\/www.bitacoracdmx.com\/?p=47368","title":{"rendered":"\u00a1MUSE anuncia fechas en M\u00e9xico de su Will Of The People World Tour en 2023!"},"content":{"rendered":"<p>[fusion_builder_container hundred_percent=&#8221;no&#8221; equal_height_columns=&#8221;no&#8221; menu_anchor=&#8221;&#8221; hide_on_mobile=&#8221;small-visibility,medium-visibility,large-visibility&#8221; class=&#8221;&#8221; id=&#8221;&#8221; background_color=&#8221;&#8221; background_image=&#8221;&#8221; background_position=&#8221;center center&#8221; background_repeat=&#8221;no-repeat&#8221; fade=&#8221;no&#8221; background_parallax=&#8221;none&#8221; parallax_speed=&#8221;0.3&#8243; video_mp4=&#8221;&#8221; video_webm=&#8221;&#8221; video_ogv=&#8221;&#8221; video_url=&#8221;&#8221; video_aspect_ratio=&#8221;16:9&#8243; video_loop=&#8221;yes&#8221; video_mute=&#8221;yes&#8221; overlay_color=&#8221;&#8221; video_preview_image=&#8221;&#8221; border_size=&#8221;&#8221; border_color=&#8221;&#8221; border_style=&#8221;solid&#8221; padding_top=&#8221;&#8221; padding_bottom=&#8221;&#8221; padding_left=&#8221;&#8221; padding_right=&#8221;&#8221;][fusion_builder_row][fusion_builder_column type=&#8221;1_1&#8243; layout=&#8221;1_1&#8243; background_position=&#8221;left top&#8221; background_color=&#8221;&#8221; border_size=&#8221;&#8221; border_color=&#8221;&#8221; border_style=&#8221;solid&#8221; border_position=&#8221;all&#8221; spacing=&#8221;yes&#8221; background_image=&#8221;&#8221; background_repeat=&#8221;no-repeat&#8221; padding_top=&#8221;&#8221; padding_right=&#8221;&#8221; padding_bottom=&#8221;&#8221; padding_left=&#8221;&#8221; margin_top=&#8221;0px&#8221; margin_bottom=&#8221;0px&#8221; class=&#8221;&#8221; id=&#8221;&#8221; animation_type=&#8221;&#8221; animation_speed=&#8221;0.3&#8243; animation_direction=&#8221;left&#8221; hide_on_mobile=&#8221;small-visibility,medium-visibility,large-visibility&#8221; center_content=&#8221;no&#8221; last=&#8221;no&#8221; min_height=&#8221;&#8221; hover_type=&#8221;none&#8221; link=&#8221;&#8221;][fusion_text]<\/p>\n<p>REDACCI\u00d3N<\/p>\n<div class=\"pr-story--element-space\">\n<div class=\"pr-story-subheader\">\n<h3 class=\"pr-story--subheader text--wrap pr-font--sans\">El aclamado tr\u00edo de rock alternativo confirma fechas en las principales ciudades del pa\u00eds<\/h3>\n<\/div>\n<\/div>\n<div class=\"pr-story--element-space\">\n<div class=\"pr-story-subheader\">\n<h3 class=\"pr-story--subheader text--wrap pr-font--sans\">18 de enero \u2013 Monterrey \u2013 Estadio Banorte<\/h3>\n<\/div>\n<\/div>\n<div class=\"pr-story--element-space\">\n<div class=\"pr-story-subheader\">\n<h3 class=\"pr-story--subheader text--wrap pr-font--sans\">20 de enero \u2013 Guadalajara \u2013 Arena VFG<\/h3>\n<\/div>\n<\/div>\n<div class=\"pr-story--element-space\">\n<div class=\"pr-story-subheader\">\n<h3 class=\"pr-story--subheader text--wrap pr-font--sans\">22 de enero \u2013 CDMX \u2013 Foro Sol<\/h3>\n<\/div>\n<\/div>\n<div class=\"pr-story--element-space\">\n<div class=\"pr-story-subheader\">\n<h3 class=\"pr-story--subheader text--wrap pr-font--sans\">Preventa Citibanamex: 14 de octubre<\/h3>\n<\/div>\n<\/div>\n<div class=\"pr-story--element-space\">\n<div class=\"pr-story-paragraph\">\n<div class=\"pr-story--text\">\u00a1Regresan! Con gran emoci\u00f3n, nos complace anunciar que la gira mundial\u00a0<b><i>Will Of The People\u00a0<\/i><\/b>llegar\u00e1 a M\u00e9xico en enero de 2023. En medio del \u00e9xito global de su noveno disco de estudio\u00a0<b><i>Will Of The People<\/i><\/b>, la banda de rock\u00a0<b>multi-Platino\u00a0<\/b>y\u00a0<b>ganadora del Grammy<\/b>,<b>\u00a0Muse<\/b>, ha anunciado tres fechas en M\u00e9xico. La agrupaci\u00f3n se presentar\u00e1 el\u00a0<b>18 de enero\u00a0<\/b>en el\u00a0<b>Estadio Banorte\u00a0<\/b>de\u00a0<b>Monterrey<\/b>; el\u00a0<b>20<\/b>, en la\u00a0<b>Arena VFG\u00a0<\/b>de\u00a0<b>Guadalajara<\/b>; mientras que el\u00a0<b>22<\/b>, en el\u00a0<b>Foro Sol\u00a0<\/b>de la\u00a0<b>Ciudad de M\u00e9xico<\/b>, iniciando una larga gira mundial que seguir\u00e1 por Norteam\u00e9rica y Europa.<\/div>\n<\/div>\n<\/div>\n<div class=\"pr-story--element-space\">\n<div class=\"pr-story-paragraph\">\n<div><\/div>\n<div class=\"pr-story--text\">Los boletos para el regreso de\u00a0<b>Muse\u00a0<\/b>a M\u00e9xico estar\u00e1n disponibles en\u00a0<b>Preventa Citibanamex\u00a0<\/b>el\u00a0<b>14 de octubre\u00a0<\/b>a trav\u00e9s de la\u00a0<b>Red Ticketmaster<\/b>, mientras que la venta general comenzar\u00e1 al d\u00eda siguiente.<\/div>\n<\/div>\n<\/div>\n<div class=\"pr-story--element-space\">\n<div class=\"pr-story-paragraph\">\n<div><\/div>\n<div class=\"pr-story--text\">Ampliamente reconocida como una de las mejores bandas en vivo en el mundo,\u00a0<b>Muse\u00a0<\/b>ha producido constantemente los shows m\u00e1s estimulantes e innovadores, y su gira mundial\u00a0<b><i>Will Of The People\u00a0<\/i><\/b>2023 no ser\u00e1 la excepci\u00f3n. \u00a1Esta es la segunda vez que\u00a0<b>Muse\u00a0<\/b>iniciar\u00e1 una gira mundial en M\u00e9xico!<\/div>\n<\/div>\n<\/div>\n<div class=\"pr-story--element-space\">\n<div class=\"pr-story-paragraph\">\n<div><\/div>\n<div class=\"pr-story--text\"><b>Muse\u00a0<\/b>son\u00a0<b>Matt Bellamy<\/b>,\u00a0<b>Dominic Howard\u00a0<\/b>y\u00a0<b>Chris Wolstenholme<\/b>. Desde su formaci\u00f3n en\u00a0<b>1994<\/b>,\u00a0<b>Muse\u00a0<\/b>ha lanzado nueve \u00e1lbumes de estudio, vendiendo m\u00e1s de\u00a0<b>30 millones\u00a0<\/b>de copias en el mundo. Su \u00faltimo disco\u00a0<b><i>Will Of The People<\/i><\/b>\u00a0debut\u00f3 en el #1 en m\u00faltiples territorios, incluyendo el Reino Unido (su s\u00e9ptimo #1 consecutivo), Austria, Francia, Finlandia, Italia y Suiza. Su LP previo,\u00a0<b><i>Simulation Theory<\/i><\/b>, debut\u00f3 en el #1 en numerosos pa\u00edses y continu\u00f3 el \u00e9xito de su producci\u00f3n de\u00a0<b>2015<\/b>,\u00a0<b><i>Drones<\/i><\/b>, el cual lleg\u00f3 a ganar un\u00a0<b>Premio Grammy\u00a0<\/b>por\u00a0<i>Mejor \u00c1lbum de Rock<\/i>, el segundo de la agrupaci\u00f3n.<\/div>\n<\/div>\n<\/div>\n<div class=\"pr-story--element-space\">\n<div class=\"pr-story-paragraph\">\n<div><\/div>\n<div class=\"pr-story--text\"><b>Muse\u00a0<\/b>ha ganado numerosos premios musicales, incluyendo dos\u00a0<b>Premios Grammy<\/b>, un\u00a0<b>American Music Award<\/b>, cinco\u00a0<b>MTV Europe Music Awards<\/b>, dos\u00a0<b>Brit Awards<\/b>, once\u00a0<b>NME Awards<\/b>\u00a0y siete\u00a0<b>Q Awards<\/b>, entre otros.<\/div>\n<\/div>\n<\/div>\n<p>[\/fusion_text][fusion_imageframe image_id=&#8221;47369|medium&#8221; max_width=&#8221;&#8221; style_type=&#8221;&#8221; blur=&#8221;&#8221; stylecolor=&#8221;&#8221; hover_type=&#8221;none&#8221; bordersize=&#8221;&#8221; bordercolor=&#8221;&#8221; borderradius=&#8221;&#8221; align=&#8221;none&#8221; lightbox=&#8221;no&#8221; gallery_id=&#8221;&#8221; lightbox_image=&#8221;&#8221; lightbox_image_id=&#8221;&#8221; alt=&#8221;&#8221; link=&#8221;&#8221; linktarget=&#8221;_self&#8221; hide_on_mobile=&#8221;small-visibility,medium-visibility,large-visibility&#8221; class=&#8221;&#8221; id=&#8221;&#8221; animation_type=&#8221;&#8221; animation_direction=&#8221;left&#8221; animation_speed=&#8221;0.3&#8243; animation_offset=&#8221;&#8221;]https:\/\/www.bitacoracdmx.com\/wp-content\/uploads\/2022\/10\/image_processing20221007-2015854-ziag43-300&#215;169.jpg[\/fusion_imageframe][\/fusion_builder_column][\/fusion_builder_row][\/fusion_builder_container]<\/p>\n","protected":false},"excerpt":{"rendered":"<p>[fusion_builder_container hundred_percent=&#8221;no&#8221; equal_height_columns=&#8221;no&#8221; menu_anchor=&#8221;&#8221; hide_on_mobile=&#8221;small-visibility,medium-visibility,large-visibility&#8221; class=&#8221;&#8221; id=&#8221;&#8221; background_color=&#8221;&#8221; background_image=&#8221;&#8221; background_position=&#8221;center center&#8221; background_repeat=&#8221;no-repeat&#8221; fade=&#8221;no&#8221; background_parallax=&#8221;none&#8221; parallax_speed=&#8221;0.3&#8243; video_mp4=&#8221;&#8221; video_webm=&#8221;&#8221; video_ogv=&#8221;&#8221; video_url=&#8221;&#8221; video_aspect_ratio=&#8221;16:9&#8243; video_loop=&#8221;yes&#8221; video_mute=&#8221;yes&#8221; overlay_color=&#8221;&#8221; video_preview_image=&#8221;&#8221; border_size=&#8221;&#8221; border_color=&#8221;&#8221; border_style=&#8221;solid&#8221; padding_top=&#8221;&#8221; padding_bottom=&#8221;&#8221; padding_left=&#8221;&#8221; padding_right=&#8221;&#8221;][fusion_builder_row][fusion_builder_column type=&#8221;1_1&#8243; layout=&#8221;1_1&#8243; background_position=&#8221;left top&#8221; background_color=&#8221;&#8221; border_size=&#8221;&#8221; border_color=&#8221;&#8221; border_style=&#8221;solid&#8221; border_position=&#8221;all&#8221; spacing=&#8221;yes&#8221; background_image=&#8221;&#8221; background_repeat=&#8221;no-repeat&#8221; padding_top=&#8221;&#8221; padding_right=&#8221;&#8221; padding_bottom=&#8221;&#8221; padding_left=&#8221;&#8221; margin_top=&#8221;0px&#8221; margin_bottom=&#8221;0px&#8221; class=&#8221;&#8221; id=&#8221;&#8221; animation_type=&#8221;&#8221; animation_speed=&#8221;0.3&#8243; animation_direction=&#8221;left&#8221; hide_on_mobile=&#8221;small-visibility,medium-visibility,large-visibility&#8221; center_content=&#8221;no&#8221; last=&#8221;no&#8221; min_height=&#8221;&#8221; hover_type=&#8221;none&#8221; link=&#8221;&#8221;][fusion_text] REDACCI\u00d3N El aclamado tr\u00edo de rock alternativo confirma fechas en las principales ciudades del pa\u00eds 18 de enero \u2013 Monterrey \u2013 Estadio Banorte 20 de enero \u2013 Guadalajara \u2013 Arena VFG 22 de enero \u2013 CDMX \u2013 Foro Sol Preventa [&hellip;]<\/p>\n","protected":false},"author":1,"featured_media":47369,"comment_status":"open","ping_status":"open","sticky":false,"template":"","format":"standard","meta":{"footnotes":""},"categories":[9,11],"tags":[],"_links":{"self":[{"href":"https:\/\/www.bitacoracdmx.com\/index.php?rest_route=\/wp\/v2\/posts\/47368"}],"collection":[{"href":"https:\/\/www.bitacoracdmx.com\/index.php?rest_route=\/wp\/v2\/posts"}],"about":[{"href":"https:\/\/www.bitacoracdmx.com\/index.php?rest_route=\/wp\/v2\/types\/post"}],"author":[{"embeddable":true,"href":"https:\/\/www.bitacoracdmx.com\/index.php?rest_route=\/wp\/v2\/users\/1"}],"replies":[{"embeddable":true,"href":"https:\/\/www.bitacoracdmx.com\/index.php?rest_route=%2Fwp%2Fv2%2Fcomments&post=47368"}],"version-history":[{"count":1,"href":"https:\/\/www.bitacoracdmx.com\/index.php?rest_route=\/wp\/v2\/posts\/47368\/revisions"}],"predecessor-version":[{"id":47370,"href":"https:\/\/www.bitacoracdmx.com\/index.php?rest_route=\/wp\/v2\/posts\/47368\/revisions\/47370"}],"wp:featuredmedia":[{"embeddable":true,"href":"https:\/\/www.bitacoracdmx.com\/index.php?rest_route=\/wp\/v2\/media\/47369"}],"wp:attachment":[{"href":"https:\/\/www.bitacoracdmx.com\/index.php?rest_route=%2Fwp%2Fv2%2Fmedia&parent=47368"}],"wp:term":[{"taxonomy":"category","embeddable":true,"href":"https:\/\/www.bitacoracdmx.com\/index.php?rest_route=%2Fwp%2Fv2%2Fcategories&post=47368"},{"taxonomy":"post_tag","embeddable":true,"href":"https:\/\/www.bitacoracdmx.com\/index.php?rest_route=%2Fwp%2Fv2%2Ftags&post=47368"}],"curies":[{"name":"wp","href":"https:\/\/api.w.org\/{rel}","templated":true}]}}