{"id":47374,"date":"2022-10-12T04:24:55","date_gmt":"2022-10-12T04:24:55","guid":{"rendered":"https:\/\/www.bitacoracdmx.com\/?p=47374"},"modified":"2022-10-12T04:24:55","modified_gmt":"2022-10-12T04:24:55","slug":"kenia-os-hara-suyo-el-auditorio-telmex","status":"publish","type":"post","link":"https:\/\/www.bitacoracdmx.com\/?p=47374","title":{"rendered":"\u00a1KENIA OS har\u00e1 suyo el AUDITORIO TELMEX!"},"content":{"rendered":"<p>[fusion_builder_container hundred_percent=&#8221;no&#8221; equal_height_columns=&#8221;no&#8221; menu_anchor=&#8221;&#8221; hide_on_mobile=&#8221;small-visibility,medium-visibility,large-visibility&#8221; class=&#8221;&#8221; id=&#8221;&#8221; background_color=&#8221;&#8221; background_image=&#8221;&#8221; background_position=&#8221;center center&#8221; background_repeat=&#8221;no-repeat&#8221; fade=&#8221;no&#8221; background_parallax=&#8221;none&#8221; parallax_speed=&#8221;0.3&#8243; video_mp4=&#8221;&#8221; video_webm=&#8221;&#8221; video_ogv=&#8221;&#8221; video_url=&#8221;&#8221; video_aspect_ratio=&#8221;16:9&#8243; video_loop=&#8221;yes&#8221; video_mute=&#8221;yes&#8221; overlay_color=&#8221;&#8221; video_preview_image=&#8221;&#8221; border_size=&#8221;&#8221; border_color=&#8221;&#8221; border_style=&#8221;solid&#8221; padding_top=&#8221;&#8221; padding_bottom=&#8221;&#8221; padding_left=&#8221;&#8221; padding_right=&#8221;&#8221;][fusion_builder_row][fusion_builder_column type=&#8221;1_1&#8243; layout=&#8221;1_1&#8243; background_position=&#8221;left top&#8221; background_color=&#8221;&#8221; border_size=&#8221;&#8221; border_color=&#8221;&#8221; border_style=&#8221;solid&#8221; border_position=&#8221;all&#8221; spacing=&#8221;yes&#8221; background_image=&#8221;&#8221; background_repeat=&#8221;no-repeat&#8221; padding_top=&#8221;&#8221; padding_right=&#8221;&#8221; padding_bottom=&#8221;&#8221; padding_left=&#8221;&#8221; margin_top=&#8221;0px&#8221; margin_bottom=&#8221;0px&#8221; class=&#8221;&#8221; id=&#8221;&#8221; animation_type=&#8221;&#8221; animation_speed=&#8221;0.3&#8243; animation_direction=&#8221;left&#8221; hide_on_mobile=&#8221;small-visibility,medium-visibility,large-visibility&#8221; center_content=&#8221;no&#8221; last=&#8221;no&#8221; min_height=&#8221;&#8221; hover_type=&#8221;none&#8221; link=&#8221;&#8221;][fusion_text]<\/p>\n<p>REDACCI\u00d3N<\/p>\n<div class=\"pr-story--element-space\">\n<div class=\"pr-story-subheader\">\n<h3 class=\"pr-story--subheader text--wrap pr-font--sans\">En medio del furor por su nuevo sencillo \u201cM\u00eda M\u00eda\u201d, la Kenini confirma un show en Guadalajara<\/h3>\n<\/div>\n<\/div>\n<div class=\"pr-story--element-space\">\n<div class=\"pr-story-subheader\">\n<h3 class=\"pr-story--subheader text--wrap pr-font--sans\">10 de febrero, 2023<\/h3>\n<\/div>\n<\/div>\n<div class=\"pr-story--element-space\">\n<div class=\"pr-story-subheader\">\n<h3 class=\"pr-story--subheader text--wrap pr-font--sans\">Preventa Citibanamex: 17 de octubre<\/h3>\n<\/div>\n<\/div>\n<div class=\"pr-story--element-space\">\n<div class=\"pr-story-paragraph\">\n<div class=\"pr-story--text\"><b>Kenia Os\u00a0<\/b>se ha convertido en una de las m\u00e1ximas exponentes del pop contempor\u00e1neo por medio de conciertos en todo M\u00e9xico y Estados Unidos, adem\u00e1s del \u00e9xito que cada uno de sus sencillos alcanza. Ahora, ser\u00e1 el turno de los Keninis en\u00a0<b>Guadalajara\u00a0<\/b>para disfrutarla en vivo con un espectacular concierto en el\u00a0<b>Auditorio Telmex<\/b>, confirmado para el\u00a0<b>10 de febrero de 2023<\/b>. Las entradas estar\u00e1n disponibles en\u00a0<b>Preventa Citibanamex el 17 de octubre\u00a0<\/b>a trav\u00e9s de la\u00a0<b>Red Ticketmaster<\/b>.<\/div>\n<\/div>\n<\/div>\n<div class=\"pr-story--element-space\">\n<div class=\"pr-story-paragraph\">\n<div><\/div>\n<div class=\"pr-story--text\">En medio del gran momento que atraviesa,\u00a0<b>Kenia Os\u00a0<\/b>contin\u00faa creando hits que vislumbran el \u00e9xito de su siguiente \u00e1lbum titulado\u00a0<i>K-23<\/i>. El primer sencillo de esta extravagante producci\u00f3n es \u201cM\u00eda M\u00eda\u201d, donde\u00a0<b>Os\u00a0<\/b>hace la promesa de presentarnos un disco sin igual con un sonido sensual que nos hace bailar hasta el cansancio. El videoclip oficial ya est\u00e1 disponible\u00a0<a href=\"https:\/\/www.youtube.com\/watch?v=5dCnhyZDvKQ\">en YouTube<\/a>.<\/div>\n<\/div>\n<\/div>\n<div class=\"pr-story--element-space\">\n<div class=\"pr-story-paragraph\">\n<div><\/div>\n<div class=\"pr-story--text\">Despu\u00e9s del gran recibimiento que tuvo con una gira de m\u00e1s de 10 fechas en M\u00e9xico,\u00a0<b>Kenia\u00a0<\/b>anunci\u00f3 el comienzo de su\u00a0<i>World Tour K-23<\/i>\u00a0con las primeras paradas en los Estados Unidos, para derrochar todo su talento en ciudades como Las Vegas, Houston, Chicago, Washington, Nueva York, San Francisco, Los \u00c1ngeles, entre muchas otras.<\/div>\n<\/div>\n<\/div>\n<div class=\"pr-story--element-space\">\n<div class=\"pr-story-paragraph\">\n<div><\/div>\n<div class=\"pr-story--text\"><b>Su colaboraci\u00f3n m\u00e1s exitosa hasta el momento sigue dando frutos con el sencillo \u201cMi Salida Contigo\u201d, donde comparte micr\u00f3fonos con Ha*Ash para el nuevo disco de las hermanas.<\/b><\/div>\n<\/div>\n<\/div>\n<div class=\"pr-story--element-space\">\n<div class=\"pr-story-paragraph\">\n<div><\/div>\n<div class=\"pr-story--text\">Con el primer \u00e1lbum\u00a0<i>Cambios de Luna<\/i>\u00a0lanzado este mismo a\u00f1o,\u00a0<b>K Os\u00a0<\/b>rompi\u00f3 todas las listas de popularidad con una candente producci\u00f3n con canciones como \u201cLa Noche\u201d, \u201cSe Fue La Luz\u201d y \u201cShillin\u2019\u201d, adem\u00e1s del hit internacional \u201cLl\u00e9vatelo\u201d, con m\u00e1s de 34 millones de\u00a0<i>streams\u00a0<\/i>en Spotify y 20 millones de\u00a0<i>views\u00a0<\/i>en YouTube.<\/div>\n<\/div>\n<\/div>\n<div class=\"pr-story--element-space\">\n<div class=\"pr-story-paragraph\">\n<div><\/div>\n<div class=\"pr-story--text\">Por ahora,\u00a0<b>Kenia Os\u00a0<\/b>ya prepara los shows que tendr\u00e1 en importantes festivales del pa\u00eds como Tecate Coordenada en Guadalajara, Tecate Comuna en Puebla y Tecate Baj\u00edo en Le\u00f3n, para despu\u00e9s iniciar el 2023 con grandes conciertos en solitario en Ciudad de M\u00e9xico, Monterrey y el reci\u00e9n anunciado show en\u00a0<b>Guadalajara<\/b>.<\/div>\n<\/div>\n<\/div>\n<div class=\"pr-story--element-space\">\n<div class=\"pr-story-paragraph\">\n<div><\/div>\n<div class=\"pr-story--text\">\u00a1Que no te ganen los boletos!<b>\u00a0<\/b>Consigue<b>\u00a0<\/b>tus entradas para el nuevo show de\u00a0<b>Kenia Os\u00a0<\/b>en el\u00a0<b>Auditorio Telmex\u00a0<\/b>para el pr\u00f3ximo\u00a0<b>10 de febrero<\/b>. La venta general comenzar\u00e1 el 18 de octubre en la taquilla del inmueble y a trav\u00e9s de\u00a0<b>Ticketmaster<\/b>.<\/div>\n<\/div>\n<\/div>\n<p>[\/fusion_text][fusion_imageframe image_id=&#8221;47375|medium&#8221; max_width=&#8221;&#8221; style_type=&#8221;&#8221; blur=&#8221;&#8221; stylecolor=&#8221;&#8221; hover_type=&#8221;none&#8221; bordersize=&#8221;&#8221; bordercolor=&#8221;&#8221; borderradius=&#8221;&#8221; align=&#8221;none&#8221; lightbox=&#8221;no&#8221; gallery_id=&#8221;&#8221; lightbox_image=&#8221;&#8221; lightbox_image_id=&#8221;&#8221; alt=&#8221;&#8221; link=&#8221;&#8221; linktarget=&#8221;_self&#8221; hide_on_mobile=&#8221;small-visibility,medium-visibility,large-visibility&#8221; class=&#8221;&#8221; id=&#8221;&#8221; animation_type=&#8221;&#8221; animation_direction=&#8221;left&#8221; animation_speed=&#8221;0.3&#8243; animation_offset=&#8221;&#8221;]https:\/\/www.bitacoracdmx.com\/wp-content\/uploads\/2022\/10\/image_processing20221010-5240-19a9vwh-300&#215;157.jpg[\/fusion_imageframe][\/fusion_builder_column][\/fusion_builder_row][\/fusion_builder_container]<\/p>\n","protected":false},"excerpt":{"rendered":"<p>[fusion_builder_container hundred_percent=&#8221;no&#8221; equal_height_columns=&#8221;no&#8221; menu_anchor=&#8221;&#8221; hide_on_mobile=&#8221;small-visibility,medium-visibility,large-visibility&#8221; class=&#8221;&#8221; id=&#8221;&#8221; background_color=&#8221;&#8221; background_image=&#8221;&#8221; background_position=&#8221;center center&#8221; background_repeat=&#8221;no-repeat&#8221; fade=&#8221;no&#8221; background_parallax=&#8221;none&#8221; parallax_speed=&#8221;0.3&#8243; video_mp4=&#8221;&#8221; video_webm=&#8221;&#8221; video_ogv=&#8221;&#8221; video_url=&#8221;&#8221; video_aspect_ratio=&#8221;16:9&#8243; video_loop=&#8221;yes&#8221; video_mute=&#8221;yes&#8221; overlay_color=&#8221;&#8221; video_preview_image=&#8221;&#8221; border_size=&#8221;&#8221; border_color=&#8221;&#8221; border_style=&#8221;solid&#8221; padding_top=&#8221;&#8221; padding_bottom=&#8221;&#8221; padding_left=&#8221;&#8221; padding_right=&#8221;&#8221;][fusion_builder_row][fusion_builder_column type=&#8221;1_1&#8243; layout=&#8221;1_1&#8243; background_position=&#8221;left top&#8221; background_color=&#8221;&#8221; border_size=&#8221;&#8221; border_color=&#8221;&#8221; border_style=&#8221;solid&#8221; border_position=&#8221;all&#8221; spacing=&#8221;yes&#8221; background_image=&#8221;&#8221; background_repeat=&#8221;no-repeat&#8221; padding_top=&#8221;&#8221; padding_right=&#8221;&#8221; padding_bottom=&#8221;&#8221; padding_left=&#8221;&#8221; margin_top=&#8221;0px&#8221; margin_bottom=&#8221;0px&#8221; class=&#8221;&#8221; id=&#8221;&#8221; animation_type=&#8221;&#8221; animation_speed=&#8221;0.3&#8243; animation_direction=&#8221;left&#8221; hide_on_mobile=&#8221;small-visibility,medium-visibility,large-visibility&#8221; center_content=&#8221;no&#8221; last=&#8221;no&#8221; min_height=&#8221;&#8221; hover_type=&#8221;none&#8221; link=&#8221;&#8221;][fusion_text] REDACCI\u00d3N En medio del furor por su nuevo sencillo \u201cM\u00eda M\u00eda\u201d, la Kenini confirma un show en Guadalajara 10 de febrero, 2023 Preventa Citibanamex: 17 de octubre Kenia Os\u00a0se ha convertido en una de las m\u00e1ximas exponentes del pop contempor\u00e1neo [&hellip;]<\/p>\n","protected":false},"author":1,"featured_media":47375,"comment_status":"open","ping_status":"open","sticky":false,"template":"","format":"standard","meta":{"footnotes":""},"categories":[9,11],"tags":[],"_links":{"self":[{"href":"https:\/\/www.bitacoracdmx.com\/index.php?rest_route=\/wp\/v2\/posts\/47374"}],"collection":[{"href":"https:\/\/www.bitacoracdmx.com\/index.php?rest_route=\/wp\/v2\/posts"}],"about":[{"href":"https:\/\/www.bitacoracdmx.com\/index.php?rest_route=\/wp\/v2\/types\/post"}],"author":[{"embeddable":true,"href":"https:\/\/www.bitacoracdmx.com\/index.php?rest_route=\/wp\/v2\/users\/1"}],"replies":[{"embeddable":true,"href":"https:\/\/www.bitacoracdmx.com\/index.php?rest_route=%2Fwp%2Fv2%2Fcomments&post=47374"}],"version-history":[{"count":1,"href":"https:\/\/www.bitacoracdmx.com\/index.php?rest_route=\/wp\/v2\/posts\/47374\/revisions"}],"predecessor-version":[{"id":47376,"href":"https:\/\/www.bitacoracdmx.com\/index.php?rest_route=\/wp\/v2\/posts\/47374\/revisions\/47376"}],"wp:featuredmedia":[{"embeddable":true,"href":"https:\/\/www.bitacoracdmx.com\/index.php?rest_route=\/wp\/v2\/media\/47375"}],"wp:attachment":[{"href":"https:\/\/www.bitacoracdmx.com\/index.php?rest_route=%2Fwp%2Fv2%2Fmedia&parent=47374"}],"wp:term":[{"taxonomy":"category","embeddable":true,"href":"https:\/\/www.bitacoracdmx.com\/index.php?rest_route=%2Fwp%2Fv2%2Fcategories&post=47374"},{"taxonomy":"post_tag","embeddable":true,"href":"https:\/\/www.bitacoracdmx.com\/index.php?rest_route=%2Fwp%2Fv2%2Ftags&post=47374"}],"curies":[{"name":"wp","href":"https:\/\/api.w.org\/{rel}","templated":true}]}}