{"id":47377,"date":"2022-10-12T04:30:16","date_gmt":"2022-10-12T04:30:16","guid":{"rendered":"https:\/\/www.bitacoracdmx.com\/?p=47377"},"modified":"2022-10-12T04:30:16","modified_gmt":"2022-10-12T04:30:16","slug":"sonata-arctica-confirma-la-fecha-de-su-esperado-regreso-a-mexico-para-celebrar-su-25-aniversario","status":"publish","type":"post","link":"https:\/\/www.bitacoracdmx.com\/?p=47377","title":{"rendered":"\u00a1SONATA ARCTICA Confirma la fecha de su esperado regreso a M\u00e9xico para celebrar su 25 Aniversario!"},"content":{"rendered":"<p>[fusion_builder_container hundred_percent=&#8221;no&#8221; equal_height_columns=&#8221;no&#8221; menu_anchor=&#8221;&#8221; hide_on_mobile=&#8221;small-visibility,medium-visibility,large-visibility&#8221; class=&#8221;&#8221; id=&#8221;&#8221; background_color=&#8221;&#8221; background_image=&#8221;&#8221; background_position=&#8221;center center&#8221; background_repeat=&#8221;no-repeat&#8221; fade=&#8221;no&#8221; background_parallax=&#8221;none&#8221; parallax_speed=&#8221;0.3&#8243; video_mp4=&#8221;&#8221; video_webm=&#8221;&#8221; video_ogv=&#8221;&#8221; video_url=&#8221;&#8221; video_aspect_ratio=&#8221;16:9&#8243; video_loop=&#8221;yes&#8221; video_mute=&#8221;yes&#8221; overlay_color=&#8221;&#8221; video_preview_image=&#8221;&#8221; border_size=&#8221;&#8221; border_color=&#8221;&#8221; border_style=&#8221;solid&#8221; padding_top=&#8221;&#8221; padding_bottom=&#8221;&#8221; padding_left=&#8221;&#8221; padding_right=&#8221;&#8221;][fusion_builder_row][fusion_builder_column type=&#8221;1_1&#8243; layout=&#8221;1_1&#8243; background_position=&#8221;left top&#8221; background_color=&#8221;&#8221; border_size=&#8221;&#8221; border_color=&#8221;&#8221; border_style=&#8221;solid&#8221; border_position=&#8221;all&#8221; spacing=&#8221;yes&#8221; background_image=&#8221;&#8221; background_repeat=&#8221;no-repeat&#8221; padding_top=&#8221;&#8221; padding_right=&#8221;&#8221; padding_bottom=&#8221;&#8221; padding_left=&#8221;&#8221; margin_top=&#8221;0px&#8221; margin_bottom=&#8221;0px&#8221; class=&#8221;&#8221; id=&#8221;&#8221; animation_type=&#8221;&#8221; animation_speed=&#8221;0.3&#8243; animation_direction=&#8221;left&#8221; hide_on_mobile=&#8221;small-visibility,medium-visibility,large-visibility&#8221; center_content=&#8221;no&#8221; last=&#8221;no&#8221; min_height=&#8221;&#8221; hover_type=&#8221;none&#8221; link=&#8221;&#8221;][fusion_text]<\/p>\n<p>REDACCI\u00d3N<\/p>\n<div class=\"pr-story--element-space\">\n<div class=\"pr-story-subheader\">\n<h3 class=\"pr-story--subheader text--wrap pr-font--sans\">La banda finlandesa tocar\u00e1 sus m\u00e1s grandes \u00e9xitos para celebrar su primer cuarto de siglo de forma \u00edntima y poderosa<\/h3>\n<\/div>\n<\/div>\n<div class=\"pr-story--element-space\">\n<div class=\"pr-story-subheader\">\n<h3 class=\"pr-story--subheader text--wrap pr-font--sans\">11 de abril, 2023 \u2013 AHORA EN AUDITORIO BB<\/h3>\n<\/div>\n<\/div>\n<div class=\"pr-story--element-space\">\n<div class=\"pr-story-subheader\">\n<h3 class=\"pr-story--subheader text--wrap pr-font--sans\">Las entradas previamente adquiridas para el Pabell\u00f3n Oeste, ser\u00e1n v\u00e1lidas para esta nueva fecha<\/h3>\n<\/div>\n<\/div>\n<div class=\"pr-story--element-space\">\n<div class=\"pr-story-subheader\">\n<h3 class=\"pr-story--subheader text--wrap pr-font--sans\">Preventa Citibanamex: 17 de octubre<\/h3>\n<\/div>\n<\/div>\n<div class=\"pr-story--element-space\">\n<div class=\"pr-story-paragraph\">\n<div class=\"pr-story--text\"><b>Sonata Arctica<\/b>, una de las agrupaciones de metal finlandesas m\u00e1s exitosas de todos los tiempos, finalmente regresar\u00e1 a M\u00e9xico como parte de su\u00a0<i>25th Anniversary Tour<\/i>. Ser\u00e1 el\u00a0<b>11 de abril de 2023\u00a0<\/b>cuando la banda haga vibrar el\u00a0<b>Auditorio BB\u00a0<\/b>con un poderoso y emocionante concierto que incluir\u00e1 sus m\u00e1s grandes \u00e9xitos. Adquiere tus boletos en la\u00a0<b>Preventa Citibanamex el 17 de octubre\u00a0<\/b>a trav\u00e9s de la<b>\u00a0Red Ticketmaster<\/b>.<\/div>\n<\/div>\n<\/div>\n<div class=\"pr-story--element-space\">\n<div class=\"pr-story-paragraph\">\n<div><\/div>\n<div class=\"pr-story--text\"><b>Las entradas adquiridas previamente para el show pospuesto del 29 de abril de 2022 en el Pabell\u00f3n Oeste, ser\u00e1n v\u00e1lidas para esta nueva fecha confirmada<\/b>\u00a0<b>y no ser\u00e1 necesario realizar ning\u00fan cambio.<\/b><\/div>\n<\/div>\n<\/div>\n<div class=\"pr-story--element-space\">\n<div class=\"pr-story-paragraph\">\n<div class=\"pr-story--text\">Formada en los noventa,\u00a0<b>Sonata Arctica\u00a0<\/b>entr\u00f3 a las grandes ligas r\u00e1pidamente desde su \u00e1lbum debut\u00a0<i>Ecliptica (1999)\u00a0<\/i>y no ha bajado la velocidad desde entonces. Con canciones como \u201cReplica\u201d y \u201cFullMoon\u201d, la banda de power metal se dio a conocer a nivel internacional por su dinamismo y energ\u00eda.<\/div>\n<\/div>\n<\/div>\n<div class=\"pr-story--element-space\">\n<div class=\"pr-story-paragraph\">\n<div><\/div>\n<div class=\"pr-story--text\">Despu\u00e9s de diez \u00e1lbumes de estudio, innumerables giras y gigantescos espect\u00e1culos en festivales, la banda ha mantenido su enfoque en el metal mel\u00f3dico que ha conquistado al p\u00fablico y a la cr\u00edtica especializada alrededor del mundo. Con m\u00e1s de medio mill\u00f3n de oyentes mensuales en Spotify y m\u00e1s de 22 millones de visualizaciones en YouTube,\u00a0<b>Sonata Arctica\u00a0<\/b>se mantiene vigente como una de las bandas m\u00e1s importantes de Finlandia.<\/div>\n<\/div>\n<\/div>\n<div class=\"pr-story--element-space\">\n<div class=\"pr-story-paragraph\">\n<div><\/div>\n<div class=\"pr-story--text\">A inicios de 2022, la banda comenz\u00f3 una nueva aventura<i>\u00a0<\/i>con el\u00a0<i>Volumen Uno<\/i>\u00a0de su primer \u00e1lbum en formato ac\u00fastico, el cual recibi\u00f3 gran aceptaci\u00f3n entre los fans y la cr\u00edtica. El pasado 30 de septiembre, los finlandeses lanzaron la continuaci\u00f3n y segundo cap\u00edtulo de\u00a0<i>Acoustic Adventures<\/i>, para completar esta saga especial.<\/div>\n<\/div>\n<\/div>\n<div class=\"pr-story--element-space\">\n<div class=\"pr-story-paragraph\">\n<div><\/div>\n<div class=\"pr-story--text\"><b>\u00a0Su nuevo sencillo es una en\u00e9rgica versi\u00f3n ac\u00fastica del \u00e9xito de 2013 \u201cVictoria\u2019s Secret\u201d. Esc\u00fachalo <\/b><a href=\"https:\/\/open.spotify.com\/track\/7H7aJuG2E9NGyRtBwV1GlV?si=3a5a0b49102e4d49\"><b>aqu\u00ed<\/b><\/a><b>.<\/b><\/div>\n<\/div>\n<\/div>\n<div class=\"pr-story--element-space\">\n<div class=\"pr-story-paragraph\">\n<div><\/div>\n<div class=\"pr-story--text\">Vive el regreso de\u00a0<b>Sonata Arctica\u00a0<\/b>a la\u00a0<b>Ciudad de M\u00e9xico\u00a0<\/b>con un especial concierto el\u00a0<b>11 de abril de 2023\u00a0<\/b>en el\u00a0<b>Auditorio BB<\/b>. Los boletos estar\u00e1n disponibles en venta general a partir del 18 de octubre de 2022. Recuerda que, si adquiriste boletos para su concierto pospuesto en el Pabell\u00f3n Oeste, no tendr\u00e1s que realizar ning\u00fan cambio, ya que ser\u00e1n v\u00e1lidos para la nueva fecha.<\/div>\n<\/div>\n<\/div>\n<p>[\/fusion_text][fusion_imageframe image_id=&#8221;47378|medium&#8221; max_width=&#8221;&#8221; style_type=&#8221;&#8221; blur=&#8221;&#8221; stylecolor=&#8221;&#8221; hover_type=&#8221;none&#8221; bordersize=&#8221;&#8221; bordercolor=&#8221;&#8221; borderradius=&#8221;&#8221; align=&#8221;none&#8221; lightbox=&#8221;no&#8221; gallery_id=&#8221;&#8221; lightbox_image=&#8221;&#8221; lightbox_image_id=&#8221;&#8221; alt=&#8221;&#8221; link=&#8221;&#8221; linktarget=&#8221;_self&#8221; hide_on_mobile=&#8221;small-visibility,medium-visibility,large-visibility&#8221; class=&#8221;&#8221; id=&#8221;&#8221; animation_type=&#8221;&#8221; animation_direction=&#8221;left&#8221; animation_speed=&#8221;0.3&#8243; animation_offset=&#8221;&#8221;]https:\/\/www.bitacoracdmx.com\/wp-content\/uploads\/2022\/10\/image_processing20221010-5240-7z9k2l-300&#215;157.jpg[\/fusion_imageframe][\/fusion_builder_column][\/fusion_builder_row][\/fusion_builder_container]<\/p>\n","protected":false},"excerpt":{"rendered":"<p>[fusion_builder_container hundred_percent=&#8221;no&#8221; equal_height_columns=&#8221;no&#8221; menu_anchor=&#8221;&#8221; hide_on_mobile=&#8221;small-visibility,medium-visibility,large-visibility&#8221; class=&#8221;&#8221; id=&#8221;&#8221; background_color=&#8221;&#8221; background_image=&#8221;&#8221; background_position=&#8221;center center&#8221; background_repeat=&#8221;no-repeat&#8221; fade=&#8221;no&#8221; background_parallax=&#8221;none&#8221; parallax_speed=&#8221;0.3&#8243; video_mp4=&#8221;&#8221; video_webm=&#8221;&#8221; video_ogv=&#8221;&#8221; video_url=&#8221;&#8221; video_aspect_ratio=&#8221;16:9&#8243; video_loop=&#8221;yes&#8221; video_mute=&#8221;yes&#8221; overlay_color=&#8221;&#8221; video_preview_image=&#8221;&#8221; border_size=&#8221;&#8221; border_color=&#8221;&#8221; border_style=&#8221;solid&#8221; padding_top=&#8221;&#8221; padding_bottom=&#8221;&#8221; padding_left=&#8221;&#8221; padding_right=&#8221;&#8221;][fusion_builder_row][fusion_builder_column type=&#8221;1_1&#8243; layout=&#8221;1_1&#8243; background_position=&#8221;left top&#8221; background_color=&#8221;&#8221; border_size=&#8221;&#8221; border_color=&#8221;&#8221; border_style=&#8221;solid&#8221; border_position=&#8221;all&#8221; spacing=&#8221;yes&#8221; background_image=&#8221;&#8221; background_repeat=&#8221;no-repeat&#8221; padding_top=&#8221;&#8221; padding_right=&#8221;&#8221; padding_bottom=&#8221;&#8221; padding_left=&#8221;&#8221; margin_top=&#8221;0px&#8221; margin_bottom=&#8221;0px&#8221; class=&#8221;&#8221; id=&#8221;&#8221; animation_type=&#8221;&#8221; animation_speed=&#8221;0.3&#8243; animation_direction=&#8221;left&#8221; hide_on_mobile=&#8221;small-visibility,medium-visibility,large-visibility&#8221; center_content=&#8221;no&#8221; last=&#8221;no&#8221; min_height=&#8221;&#8221; hover_type=&#8221;none&#8221; link=&#8221;&#8221;][fusion_text] REDACCI\u00d3N La banda finlandesa tocar\u00e1 sus m\u00e1s grandes \u00e9xitos para celebrar su primer cuarto de siglo de forma \u00edntima y poderosa 11 de abril, 2023 \u2013 AHORA EN AUDITORIO BB Las entradas previamente adquiridas para el Pabell\u00f3n Oeste, ser\u00e1n v\u00e1lidas [&hellip;]<\/p>\n","protected":false},"author":1,"featured_media":47378,"comment_status":"open","ping_status":"open","sticky":false,"template":"","format":"standard","meta":{"footnotes":""},"categories":[9,11],"tags":[],"_links":{"self":[{"href":"https:\/\/www.bitacoracdmx.com\/index.php?rest_route=\/wp\/v2\/posts\/47377"}],"collection":[{"href":"https:\/\/www.bitacoracdmx.com\/index.php?rest_route=\/wp\/v2\/posts"}],"about":[{"href":"https:\/\/www.bitacoracdmx.com\/index.php?rest_route=\/wp\/v2\/types\/post"}],"author":[{"embeddable":true,"href":"https:\/\/www.bitacoracdmx.com\/index.php?rest_route=\/wp\/v2\/users\/1"}],"replies":[{"embeddable":true,"href":"https:\/\/www.bitacoracdmx.com\/index.php?rest_route=%2Fwp%2Fv2%2Fcomments&post=47377"}],"version-history":[{"count":1,"href":"https:\/\/www.bitacoracdmx.com\/index.php?rest_route=\/wp\/v2\/posts\/47377\/revisions"}],"predecessor-version":[{"id":47379,"href":"https:\/\/www.bitacoracdmx.com\/index.php?rest_route=\/wp\/v2\/posts\/47377\/revisions\/47379"}],"wp:featuredmedia":[{"embeddable":true,"href":"https:\/\/www.bitacoracdmx.com\/index.php?rest_route=\/wp\/v2\/media\/47378"}],"wp:attachment":[{"href":"https:\/\/www.bitacoracdmx.com\/index.php?rest_route=%2Fwp%2Fv2%2Fmedia&parent=47377"}],"wp:term":[{"taxonomy":"category","embeddable":true,"href":"https:\/\/www.bitacoracdmx.com\/index.php?rest_route=%2Fwp%2Fv2%2Fcategories&post=47377"},{"taxonomy":"post_tag","embeddable":true,"href":"https:\/\/www.bitacoracdmx.com\/index.php?rest_route=%2Fwp%2Fv2%2Ftags&post=47377"}],"curies":[{"name":"wp","href":"https:\/\/api.w.org\/{rel}","templated":true}]}}