{"id":47381,"date":"2022-10-13T04:20:14","date_gmt":"2022-10-13T04:20:14","guid":{"rendered":"https:\/\/www.bitacoracdmx.com\/?p=47381"},"modified":"2022-10-13T04:20:14","modified_gmt":"2022-10-13T04:20:14","slug":"ganadores-de-la-entrega-64-del-ariel","status":"publish","type":"post","link":"https:\/\/www.bitacoracdmx.com\/?p=47381","title":{"rendered":"Ganadores de la entrega  64 del ARIEL"},"content":{"rendered":"<p>[fusion_builder_container hundred_percent=&#8221;no&#8221; equal_height_columns=&#8221;no&#8221; menu_anchor=&#8221;&#8221; hide_on_mobile=&#8221;small-visibility,medium-visibility,large-visibility&#8221; class=&#8221;&#8221; id=&#8221;&#8221; background_color=&#8221;&#8221; background_image=&#8221;&#8221; background_position=&#8221;center center&#8221; background_repeat=&#8221;no-repeat&#8221; fade=&#8221;no&#8221; background_parallax=&#8221;none&#8221; parallax_speed=&#8221;0.3&#8243; video_mp4=&#8221;&#8221; video_webm=&#8221;&#8221; video_ogv=&#8221;&#8221; video_url=&#8221;&#8221; video_aspect_ratio=&#8221;16:9&#8243; video_loop=&#8221;yes&#8221; video_mute=&#8221;yes&#8221; overlay_color=&#8221;&#8221; video_preview_image=&#8221;&#8221; border_size=&#8221;&#8221; border_color=&#8221;&#8221; border_style=&#8221;solid&#8221; padding_top=&#8221;&#8221; padding_bottom=&#8221;&#8221; padding_left=&#8221;&#8221; padding_right=&#8221;&#8221;][fusion_builder_row][fusion_builder_column type=&#8221;1_1&#8243; layout=&#8221;1_1&#8243; background_position=&#8221;left top&#8221; background_color=&#8221;&#8221; border_size=&#8221;&#8221; border_color=&#8221;&#8221; border_style=&#8221;solid&#8221; border_position=&#8221;all&#8221; spacing=&#8221;yes&#8221; background_image=&#8221;&#8221; background_repeat=&#8221;no-repeat&#8221; padding_top=&#8221;&#8221; padding_right=&#8221;&#8221; padding_bottom=&#8221;&#8221; padding_left=&#8221;&#8221; margin_top=&#8221;0px&#8221; margin_bottom=&#8221;0px&#8221; class=&#8221;&#8221; id=&#8221;&#8221; animation_type=&#8221;&#8221; animation_speed=&#8221;0.3&#8243; animation_direction=&#8221;left&#8221; hide_on_mobile=&#8221;small-visibility,medium-visibility,large-visibility&#8221; center_content=&#8221;no&#8221; last=&#8221;no&#8221; min_height=&#8221;&#8221; hover_type=&#8221;none&#8221; link=&#8221;&#8221;][fusion_text]<\/p>\n<p>REDACCI\u00d3N<\/p>\n<table role=\"presentation\" border=\"0\" width=\"100%\" cellspacing=\"0\" cellpadding=\"0\">\n<tbody>\n<tr>\n<td class=\"x_mceSpacing-24\" valign=\"top\">\n<div class=\"x_mceText\">\n<p>Tras dos a\u00f1os de no realizarse de forma presencial, la ceremonia de premiaci\u00f3n del\u00a0<strong>Ariel<\/strong>\u00a0se llev\u00f3 a cabo en el Anfiteatro Sim\u00f3n Bol\u00edvar con la organizaci\u00f3n de la\u00a0<strong>Academia Mexicana de Artes y Ciencias Cinematogr\u00e1ficas<\/strong>\u00a0(<strong>AMACC<\/strong>). La Presidenta de la prestigiosa instituci\u00f3n cinematogr\u00e1fica, Leticia Huijara, junto con su Vicepresidenta Inna Pay\u00e1n y el resto de su equipo recibieron a cerca de 600 invitados para celebrar la edici\u00f3n n\u00famero 64 de los importantes premios que anualmente reconocen a lo mejor del cine orgullosamente hecho en M\u00e9xico.<\/p>\n<p>Entre las celebridades de la industria f\u00edlmica nacional que estuvieron presentes y que tambi\u00e9n pasaron previamente por la tradicional alfombra roja se encontraron: Mabel Cadena, Ilse Salas, Alejandra Bogue, Yalitza Aparicio, Mayra Batalla, Armando Espitia, Xiabiani Ponce de Le\u00f3n, Jose Antonio Toledano, Noe Hernandez, Benny Emmanuel, entre otros.<\/p>\n<p>\u201cEn la 64\u00aa entrega del Ariel celebramos la diversidad del cine que nos conforma como industria. Hablamos de inclusi\u00f3n, de pluralidad, de este pa\u00eds de tantos colores y matices. Han sido dos a\u00f1os en donde a pesar de las dificultades, nos hemos reunido a pensar sobre aquello que nos toca como creadores y como ciudadanos. La AMACC ha manifestado la urgencia de presentar ante el congreso la propuesta de modificaciones a la ley federal de cinematograf\u00eda. Merecemos trabajar en un contexto regulado de este nuevo sistema audiovisual, que procure equilibrios y beneficie a todos. Hoy la AMACC no cuenta con recursos para poder operar y seguir trabajando como lo ha hecho hasta ahora. Debemos hacer una pausa. Explorar caminos alternos para continuar. Hacemos un llamado a cerrar filas, a cuidar de la academia como lo que ha sido. Un sue\u00f1o imaginado por cineastas como un bien de todos. Como la casa de todos. Larga y luminosa vida al cine mexicano.\u201d, coment\u00f3 la Presidenta de la AMACC, Leticia Huijara.<\/p>\n<p><em>Noche de Fuego<\/em>\u00a0fue la ganadora a Mejor Pel\u00edcula y tambi\u00e9n fue la que m\u00e1s premios se llev\u00f3, haci\u00e9ndose de un total de 7 preseas.<\/p>\n<p><strong>PROCESO DE ELECCI\u00d3N Y VOTACI\u00d3N<\/strong><\/p>\n<p>Despu\u00e9s de lanzarse la convocatoria para el\u00a0<strong>Ariel 2022<\/strong>, del 14 de enero al 18 de febrero de 2022 se dio el periodo de registro para pel\u00edculas que fueron estrenadas entre el 1 de enero y el 31 de diciembre de 2021. El Comit\u00e9 de Elecci\u00f3n vot\u00f3 para determinar a los nominados, se dio un periodo de visionado de pel\u00edculas y un periodo de votaci\u00f3n mediante un sistema electr\u00f3nico por internet que fue desarrollado y vigilado por la UNAM, posteriormente se anunciaron los nominados; hubo un periodo para visionado de pel\u00edculas nominadas y un periodo de votaci\u00f3n para elegir a los ganadores a trav\u00e9s de un sistema electr\u00f3nico por Internet. Al final, cada integrante del Comit\u00e9 de Elecci\u00f3n eligi\u00f3 una sola opci\u00f3n por categor\u00eda.<\/p>\n<p><strong>ARIEL DE ORO<\/strong><\/p>\n<p>Durante la ceremonia, tambi\u00e9n se entreg\u00f3 el Ariel de Oro, que reconoce la trayectoria f\u00edlmica de figuras sobresalientes de la cinematograf\u00eda mexicana y en esta ocasi\u00f3n fue otorgado a la talentosa actriz Diana Bracho al igual que al sonidista pionero David Baksht. Adem\u00e1s, el evento cont\u00f3 con las intervenciones musicales de Vivir Quintana, el Palomar, Ximbo, Leiden, Ra\u00fal Sandoval y el mariachi Gama 1000, y se record\u00f3 a colegas de la industria del cine que fallecieron durante el \u00faltimo a\u00f1o en lo que result\u00f3 un emotivo y merecido homenaje.<\/p>\n<p><strong>LISTA COMPLETA DE GANADORES DEL ARIEL 64<\/strong><\/p>\n<p><strong>Mejor Cortometraje de Animaci\u00f3n<\/strong><\/p>\n<p><em>T\u00edo<\/em>\u00a0&#8211; Juan J. Medina<\/p>\n<p><strong>Mejor Cortometraje Documental<\/strong><\/p>\n<p><em>Flores de la llanura<\/em>\u00a0&#8211; Mariana X. Rivera<\/p>\n<p><strong>Mejor Cortometraje de Ficci\u00f3n<\/strong><\/p>\n<p><em>El sue\u00f1o m\u00e1s largo que recuerdo<\/em>\u00a0&#8211; Carlos Lenin<\/p>\n<p><strong>Mejor Revelaci\u00f3n Actoral<\/strong><\/p>\n<p>Adri\u00e1n Rossi &#8211;\u00a0<em>Blanco de verano<\/em><\/p>\n<p><strong>Mejor Coactuaci\u00f3n Femenina<\/strong><\/p>\n<p>Mayra Batalla &#8211;\u00a0<em>Noche de fuego<\/em><\/p>\n<p><strong>Mejor Coactuaci\u00f3n Masculina<\/strong><\/p>\n<p>Kristyan Ferrer &#8211;\u00a0<em>Los minutos negros<\/em><\/p>\n<p><strong>Mejores Efectos Visuales<\/strong><\/p>\n<p>Fernando Campos, Jaime Jasso, Isaac Basulto, Harumy Delmira Villarreal, Ra\u00fal Campos, Enrique S\u00e1nchez \u201cQuix\u201d, Flavio Pedota, John Bl\u00e1squez, Santiago Ort\u00edz-Monasterio, Zack Rodr\u00edguez, Max Bl\u00e1squez, Aar\u00f3n Valenzuela &#8211;\u00a0<em>Aztech<\/em><\/p>\n<p><strong>Mejores Efectos Especiales<\/strong><\/p>\n<p>Ricardo Arvizu Solis &#8211;\u00a0<em>Noche de fuego<\/em><\/p>\n<p><strong>Mejor Edici\u00f3n<\/strong><\/p>\n<p>Yibr\u00e1n Asuad &#8211;\u00a0<em>Una pel\u00edcula de polic\u00edas<\/em><\/p>\n<p><strong>Mejor Fotograf\u00eda<\/strong><\/p>\n<p>Dariela Ludlow &#8211;\u00a0<em>Noche de fuego<\/em><\/p>\n<p><strong>Mejor Sonido<\/strong><\/p>\n<p>Lena Esquenazi, Federico G. Jordan, Paulo Gama &#8211;\u00a0<em>Noche de fuego<\/em><\/p>\n<p><strong>Mejor M\u00fasica Original<\/strong><\/p>\n<p>Andr\u00e9s S\u00e1nchez Maher y Gus Reyes &#8211;\u00a0<em>Cosas imposibles<\/em><\/p>\n<p><strong>Mejor Vestuario<\/strong><\/p>\n<p>Abril \u00c1lamo &#8211;\u00a0<em>Los minutos negros<\/em><\/p>\n<p><strong>Mejor Maquillaje<\/strong><\/p>\n<p>Mari Paz Robles &#8211;\u00a0<em>El exorcismo de Carmen Far\u00edas<\/em><\/p>\n<p>Roberto Ortiz y Ana Flores &#8211;\u00a0<em>Noche de fuego<\/em><\/p>\n<p><strong>Mejor Dise\u00f1o de Arte<\/strong><\/p>\n<p>Ivonne Fuentes Mendoza &#8211;\u00a0<em>Los minutos negros<\/em><\/p>\n<p><strong>Mejor Guion Adaptado<\/strong><\/p>\n<p>Tatiana Huezo &#8211;\u00a0<em>Noche de fuego<\/em><\/p>\n<p><strong>Mejor Guion Original<\/strong><\/p>\n<p>David Gait\u00e1n y Alonso Ruizpalacios &#8211;\u00a0<em>Una pel\u00edcula de polic\u00edas<\/em><\/p>\n<p><strong>Mejor Pel\u00edcula Iberoamericana<\/strong><\/p>\n<p><em>El buen patr\u00f3n<\/em>\u00a0&#8211; Fernando Le\u00f3n de Aranoa (Espa\u00f1a)<\/p>\n<p><strong>Mejor \u00d3pera Prima<\/strong><\/p>\n<p><em>Nudo Mixteco<\/em>\u00a0&#8211; \u00c1ngeles Cruz<\/p>\n<p><strong>Mejor Largometraje Documental<\/strong><\/p>\n<p><em>Una pel\u00edcula de polic\u00edas<\/em>\u00a0&#8211; Alonso Ruizpalacios<\/p>\n<p><strong>Mejor Largometraje de Animaci\u00f3n<\/strong><\/p>\n<p><em>Un rescate de huevitos<\/em>\u00a0&#8211; Gabriel Riva Palacio Alatriste y Rodolfo Riva Palacio Alatriste<\/p>\n<p><strong>Mejor Actor<\/strong><\/p>\n<p>Ra\u00fal Briones &#8211;\u00a0<em>Una pel\u00edcula de polic\u00edas<\/em><\/p>\n<p><strong>Mejor Actriz<\/strong><\/p>\n<p>M\u00f3nica Del Carmen &#8211;\u00a0<em>Una pel\u00edcula de polic\u00edas<\/em><\/p>\n<p><strong>Mejor Direcci\u00f3n<\/strong><\/p>\n<p>Alfonso Ruizpalacios &#8211;\u00a0<em>Una pel\u00edcula de polic\u00edas<\/em><\/p>\n<p><strong>Mejor Pel\u00edcula<\/strong><\/p>\n<p><em>Noche de fuego<\/em><\/p>\n<p class=\"x_last-child\">\n<\/div>\n<\/td>\n<\/tr>\n<tr>\n<td class=\"x_mceSpacing-24\" valign=\"top\"><\/td>\n<\/tr>\n<\/tbody>\n<\/table>\n<p>[\/fusion_text][fusion_imageframe image_id=&#8221;47382|medium&#8221; max_width=&#8221;&#8221; style_type=&#8221;&#8221; blur=&#8221;&#8221; stylecolor=&#8221;&#8221; hover_type=&#8221;none&#8221; bordersize=&#8221;&#8221; bordercolor=&#8221;&#8221; borderradius=&#8221;&#8221; align=&#8221;none&#8221; lightbox=&#8221;no&#8221; gallery_id=&#8221;&#8221; lightbox_image=&#8221;&#8221; lightbox_image_id=&#8221;&#8221; alt=&#8221;&#8221; link=&#8221;&#8221; linktarget=&#8221;_self&#8221; hide_on_mobile=&#8221;small-visibility,medium-visibility,large-visibility&#8221; class=&#8221;&#8221; id=&#8221;&#8221; animation_type=&#8221;&#8221; animation_direction=&#8221;left&#8221; animation_speed=&#8221;0.3&#8243; animation_offset=&#8221;&#8221;]https:\/\/www.bitacoracdmx.com\/wp-content\/uploads\/2022\/10\/dfe50853-dfec-8f87-b6cc-a578582dfc91-300&#215;201.jpg[\/fusion_imageframe][\/fusion_builder_column][\/fusion_builder_row][\/fusion_builder_container]<\/p>\n","protected":false},"excerpt":{"rendered":"<p>[fusion_builder_container hundred_percent=&#8221;no&#8221; equal_height_columns=&#8221;no&#8221; menu_anchor=&#8221;&#8221; hide_on_mobile=&#8221;small-visibility,medium-visibility,large-visibility&#8221; class=&#8221;&#8221; id=&#8221;&#8221; background_color=&#8221;&#8221; background_image=&#8221;&#8221; background_position=&#8221;center center&#8221; background_repeat=&#8221;no-repeat&#8221; fade=&#8221;no&#8221; background_parallax=&#8221;none&#8221; parallax_speed=&#8221;0.3&#8243; video_mp4=&#8221;&#8221; video_webm=&#8221;&#8221; video_ogv=&#8221;&#8221; video_url=&#8221;&#8221; video_aspect_ratio=&#8221;16:9&#8243; video_loop=&#8221;yes&#8221; video_mute=&#8221;yes&#8221; overlay_color=&#8221;&#8221; video_preview_image=&#8221;&#8221; border_size=&#8221;&#8221; border_color=&#8221;&#8221; border_style=&#8221;solid&#8221; padding_top=&#8221;&#8221; padding_bottom=&#8221;&#8221; padding_left=&#8221;&#8221; padding_right=&#8221;&#8221;][fusion_builder_row][fusion_builder_column type=&#8221;1_1&#8243; layout=&#8221;1_1&#8243; background_position=&#8221;left top&#8221; background_color=&#8221;&#8221; border_size=&#8221;&#8221; border_color=&#8221;&#8221; border_style=&#8221;solid&#8221; border_position=&#8221;all&#8221; spacing=&#8221;yes&#8221; background_image=&#8221;&#8221; background_repeat=&#8221;no-repeat&#8221; padding_top=&#8221;&#8221; padding_right=&#8221;&#8221; padding_bottom=&#8221;&#8221; padding_left=&#8221;&#8221; margin_top=&#8221;0px&#8221; margin_bottom=&#8221;0px&#8221; class=&#8221;&#8221; id=&#8221;&#8221; animation_type=&#8221;&#8221; animation_speed=&#8221;0.3&#8243; animation_direction=&#8221;left&#8221; hide_on_mobile=&#8221;small-visibility,medium-visibility,large-visibility&#8221; center_content=&#8221;no&#8221; last=&#8221;no&#8221; min_height=&#8221;&#8221; hover_type=&#8221;none&#8221; link=&#8221;&#8221;][fusion_text] REDACCI\u00d3N Tras dos a\u00f1os de no realizarse de forma presencial, la ceremonia de premiaci\u00f3n del\u00a0Ariel\u00a0se llev\u00f3 a cabo en el Anfiteatro Sim\u00f3n Bol\u00edvar con la organizaci\u00f3n de la\u00a0Academia Mexicana de Artes y Ciencias Cinematogr\u00e1ficas\u00a0(AMACC). La Presidenta de la prestigiosa instituci\u00f3n [&hellip;]<\/p>\n","protected":false},"author":1,"featured_media":47382,"comment_status":"open","ping_status":"open","sticky":false,"template":"","format":"standard","meta":{"footnotes":""},"categories":[3,9],"tags":[],"_links":{"self":[{"href":"https:\/\/www.bitacoracdmx.com\/index.php?rest_route=\/wp\/v2\/posts\/47381"}],"collection":[{"href":"https:\/\/www.bitacoracdmx.com\/index.php?rest_route=\/wp\/v2\/posts"}],"about":[{"href":"https:\/\/www.bitacoracdmx.com\/index.php?rest_route=\/wp\/v2\/types\/post"}],"author":[{"embeddable":true,"href":"https:\/\/www.bitacoracdmx.com\/index.php?rest_route=\/wp\/v2\/users\/1"}],"replies":[{"embeddable":true,"href":"https:\/\/www.bitacoracdmx.com\/index.php?rest_route=%2Fwp%2Fv2%2Fcomments&post=47381"}],"version-history":[{"count":1,"href":"https:\/\/www.bitacoracdmx.com\/index.php?rest_route=\/wp\/v2\/posts\/47381\/revisions"}],"predecessor-version":[{"id":47383,"href":"https:\/\/www.bitacoracdmx.com\/index.php?rest_route=\/wp\/v2\/posts\/47381\/revisions\/47383"}],"wp:featuredmedia":[{"embeddable":true,"href":"https:\/\/www.bitacoracdmx.com\/index.php?rest_route=\/wp\/v2\/media\/47382"}],"wp:attachment":[{"href":"https:\/\/www.bitacoracdmx.com\/index.php?rest_route=%2Fwp%2Fv2%2Fmedia&parent=47381"}],"wp:term":[{"taxonomy":"category","embeddable":true,"href":"https:\/\/www.bitacoracdmx.com\/index.php?rest_route=%2Fwp%2Fv2%2Fcategories&post=47381"},{"taxonomy":"post_tag","embeddable":true,"href":"https:\/\/www.bitacoracdmx.com\/index.php?rest_route=%2Fwp%2Fv2%2Ftags&post=47381"}],"curies":[{"name":"wp","href":"https:\/\/api.w.org\/{rel}","templated":true}]}}