{"id":47384,"date":"2022-10-13T06:14:43","date_gmt":"2022-10-13T06:14:43","guid":{"rendered":"https:\/\/www.bitacoracdmx.com\/?p=47384"},"modified":"2022-10-13T06:17:57","modified_gmt":"2022-10-13T06:17:57","slug":"regresa-el-tour-del-terror-mas-intenso-y-terrorifico-que-nunca-en-su-edicion-2022","status":"publish","type":"post","link":"https:\/\/www.bitacoracdmx.com\/?p=47384","title":{"rendered":"Regresa el TOUR DEL TERROR m\u00e1s intenso y terror\u00edfico que nunca en su edici\u00f3n 2022"},"content":{"rendered":"<p>[fusion_builder_container hundred_percent=&#8221;no&#8221; equal_height_columns=&#8221;no&#8221; menu_anchor=&#8221;&#8221; hide_on_mobile=&#8221;small-visibility,medium-visibility,large-visibility&#8221; class=&#8221;&#8221; id=&#8221;&#8221; background_color=&#8221;&#8221; background_image=&#8221;&#8221; background_position=&#8221;center center&#8221; background_repeat=&#8221;no-repeat&#8221; fade=&#8221;no&#8221; background_parallax=&#8221;none&#8221; parallax_speed=&#8221;0.3&#8243; video_mp4=&#8221;&#8221; video_webm=&#8221;&#8221; video_ogv=&#8221;&#8221; video_url=&#8221;&#8221; video_aspect_ratio=&#8221;16:9&#8243; video_loop=&#8221;yes&#8221; video_mute=&#8221;yes&#8221; overlay_color=&#8221;&#8221; video_preview_image=&#8221;&#8221; border_size=&#8221;&#8221; border_color=&#8221;&#8221; border_style=&#8221;solid&#8221; padding_top=&#8221;&#8221; padding_bottom=&#8221;&#8221; padding_left=&#8221;&#8221; padding_right=&#8221;&#8221;][fusion_builder_row][fusion_builder_column type=&#8221;1_1&#8243; layout=&#8221;1_1&#8243; background_position=&#8221;left top&#8221; background_color=&#8221;&#8221; border_size=&#8221;&#8221; border_color=&#8221;&#8221; border_style=&#8221;solid&#8221; border_position=&#8221;all&#8221; spacing=&#8221;yes&#8221; background_image=&#8221;&#8221; background_repeat=&#8221;no-repeat&#8221; padding_top=&#8221;&#8221; padding_right=&#8221;&#8221; padding_bottom=&#8221;&#8221; padding_left=&#8221;&#8221; margin_top=&#8221;0px&#8221; margin_bottom=&#8221;0px&#8221; class=&#8221;&#8221; id=&#8221;&#8221; animation_type=&#8221;&#8221; animation_speed=&#8221;0.3&#8243; animation_direction=&#8221;left&#8221; hide_on_mobile=&#8221;small-visibility,medium-visibility,large-visibility&#8221; center_content=&#8221;no&#8221; last=&#8221;no&#8221; min_height=&#8221;&#8221; hover_type=&#8221;none&#8221; link=&#8221;&#8221;][fusion_text]<\/p>\n<p>Por: Omar Castillo<\/p>\n<p>Fotos: Christopher Blanco<\/p>\n<p>Despu\u00e9s de cuatro a\u00f1os de llevarse a cabo, El Tour del Terror regresa totalmente renovado y con nuevas experiencias por disfrutar abordo del Turibus, ha sido tal el \u00e9xito de este paseo tur\u00edstico que no pararon ni en pandemia, raz\u00f3n por la que este a\u00f1o volver\u00e1n a sorprender con un recorrido totalmente diferente a lo que se ven\u00eda ofreciendo desde que se inici\u00f3 esta atracci\u00f3n citadina.<\/p>\n<p>La aventura incluye la visita a las 5 casas embrujadas que encierran en sus muros historias realmente escalofriantes, como La Casa de las Brujas,\u00a0 La Casa de Don Juan Manuel de Solorzano, La Casa de Pachita y la Casa Negra, mientras permaneces\u00a0 abordo de una unidad de Turibus, podr\u00e1s disfrutar\u00a0 de las historias y din\u00e1micas que se realizar\u00e1n durante todo el trayecto, incluidas algunas sorpresas, lo que aseguran los organizadores hacen a este Tour sinigual y m\u00e1s terror\u00edfico que nunca.<\/p>\n<p>No podr\u00e1n faltar, posiblemente las experiencias paranormales provocando el asombro de los paseantes que durante aproximadamente 2 horas y media no querr\u00e1n bajar\u00a0 del Turibus, pero si as\u00ed lo desean, podr\u00e1n descender en algunas de las paradas establecidas. Para cerrar con broche de oro este escalofriante paseo, podr\u00e1s degustar una cena tem\u00e1tica de temporada y con platillos realmente extra\u00f1os en Extra\u00f1a Pizza (cena incluida en el paseo).<\/p>\n<p>No pierdas la oportunidad\u00a0 de vivir algo diferente, extra\u00f1o y singular en la edici\u00f3n 2022 del Tour del Terror que ofrecer\u00e1 la espeluznante ruta a partir de este 14 de octubre todos los viernes y s\u00e1bados hasta noviembre a las 20:00 horas con salidas en Reforma 222. La atracci\u00f3n es para toda la familia, con la recomendaci\u00f3n de ni\u00f1os a partir de dos a\u00f1os acompa\u00f1ados de un adulto. Admisi\u00f3n general: 750 pesos.<\/p>\n<p>#tourdelterror2022<br \/>\n#extra\u00f1apizza<br \/>\n#zombiegourmet<br \/>\n#turibus<\/p>\n<p>[\/fusion_text][fusion_gallery layout=&#8221;&#8221; picture_size=&#8221;&#8221; columns=&#8221;&#8221; column_spacing=&#8221;10&#8243; gallery_masonry_grid_ratio=&#8221;&#8221; gallery_masonry_width_double=&#8221;&#8221; hover_type=&#8221;&#8221; lightbox=&#8221;yes&#8221; lightbox_content=&#8221;&#8221; bordersize=&#8221;&#8221; bordercolor=&#8221;&#8221; border_radius=&#8221;&#8221; hide_on_mobile=&#8221;small-visibility,medium-visibility,large-visibility&#8221; class=&#8221;&#8221; id=&#8221;&#8221;][fusion_gallery_image image=&#8221;https:\/\/www.bitacoracdmx.com\/wp-content\/uploads\/2022\/10\/311596581_625527302299839_6147703286692378160_n-300&#215;200.jpg&#8221; image_id=&#8221;47385|medium&#8221; link=&#8221;&#8221; linktarget=&#8221;_self&#8221; \/][fusion_gallery_image image=&#8221;https:\/\/www.bitacoracdmx.com\/wp-content\/uploads\/2022\/10\/311663406_625527278966508_1514688025002840349_n-300&#215;200.jpg&#8221; image_id=&#8221;47386|medium&#8221; link=&#8221;&#8221; linktarget=&#8221;_self&#8221; \/][fusion_gallery_image image=&#8221;https:\/\/www.bitacoracdmx.com\/wp-content\/uploads\/2022\/10\/311599228_625526918966544_4967696404318032507_n-200&#215;300.jpg&#8221; image_id=&#8221;47387|medium&#8221; link=&#8221;&#8221; linktarget=&#8221;_self&#8221; \/][fusion_gallery_image image=&#8221;https:\/\/www.bitacoracdmx.com\/wp-content\/uploads\/2022\/10\/311728267_625526748966561_7621303208606618054_n-200&#215;300.jpg&#8221; image_id=&#8221;47388|medium&#8221; link=&#8221;&#8221; linktarget=&#8221;_self&#8221; \/][fusion_gallery_image image=&#8221;https:\/\/www.bitacoracdmx.com\/wp-content\/uploads\/2022\/10\/311645370_625527175633185_598135179310203293_n-200&#215;300.jpg&#8221; image_id=&#8221;47389|medium&#8221; link=&#8221;&#8221; linktarget=&#8221;_self&#8221; \/][fusion_gallery_image image=&#8221;https:\/\/www.bitacoracdmx.com\/wp-content\/uploads\/2022\/10\/311721257_625527218966514_2746927409916947699_n-300&#215;200.jpg&#8221; image_id=&#8221;47390|medium&#8221; link=&#8221;&#8221; linktarget=&#8221;_self&#8221; \/][fusion_gallery_image image=&#8221;https:\/\/www.bitacoracdmx.com\/wp-content\/uploads\/2022\/10\/311640039_625527112299858_3696703668593037387_n-200&#215;300.jpg&#8221; image_id=&#8221;47391|medium&#8221; link=&#8221;&#8221; linktarget=&#8221;_self&#8221; \/][fusion_gallery_image image=&#8221;https:\/\/www.bitacoracdmx.com\/wp-content\/uploads\/2022\/10\/311694609_625527282299841_2483167959504871034_n-200&#215;300.jpg&#8221; image_id=&#8221;47392|medium&#8221; link=&#8221;&#8221; linktarget=&#8221;_self&#8221; \/][fusion_gallery_image image=&#8221;https:\/\/www.bitacoracdmx.com\/wp-content\/uploads\/2022\/10\/311715797_625527235633179_8593349876268328551_n-300&#215;200.jpg&#8221; image_id=&#8221;47393|medium&#8221; link=&#8221;&#8221; linktarget=&#8221;_self&#8221; \/][fusion_gallery_image image=&#8221;https:\/\/www.bitacoracdmx.com\/wp-content\/uploads\/2022\/10\/311697571_625527042299865_6046146940765644588_n-200&#215;300.jpg&#8221; image_id=&#8221;47394|medium&#8221; link=&#8221;&#8221; linktarget=&#8221;_self&#8221; \/][fusion_gallery_image image=&#8221;https:\/\/www.bitacoracdmx.com\/wp-content\/uploads\/2022\/10\/311693304_625529215632981_3506830938112284599_n-300&#215;200.jpg&#8221; image_id=&#8221;47395|medium&#8221; link=&#8221;&#8221; linktarget=&#8221;_self&#8221; \/][fusion_gallery_image image=&#8221;https:\/\/www.bitacoracdmx.com\/wp-content\/uploads\/2022\/10\/311705173_625526545633248_5678005169541669934_n-300&#215;200.jpg&#8221; image_id=&#8221;47396|medium&#8221; link=&#8221;&#8221; linktarget=&#8221;_self&#8221; \/][\/fusion_gallery][\/fusion_builder_column][\/fusion_builder_row][\/fusion_builder_container]<\/p>\n","protected":false},"excerpt":{"rendered":"<p>[fusion_builder_container hundred_percent=&#8221;no&#8221; equal_height_columns=&#8221;no&#8221; menu_anchor=&#8221;&#8221; hide_on_mobile=&#8221;small-visibility,medium-visibility,large-visibility&#8221; class=&#8221;&#8221; id=&#8221;&#8221; background_color=&#8221;&#8221; background_image=&#8221;&#8221; background_position=&#8221;center center&#8221; background_repeat=&#8221;no-repeat&#8221; fade=&#8221;no&#8221; background_parallax=&#8221;none&#8221; parallax_speed=&#8221;0.3&#8243; video_mp4=&#8221;&#8221; video_webm=&#8221;&#8221; video_ogv=&#8221;&#8221; video_url=&#8221;&#8221; video_aspect_ratio=&#8221;16:9&#8243; video_loop=&#8221;yes&#8221; video_mute=&#8221;yes&#8221; overlay_color=&#8221;&#8221; video_preview_image=&#8221;&#8221; border_size=&#8221;&#8221; border_color=&#8221;&#8221; border_style=&#8221;solid&#8221; padding_top=&#8221;&#8221; padding_bottom=&#8221;&#8221; padding_left=&#8221;&#8221; padding_right=&#8221;&#8221;][fusion_builder_row][fusion_builder_column type=&#8221;1_1&#8243; layout=&#8221;1_1&#8243; background_position=&#8221;left top&#8221; background_color=&#8221;&#8221; border_size=&#8221;&#8221; border_color=&#8221;&#8221; border_style=&#8221;solid&#8221; border_position=&#8221;all&#8221; spacing=&#8221;yes&#8221; background_image=&#8221;&#8221; background_repeat=&#8221;no-repeat&#8221; padding_top=&#8221;&#8221; padding_right=&#8221;&#8221; padding_bottom=&#8221;&#8221; padding_left=&#8221;&#8221; margin_top=&#8221;0px&#8221; margin_bottom=&#8221;0px&#8221; class=&#8221;&#8221; id=&#8221;&#8221; animation_type=&#8221;&#8221; animation_speed=&#8221;0.3&#8243; animation_direction=&#8221;left&#8221; hide_on_mobile=&#8221;small-visibility,medium-visibility,large-visibility&#8221; center_content=&#8221;no&#8221; last=&#8221;no&#8221; min_height=&#8221;&#8221; hover_type=&#8221;none&#8221; link=&#8221;&#8221;][fusion_text] Por: Omar Castillo Fotos: Christopher Blanco Despu\u00e9s de cuatro a\u00f1os de llevarse a cabo, El Tour del Terror regresa totalmente renovado y con nuevas experiencias por disfrutar abordo del Turibus, ha sido tal el \u00e9xito de este paseo tur\u00edstico que [&hellip;]<\/p>\n","protected":false},"author":1,"featured_media":47395,"comment_status":"open","ping_status":"open","sticky":false,"template":"","format":"standard","meta":{"footnotes":""},"categories":[5,4,7,9],"tags":[],"_links":{"self":[{"href":"https:\/\/www.bitacoracdmx.com\/index.php?rest_route=\/wp\/v2\/posts\/47384"}],"collection":[{"href":"https:\/\/www.bitacoracdmx.com\/index.php?rest_route=\/wp\/v2\/posts"}],"about":[{"href":"https:\/\/www.bitacoracdmx.com\/index.php?rest_route=\/wp\/v2\/types\/post"}],"author":[{"embeddable":true,"href":"https:\/\/www.bitacoracdmx.com\/index.php?rest_route=\/wp\/v2\/users\/1"}],"replies":[{"embeddable":true,"href":"https:\/\/www.bitacoracdmx.com\/index.php?rest_route=%2Fwp%2Fv2%2Fcomments&post=47384"}],"version-history":[{"count":3,"href":"https:\/\/www.bitacoracdmx.com\/index.php?rest_route=\/wp\/v2\/posts\/47384\/revisions"}],"predecessor-version":[{"id":47399,"href":"https:\/\/www.bitacoracdmx.com\/index.php?rest_route=\/wp\/v2\/posts\/47384\/revisions\/47399"}],"wp:featuredmedia":[{"embeddable":true,"href":"https:\/\/www.bitacoracdmx.com\/index.php?rest_route=\/wp\/v2\/media\/47395"}],"wp:attachment":[{"href":"https:\/\/www.bitacoracdmx.com\/index.php?rest_route=%2Fwp%2Fv2%2Fmedia&parent=47384"}],"wp:term":[{"taxonomy":"category","embeddable":true,"href":"https:\/\/www.bitacoracdmx.com\/index.php?rest_route=%2Fwp%2Fv2%2Fcategories&post=47384"},{"taxonomy":"post_tag","embeddable":true,"href":"https:\/\/www.bitacoracdmx.com\/index.php?rest_route=%2Fwp%2Fv2%2Ftags&post=47384"}],"curies":[{"name":"wp","href":"https:\/\/api.w.org\/{rel}","templated":true}]}}