{"id":47547,"date":"2022-10-25T03:33:54","date_gmt":"2022-10-25T03:33:54","guid":{"rendered":"https:\/\/www.bitacoracdmx.com\/?p=47547"},"modified":"2022-10-25T03:33:54","modified_gmt":"2022-10-25T03:33:54","slug":"una-mirada-violenta-a-la-estructura-familiar-y-el-trauma-se-podra-ver-en-el-estreno-de-la-obra-ninas-y-ninos","status":"publish","type":"post","link":"https:\/\/www.bitacoracdmx.com\/?p=47547","title":{"rendered":"Una mirada violenta a la estructura familiar y el trauma se podr\u00e1 ver en el estreno de la obra  \u201cNI\u00d1AS Y NI\u00d1OS\u201d"},"content":{"rendered":"<p>[fusion_builder_container hundred_percent=&#8221;no&#8221; equal_height_columns=&#8221;no&#8221; menu_anchor=&#8221;&#8221; hide_on_mobile=&#8221;small-visibility,medium-visibility,large-visibility&#8221; class=&#8221;&#8221; id=&#8221;&#8221; background_color=&#8221;&#8221; background_image=&#8221;&#8221; background_position=&#8221;center center&#8221; background_repeat=&#8221;no-repeat&#8221; fade=&#8221;no&#8221; background_parallax=&#8221;none&#8221; parallax_speed=&#8221;0.3&#8243; video_mp4=&#8221;&#8221; video_webm=&#8221;&#8221; video_ogv=&#8221;&#8221; video_url=&#8221;&#8221; video_aspect_ratio=&#8221;16:9&#8243; video_loop=&#8221;yes&#8221; video_mute=&#8221;yes&#8221; overlay_color=&#8221;&#8221; video_preview_image=&#8221;&#8221; border_size=&#8221;&#8221; border_color=&#8221;&#8221; border_style=&#8221;solid&#8221; padding_top=&#8221;&#8221; padding_bottom=&#8221;&#8221; padding_left=&#8221;&#8221; padding_right=&#8221;&#8221;][fusion_builder_row][fusion_builder_column type=&#8221;1_1&#8243; layout=&#8221;1_1&#8243; background_position=&#8221;left top&#8221; background_color=&#8221;&#8221; border_size=&#8221;&#8221; border_color=&#8221;&#8221; border_style=&#8221;solid&#8221; border_position=&#8221;all&#8221; spacing=&#8221;yes&#8221; background_image=&#8221;&#8221; background_repeat=&#8221;no-repeat&#8221; padding_top=&#8221;&#8221; padding_right=&#8221;&#8221; padding_bottom=&#8221;&#8221; padding_left=&#8221;&#8221; margin_top=&#8221;0px&#8221; margin_bottom=&#8221;0px&#8221; class=&#8221;&#8221; id=&#8221;&#8221; animation_type=&#8221;&#8221; animation_speed=&#8221;0.3&#8243; animation_direction=&#8221;left&#8221; hide_on_mobile=&#8221;small-visibility,medium-visibility,large-visibility&#8221; center_content=&#8221;no&#8221; last=&#8221;no&#8221; min_height=&#8221;&#8221; hover_type=&#8221;none&#8221; link=&#8221;&#8221;][fusion_text]<\/p>\n<p>REDACCI\u00d3N<\/p>\n<p>\u25cf\u00a0<strong>Un mon\u00f3logo del dramaturgo ingl\u00e9s Dennis Kelly (Hu\u00e9rfanos) que da una mirada violenta a la estructura familiar y el trauma, te\u00f1ida de humor negro.<\/strong><\/p>\n<p>\u25cf\u00a0<strong>Se presentar\u00e1 los domingos a las 18:00 horas, del 30 de octubre al 11 de diciembre de 2022 en el Teatro La Capilla.<\/strong><\/p>\n<p>De un encuentro inesperado en un aeropuerto nace una relaci\u00f3n pasional y desmadrosa. Muy pronto se vuelve algo serio: casa, trabajo, hijos \u2013 son una familia normal\u2026 hasta que las cosas dan un giro perturbador.\u00a0<em>Ni\u00f1as y Ni\u00f1os<\/em>\u00a0es una mirada violenta a la estructura familiar y el trauma, escrita ingeniosamente con mucho humor negro.<\/p>\n<p>&#8220;Si el teatro es la cr\u00f3nica y el reflejo del presente, esta obra retrata de manera clara y contundente lo que hemos creado. Una sociedad que es capaz de cometer los actos m\u00e1s crueles y atroces para tener el poder en sus manos. En esta gran met\u00e1fora, que desafortunadamente es una apabullante realidad; las ni\u00f1as y ni\u00f1os son los m\u00e1s afectados; aquellos seres que estamos anulando todos los d\u00edas sin piedad alguna. Matamos sus sue\u00f1os, sus esperanzas, su futuro\u2026 sus cuerpos. Ni\u00f1as y ni\u00f1os, que usamos como moneda de cambio, como objeto para destruir y extorsionar, unos a otros, en este mundo de adultos, de luchas de poder y de culpas. Esta obra nos obliga a analizar el futuro de nuestra humanidad. \u00bfSeremos capaces de soltar el poder, el control, la avaricia, la ambici\u00f3n para salvarnos? \u00bfO ser\u00e1 ya, demasiado tarde para que todo lo que hemos construido nos detenga? \u00bfSer\u00e1 que todav\u00eda exista amor y generosidad para crear un nuevo orden social?&#8221; &#8211;\u00a0<strong>Itari Marta<\/strong><\/p>\n<p>El equipo est\u00e1 conformado por: Dramaturgia\u00a0<strong>Dennis Kelly<\/strong>; Direcci\u00f3n\u00a0<strong>Itari Marta;\u00a0<\/strong>Elenco\u00a0<strong>Amaya Blas,\u00a0<\/strong>Traducci\u00f3n y adaptaci\u00f3n<strong>\u00a0Paula Zelaya Cervantes;\u00a0<\/strong>Producci\u00f3n\u00a0<strong>Solovino Producciones<\/strong>; Producci\u00f3n ejecutiva\u00a0<strong>Hanna Berumen;\u00a0<\/strong>Dise\u00f1o de iluminaci\u00f3n y escenograf\u00eda\u00a0<strong>Thal\u00eda Palacios;\u00a0<\/strong>Asist. de Direcci\u00f3n\u00a0<strong>Ver\u00f3nica Barba;<\/strong>\u00a0Asist. de Producci\u00f3n\u00a0<strong>Joan Page;\u00a0<\/strong>Prensa y difusi\u00f3n\u00a0<strong>Sandra Narv\u00e1ez -SANAHE;\u00a0<\/strong>Fotograf\u00eda\u00a0<strong>Mar\u00eda Jos\u00e9 Alos;\u00a0<\/strong>Dise\u00f1o gr\u00e1fico\u00a0<strong>Laura Mart\u00ednez\u00a0<\/strong>y Redes sociales<strong>\u00a0Iankarla Castillo.<\/strong><\/p>\n<p>\u200b<strong>Ni\u00f1as y Ni\u00f1os<\/strong>\u00a0cumplir\u00e1 temporada\u00a0<strong>del 30 de octubre al 11 de diciembre de 2022, los domingos a las 18:00 horas, en el Teatro La Capilla<\/strong>\u00a0(ubicado en Madrid 13, col. Del Carmen, Coyoac\u00e1n). El boleto tiene un\u00a0<strong>costo de $300 pesos<\/strong>\u00a0y se puede adquirir en la taquilla del recinto, as\u00ed como en los portales en l\u00ednea\u00a0<a href=\"https:\/\/click.convertkit-mail2.com\/8kug0rdpzxtoh037xorck\/p8heh9h9nwmgk8sq\/aHR0cDovL3d3dy50ZWF0cm9sYWNhcGlsbGEuY29tLw==\" target=\"_blank\" rel=\"noopener noreferrer\" data-auth=\"NotApplicable\" data-linkindex=\"0\">www.teatrolacapilla.com<\/a>\u00a0y\u00a0<a href=\"https:\/\/click.convertkit-mail2.com\/8kug0rdpzxtoh037xorck\/6qheh8hpm8znvzho\/aHR0cDovL3d3dy5ib2xldG9wb2xpcy5jb20v\" target=\"_blank\" rel=\"noopener noreferrer\" data-auth=\"NotApplicable\" data-linkindex=\"1\">www.boletopolis.com<\/a>\u00a0. El costo del boleto en\u00a0<strong>preventa ser\u00e1 de $200 pesos<\/strong>\u00a0(disponible a partir\u00a0<strong>del lunes 3 de octubre hasta el domingo 23 de octubre<\/strong>\u00a0del 2022, d\u00eda del estreno).<\/p>\n<p>[\/fusion_text][fusion_imageframe image_id=&#8221;47548|medium&#8221; max_width=&#8221;&#8221; style_type=&#8221;&#8221; blur=&#8221;&#8221; stylecolor=&#8221;&#8221; hover_type=&#8221;none&#8221; bordersize=&#8221;&#8221; bordercolor=&#8221;&#8221; borderradius=&#8221;&#8221; align=&#8221;none&#8221; lightbox=&#8221;no&#8221; gallery_id=&#8221;&#8221; lightbox_image=&#8221;&#8221; lightbox_image_id=&#8221;&#8221; alt=&#8221;&#8221; link=&#8221;&#8221; linktarget=&#8221;_self&#8221; hide_on_mobile=&#8221;small-visibility,medium-visibility,large-visibility&#8221; class=&#8221;&#8221; id=&#8221;&#8221; animation_type=&#8221;&#8221; animation_direction=&#8221;left&#8221; animation_speed=&#8221;0.3&#8243; animation_offset=&#8221;&#8221;]https:\/\/www.bitacoracdmx.com\/wp-content\/uploads\/2022\/10\/RGB-Cartel-Estreno-1200-x-1200-px-300&#215;300.jpg[\/fusion_imageframe][\/fusion_builder_column][\/fusion_builder_row][\/fusion_builder_container]<\/p>\n","protected":false},"excerpt":{"rendered":"<p>[fusion_builder_container hundred_percent=&#8221;no&#8221; equal_height_columns=&#8221;no&#8221; menu_anchor=&#8221;&#8221; hide_on_mobile=&#8221;small-visibility,medium-visibility,large-visibility&#8221; class=&#8221;&#8221; id=&#8221;&#8221; background_color=&#8221;&#8221; background_image=&#8221;&#8221; background_position=&#8221;center center&#8221; background_repeat=&#8221;no-repeat&#8221; fade=&#8221;no&#8221; background_parallax=&#8221;none&#8221; parallax_speed=&#8221;0.3&#8243; video_mp4=&#8221;&#8221; video_webm=&#8221;&#8221; video_ogv=&#8221;&#8221; video_url=&#8221;&#8221; video_aspect_ratio=&#8221;16:9&#8243; video_loop=&#8221;yes&#8221; video_mute=&#8221;yes&#8221; overlay_color=&#8221;&#8221; video_preview_image=&#8221;&#8221; border_size=&#8221;&#8221; border_color=&#8221;&#8221; border_style=&#8221;solid&#8221; padding_top=&#8221;&#8221; padding_bottom=&#8221;&#8221; padding_left=&#8221;&#8221; padding_right=&#8221;&#8221;][fusion_builder_row][fusion_builder_column type=&#8221;1_1&#8243; layout=&#8221;1_1&#8243; background_position=&#8221;left top&#8221; background_color=&#8221;&#8221; border_size=&#8221;&#8221; border_color=&#8221;&#8221; border_style=&#8221;solid&#8221; border_position=&#8221;all&#8221; spacing=&#8221;yes&#8221; background_image=&#8221;&#8221; background_repeat=&#8221;no-repeat&#8221; padding_top=&#8221;&#8221; padding_right=&#8221;&#8221; padding_bottom=&#8221;&#8221; padding_left=&#8221;&#8221; margin_top=&#8221;0px&#8221; margin_bottom=&#8221;0px&#8221; class=&#8221;&#8221; id=&#8221;&#8221; animation_type=&#8221;&#8221; animation_speed=&#8221;0.3&#8243; animation_direction=&#8221;left&#8221; hide_on_mobile=&#8221;small-visibility,medium-visibility,large-visibility&#8221; center_content=&#8221;no&#8221; last=&#8221;no&#8221; min_height=&#8221;&#8221; hover_type=&#8221;none&#8221; link=&#8221;&#8221;][fusion_text] REDACCI\u00d3N \u25cf\u00a0Un mon\u00f3logo del dramaturgo ingl\u00e9s Dennis Kelly (Hu\u00e9rfanos) que da una mirada violenta a la estructura familiar y el trauma, te\u00f1ida de humor negro. \u25cf\u00a0Se presentar\u00e1 los domingos a las 18:00 horas, del 30 de octubre al 11 de [&hellip;]<\/p>\n","protected":false},"author":1,"featured_media":47548,"comment_status":"open","ping_status":"open","sticky":false,"template":"","format":"standard","meta":{"footnotes":""},"categories":[9,14],"tags":[],"_links":{"self":[{"href":"https:\/\/www.bitacoracdmx.com\/index.php?rest_route=\/wp\/v2\/posts\/47547"}],"collection":[{"href":"https:\/\/www.bitacoracdmx.com\/index.php?rest_route=\/wp\/v2\/posts"}],"about":[{"href":"https:\/\/www.bitacoracdmx.com\/index.php?rest_route=\/wp\/v2\/types\/post"}],"author":[{"embeddable":true,"href":"https:\/\/www.bitacoracdmx.com\/index.php?rest_route=\/wp\/v2\/users\/1"}],"replies":[{"embeddable":true,"href":"https:\/\/www.bitacoracdmx.com\/index.php?rest_route=%2Fwp%2Fv2%2Fcomments&post=47547"}],"version-history":[{"count":1,"href":"https:\/\/www.bitacoracdmx.com\/index.php?rest_route=\/wp\/v2\/posts\/47547\/revisions"}],"predecessor-version":[{"id":47549,"href":"https:\/\/www.bitacoracdmx.com\/index.php?rest_route=\/wp\/v2\/posts\/47547\/revisions\/47549"}],"wp:featuredmedia":[{"embeddable":true,"href":"https:\/\/www.bitacoracdmx.com\/index.php?rest_route=\/wp\/v2\/media\/47548"}],"wp:attachment":[{"href":"https:\/\/www.bitacoracdmx.com\/index.php?rest_route=%2Fwp%2Fv2%2Fmedia&parent=47547"}],"wp:term":[{"taxonomy":"category","embeddable":true,"href":"https:\/\/www.bitacoracdmx.com\/index.php?rest_route=%2Fwp%2Fv2%2Fcategories&post=47547"},{"taxonomy":"post_tag","embeddable":true,"href":"https:\/\/www.bitacoracdmx.com\/index.php?rest_route=%2Fwp%2Fv2%2Ftags&post=47547"}],"curies":[{"name":"wp","href":"https:\/\/api.w.org\/{rel}","templated":true}]}}