{"id":47550,"date":"2022-10-25T03:47:04","date_gmt":"2022-10-25T03:47:04","guid":{"rendered":"https:\/\/www.bitacoracdmx.com\/?p=47550"},"modified":"2022-10-25T03:47:04","modified_gmt":"2022-10-25T03:47:04","slug":"conoce-a-adrian-berra-el-argentino-que-esta-rompiendo-moldes-musicales-caminata-es-su-nuevo-single-y-video-disponible-en-plataformas","status":"publish","type":"post","link":"https:\/\/www.bitacoracdmx.com\/?p=47550","title":{"rendered":"Conoce a Adrian Berra, el argentino que est\u00e1 rompiendo moldes musicales. &#8220;Caminata&#8221;, es su nuevo single y video disponible en plataformas"},"content":{"rendered":"<p>[fusion_builder_container hundred_percent=&#8221;no&#8221; equal_height_columns=&#8221;no&#8221; menu_anchor=&#8221;&#8221; hide_on_mobile=&#8221;small-visibility,medium-visibility,large-visibility&#8221; class=&#8221;&#8221; id=&#8221;&#8221; background_color=&#8221;&#8221; background_image=&#8221;&#8221; background_position=&#8221;center center&#8221; background_repeat=&#8221;no-repeat&#8221; fade=&#8221;no&#8221; background_parallax=&#8221;none&#8221; parallax_speed=&#8221;0.3&#8243; video_mp4=&#8221;&#8221; video_webm=&#8221;&#8221; video_ogv=&#8221;&#8221; video_url=&#8221;&#8221; video_aspect_ratio=&#8221;16:9&#8243; video_loop=&#8221;yes&#8221; video_mute=&#8221;yes&#8221; overlay_color=&#8221;&#8221; video_preview_image=&#8221;&#8221; border_size=&#8221;&#8221; border_color=&#8221;&#8221; border_style=&#8221;solid&#8221; padding_top=&#8221;&#8221; padding_bottom=&#8221;&#8221; padding_left=&#8221;&#8221; padding_right=&#8221;&#8221;][fusion_builder_row][fusion_builder_column type=&#8221;1_1&#8243; layout=&#8221;1_1&#8243; background_position=&#8221;left top&#8221; background_color=&#8221;&#8221; border_size=&#8221;&#8221; border_color=&#8221;&#8221; border_style=&#8221;solid&#8221; border_position=&#8221;all&#8221; spacing=&#8221;yes&#8221; background_image=&#8221;&#8221; background_repeat=&#8221;no-repeat&#8221; padding_top=&#8221;&#8221; padding_right=&#8221;&#8221; padding_bottom=&#8221;&#8221; padding_left=&#8221;&#8221; margin_top=&#8221;0px&#8221; margin_bottom=&#8221;0px&#8221; class=&#8221;&#8221; id=&#8221;&#8221; animation_type=&#8221;&#8221; animation_speed=&#8221;0.3&#8243; animation_direction=&#8221;left&#8221; hide_on_mobile=&#8221;small-visibility,medium-visibility,large-visibility&#8221; center_content=&#8221;no&#8221; last=&#8221;no&#8221; min_height=&#8221;&#8221; hover_type=&#8221;none&#8221; link=&#8221;&#8221;][fusion_text]<\/p>\n<p>REDACCI\u00d3N<\/p>\n<p>La canci\u00f3n y su videoclip ya se encuentran disponibles y marcan el inicio de una nueva etapa musical de este artista argentino<\/p>\n<p>El cantautor argentino Adri\u00e1n Berra presenta su nueva canci\u00f3n titulada &#8220;Caminata&#8221;. Un single que propone desde su andar\u00a0la sensaci\u00f3n de movimiento\u00a0con el transcurrir del tiempo.\u00a0<br aria-hidden=\"true\" \/><br aria-hidden=\"true\" \/>Con una letra profunda y sensible, el artista va atravesando en este tema preguntas relacionadas con su transitar en la vida. Es una mezcla de canto y declaraci\u00f3n, en una especie de &#8220;rap ac\u00fastico&#8221; y acu\u00e1tico.<br aria-hidden=\"true\" \/><br aria-hidden=\"true\" \/>En &#8220;Caminata&#8221;, destaca la impronta compositiva que\u00a0ha llevado a Adri\u00e1n Berra a\u00a0convertirse en uno de los cancionistas m\u00e1s relevantes de Argentina.\u00a0A\u00a0la vez, la\u00a0instrumentaci\u00f3n empieza a mostrar un camino hacia una sonoridad que incorpora sonidos electr\u00f3nicos en di\u00e1logo con su acostumbrado hacer m\u00e1s org\u00e1nico.\u00a0Esto se ir\u00e9 desplegando en sus pr\u00f3ximos lanzamientos.<br aria-hidden=\"true\" \/><br aria-hidden=\"true\" \/>Este single llega acompa\u00f1ado de un videoclip donde se ve a Adri\u00e1n Berra en un estudio, y encontrando a personas de la ciudad, lo que tambi\u00e9n empieza a marcar ese imaginario de ciudad y de cotidianidad, no necesariamente regido por paisajes de la naturaleza.\u00a0<br aria-hidden=\"true\" \/><br aria-hidden=\"true\" \/>&#8220;Caminata&#8221; es el primer adelanto del pr\u00f3ximo disco de Adri\u00e1n,\u00a0&#8220;Respirar bajo el agua&#8221;\u00a0 que ser\u00e1 estrenado en los pr\u00f3ximos meses.<\/p>\n<p>[\/fusion_text][fusion_imageframe image_id=&#8221;47551|medium&#8221; max_width=&#8221;&#8221; style_type=&#8221;&#8221; blur=&#8221;&#8221; stylecolor=&#8221;&#8221; hover_type=&#8221;none&#8221; bordersize=&#8221;&#8221; bordercolor=&#8221;&#8221; borderradius=&#8221;&#8221; align=&#8221;none&#8221; lightbox=&#8221;no&#8221; gallery_id=&#8221;&#8221; lightbox_image=&#8221;&#8221; lightbox_image_id=&#8221;&#8221; alt=&#8221;&#8221; link=&#8221;&#8221; linktarget=&#8221;_self&#8221; hide_on_mobile=&#8221;small-visibility,medium-visibility,large-visibility&#8221; class=&#8221;&#8221; id=&#8221;&#8221; animation_type=&#8221;&#8221; animation_direction=&#8221;left&#8221; animation_speed=&#8221;0.3&#8243; animation_offset=&#8221;&#8221;]https:\/\/www.bitacoracdmx.com\/wp-content\/uploads\/2022\/10\/Foto-prensa-3-300&#215;200.jpg[\/fusion_imageframe][\/fusion_builder_column][\/fusion_builder_row][\/fusion_builder_container]<\/p>\n","protected":false},"excerpt":{"rendered":"<p>[fusion_builder_container hundred_percent=&#8221;no&#8221; equal_height_columns=&#8221;no&#8221; menu_anchor=&#8221;&#8221; hide_on_mobile=&#8221;small-visibility,medium-visibility,large-visibility&#8221; class=&#8221;&#8221; id=&#8221;&#8221; background_color=&#8221;&#8221; background_image=&#8221;&#8221; background_position=&#8221;center center&#8221; background_repeat=&#8221;no-repeat&#8221; fade=&#8221;no&#8221; background_parallax=&#8221;none&#8221; parallax_speed=&#8221;0.3&#8243; video_mp4=&#8221;&#8221; video_webm=&#8221;&#8221; video_ogv=&#8221;&#8221; video_url=&#8221;&#8221; video_aspect_ratio=&#8221;16:9&#8243; video_loop=&#8221;yes&#8221; video_mute=&#8221;yes&#8221; overlay_color=&#8221;&#8221; video_preview_image=&#8221;&#8221; border_size=&#8221;&#8221; border_color=&#8221;&#8221; border_style=&#8221;solid&#8221; padding_top=&#8221;&#8221; padding_bottom=&#8221;&#8221; padding_left=&#8221;&#8221; padding_right=&#8221;&#8221;][fusion_builder_row][fusion_builder_column type=&#8221;1_1&#8243; layout=&#8221;1_1&#8243; background_position=&#8221;left top&#8221; background_color=&#8221;&#8221; border_size=&#8221;&#8221; border_color=&#8221;&#8221; border_style=&#8221;solid&#8221; border_position=&#8221;all&#8221; spacing=&#8221;yes&#8221; background_image=&#8221;&#8221; background_repeat=&#8221;no-repeat&#8221; padding_top=&#8221;&#8221; padding_right=&#8221;&#8221; padding_bottom=&#8221;&#8221; padding_left=&#8221;&#8221; margin_top=&#8221;0px&#8221; margin_bottom=&#8221;0px&#8221; class=&#8221;&#8221; id=&#8221;&#8221; animation_type=&#8221;&#8221; animation_speed=&#8221;0.3&#8243; animation_direction=&#8221;left&#8221; hide_on_mobile=&#8221;small-visibility,medium-visibility,large-visibility&#8221; center_content=&#8221;no&#8221; last=&#8221;no&#8221; min_height=&#8221;&#8221; hover_type=&#8221;none&#8221; link=&#8221;&#8221;][fusion_text] REDACCI\u00d3N La canci\u00f3n y su videoclip ya se encuentran disponibles y marcan el inicio de una nueva etapa musical de este artista argentino El cantautor argentino Adri\u00e1n Berra presenta su nueva canci\u00f3n titulada &#8220;Caminata&#8221;. Un single que propone desde su [&hellip;]<\/p>\n","protected":false},"author":1,"featured_media":47551,"comment_status":"open","ping_status":"open","sticky":false,"template":"","format":"standard","meta":{"footnotes":""},"categories":[9,11],"tags":[],"_links":{"self":[{"href":"https:\/\/www.bitacoracdmx.com\/index.php?rest_route=\/wp\/v2\/posts\/47550"}],"collection":[{"href":"https:\/\/www.bitacoracdmx.com\/index.php?rest_route=\/wp\/v2\/posts"}],"about":[{"href":"https:\/\/www.bitacoracdmx.com\/index.php?rest_route=\/wp\/v2\/types\/post"}],"author":[{"embeddable":true,"href":"https:\/\/www.bitacoracdmx.com\/index.php?rest_route=\/wp\/v2\/users\/1"}],"replies":[{"embeddable":true,"href":"https:\/\/www.bitacoracdmx.com\/index.php?rest_route=%2Fwp%2Fv2%2Fcomments&post=47550"}],"version-history":[{"count":1,"href":"https:\/\/www.bitacoracdmx.com\/index.php?rest_route=\/wp\/v2\/posts\/47550\/revisions"}],"predecessor-version":[{"id":47552,"href":"https:\/\/www.bitacoracdmx.com\/index.php?rest_route=\/wp\/v2\/posts\/47550\/revisions\/47552"}],"wp:featuredmedia":[{"embeddable":true,"href":"https:\/\/www.bitacoracdmx.com\/index.php?rest_route=\/wp\/v2\/media\/47551"}],"wp:attachment":[{"href":"https:\/\/www.bitacoracdmx.com\/index.php?rest_route=%2Fwp%2Fv2%2Fmedia&parent=47550"}],"wp:term":[{"taxonomy":"category","embeddable":true,"href":"https:\/\/www.bitacoracdmx.com\/index.php?rest_route=%2Fwp%2Fv2%2Fcategories&post=47550"},{"taxonomy":"post_tag","embeddable":true,"href":"https:\/\/www.bitacoracdmx.com\/index.php?rest_route=%2Fwp%2Fv2%2Ftags&post=47550"}],"curies":[{"name":"wp","href":"https:\/\/api.w.org\/{rel}","templated":true}]}}