{"id":47560,"date":"2022-10-25T04:22:49","date_gmt":"2022-10-25T04:22:49","guid":{"rendered":"https:\/\/www.bitacoracdmx.com\/?p=47560"},"modified":"2022-10-25T04:22:49","modified_gmt":"2022-10-25T04:22:49","slug":"invita-gobierno-capitalino-a-procesion-comunitaria-previa-al-gran-desfile-de-dia-de-muertos","status":"publish","type":"post","link":"https:\/\/www.bitacoracdmx.com\/?p=47560","title":{"rendered":"Invita GOBIERNO CAPITALINO a procesi\u00f3n comunitaria previa al GRAN DESFILE DE D\u00cdA DE MUERTOS"},"content":{"rendered":"<p>[fusion_builder_container hundred_percent=&#8221;no&#8221; equal_height_columns=&#8221;no&#8221; menu_anchor=&#8221;&#8221; hide_on_mobile=&#8221;small-visibility,medium-visibility,large-visibility&#8221; class=&#8221;&#8221; id=&#8221;&#8221; background_color=&#8221;&#8221; background_image=&#8221;&#8221; background_position=&#8221;center center&#8221; background_repeat=&#8221;no-repeat&#8221; fade=&#8221;no&#8221; background_parallax=&#8221;none&#8221; parallax_speed=&#8221;0.3&#8243; video_mp4=&#8221;&#8221; video_webm=&#8221;&#8221; video_ogv=&#8221;&#8221; video_url=&#8221;&#8221; video_aspect_ratio=&#8221;16:9&#8243; video_loop=&#8221;yes&#8221; video_mute=&#8221;yes&#8221; overlay_color=&#8221;&#8221; video_preview_image=&#8221;&#8221; border_size=&#8221;&#8221; border_color=&#8221;&#8221; border_style=&#8221;solid&#8221; padding_top=&#8221;&#8221; padding_bottom=&#8221;&#8221; padding_left=&#8221;&#8221; padding_right=&#8221;&#8221;][fusion_builder_row][fusion_builder_column type=&#8221;1_1&#8243; layout=&#8221;1_1&#8243; background_position=&#8221;left top&#8221; background_color=&#8221;&#8221; border_size=&#8221;&#8221; border_color=&#8221;&#8221; border_style=&#8221;solid&#8221; border_position=&#8221;all&#8221; spacing=&#8221;yes&#8221; background_image=&#8221;&#8221; background_repeat=&#8221;no-repeat&#8221; padding_top=&#8221;&#8221; padding_right=&#8221;&#8221; padding_bottom=&#8221;&#8221; padding_left=&#8221;&#8221; margin_top=&#8221;0px&#8221; margin_bottom=&#8221;0px&#8221; class=&#8221;&#8221; id=&#8221;&#8221; animation_type=&#8221;&#8221; animation_speed=&#8221;0.3&#8243; animation_direction=&#8221;left&#8221; hide_on_mobile=&#8221;small-visibility,medium-visibility,large-visibility&#8221; center_content=&#8221;no&#8221; last=&#8221;no&#8221; min_height=&#8221;&#8221; hover_type=&#8221;none&#8221; link=&#8221;&#8221;][fusion_text]<\/p>\n<p>REDACCI\u00d3N<\/p>\n<p>\u25cf El s\u00e1bado 29 de octubre a las 11:00 horas la Procesi\u00f3n Comunitaria partir\u00e1 de la Puerta de los Leones rumbo al Z\u00f3calo capitalino para dar paso, a las 17:00 horas, al Gran Desfile de D\u00eda de Muertos<\/p>\n<p>\u25cf La Secretar\u00eda de Turismo capitalina prev\u00e9 la asistencia de un mill\u00f3n de personas y una derrama de 4 mil mdp gracias al arribo a la Ciudad de M\u00e9xico de turistas nacionales e internacionales<\/p>\n<p>\u25cf Destacan que este a\u00f1o se contar\u00e1 con la presencia de 32 catrinas representativas de cada estado<\/p>\n<p>La\u00a0<strong>secretaria de Cultura de la Ciudad de M\u00e9xico, Claudia Curiel de Icaza<\/strong>, encabez\u00f3 la presentaci\u00f3n de la\u00a0<strong>Procesi\u00f3n Comunitaria de D\u00eda de Muertos 2022<\/strong>\u00a0que se realizar\u00e1 este s\u00e1bado 29 de octubre a las 11:00 horas con motivo de la celebraci\u00f3n de las tradiciones mexicanas y con apoyo del Instituto Nacional de los Pueblos Ind\u00edgenas, misma que saldr\u00e1 de la Puerta de los Leones en Avenida Paseo de la Reforma hacia el Z\u00f3calo capitalino -este evento antecede\u00a0<strong>al Gran Desfile de D\u00eda de Muertos<\/strong>\u00a0que comenzar\u00e1 a las 17:00 horas-.<\/p>\n<p>\u201cSer\u00e1 la Procesi\u00f3n Comunitaria con toda las Red de F\u00e1bricas de Artes y Oficios (FAROS); Puntos de Innovaci\u00f3n, Libertad, Arte, Educaci\u00f3n y Saberes (PILARES); y Centros Comunitarios quienes van a arrancar este a\u00f1o la primera procesi\u00f3n antes del Gran Desfile que concluir\u00e1 en la noche en Z\u00f3calo capitalino\u201d, explic\u00f3 la\u00a0<strong>titular de la Secretar\u00eda de Cultura<\/strong>.<\/p>\n<p>En compa\u00f1\u00eda de\u00a0<strong>Miguel Torruco Marqu\u00e9s<\/strong>, secretario de Turismo del Gobierno de M\u00e9xico;\u00a0<strong>Mar\u00eda N\u00fa\u00f1ez Bespalova<\/strong>, subsecretaria de Desarrollo Cultural de la Secretar\u00eda de Cultura federal;\u00a0<strong>Nathalie Desplas Puel<\/strong>, secretaria de Turismo capitalina; y Rita Magali Cadena Amador, directora general de Vinculaci\u00f3n Cultural Comunitaria, as\u00ed como de Sara Jani Murillo, directora de Operaciones de Ezel Life, De Icaza destac\u00f3 que este a\u00f1o la capital ser\u00e1 la anfitriona de esta celebraci\u00f3n que es reconocida como Patrimonio Cultural Inmaterial de la Humanidad desde 2008.<\/p>\n<p>Adem\u00e1s, Claudia Curiel de Icaza agradeci\u00f3 a la iniciativa privada su participaci\u00f3n en el Gran Desfile de la Ciudad de M\u00e9xico, que este a\u00f1o tiene como tema \u201cM\u00e9xico: El ombligo de la luna\u201d y forma parte del proyecto cultural liderado por la Jefa de Gobierno, Claudia Sheinbaum Pardom, en donde participan mil 600 voluntarios y un total de 16 carros aleg\u00f3ricos; adem\u00e1s festej\u00f3 la participaci\u00f3n y colaboraci\u00f3n del Gobierno de Veracruz y el Instituto Tecnol\u00f3gico de Monterrey, as\u00ed como de las nuevas atracciones que sumar\u00e1n las funerarias Gayosso, J. Garc\u00eda L\u00f3pez y Funeza, NESTL\u00c9 Caf\u00e9 de Olla, Sal La Fina, Converse, e AT&amp;T con un carro aleg\u00f3rico que abordar\u00e1 a las leyendas del f\u00fatbol.<\/p>\n<p>El trayecto contar\u00e1 con la participaci\u00f3n de 344 m\u00fasicos, entre ellos Batal\u00e1 M\u00e9xico, Mariachi Mexicana Hermosa, Danza Mexica Macehual, el Sal\u00f3n Los \u00c1ngeles, Fuego Azteca Marching Band y B\u00fahos Marching Band, adem\u00e1s de 162 invitados y la apertura del portal en el Z\u00f3calo con la participaci\u00f3n estelar de la artista \u00c1ngela Aguilar, quien regalar\u00e1 al pueblo mexicano la interpretaci\u00f3n de \u201cLa Llorona\u201d y \u201cLa Malague\u00f1a\u201d.<\/p>\n<p>En esta edici\u00f3n participar\u00e1n grandes artesanos de nuestro pa\u00eds, artistas y dise\u00f1adores de gran trayectoria que decidieron trabajar en conjunto para entregar el mejor desfile, entre ellos: Pablo Fern\u00e1ndez, David Lombrozo, Eloise Kazan, Carlos Navarrete Pati\u00f1o, Colectivo \u00daltima Hora, Ariel Rodr\u00edguez y Lacho Villanueva.<\/p>\n<p>La funcionaria capitalina tambi\u00e9n destac\u00f3 que, por primera vez, el Desfile contar\u00e1 con un cuento de d\u00eda de muertos titulado \u201cLuna, la \u00faltima guardiana del portal\u201d, el cual podr\u00e1 seguirse en tiempo real a trav\u00e9s de un c\u00f3digo QR o en la p\u00e1gina\u00a0<a href=\"http:\/\/desfilediademuertos.cdmx.gob.mx\/\">desfilediademuertos.cdmx.gob.mx<\/a>, y narrar\u00e1 las aventuras de la \u00faltima princesa mexica, quien deber\u00e1 recorrer los ocho cap\u00edtulos a lo largo del recorrido para poder llegar al Z\u00f3calo, abrir el portal y convertirse en su guardiana.<\/p>\n<p><strong>El Gran Desfile de D\u00eda de Muertos<\/strong>\u00a0est\u00e1 dividido en un pr\u00f3logo y ocho cap\u00edtulos que llevan por nombre: &#8220;La Nueva Guardiana del Portal&#8221;, &#8220;Caminos de Cempas\u00fachil&#8221;, &#8220;El Mictl\u00e1n&#8221;, &#8220;La Revoluci\u00f3n y Posada&#8221;, &#8220;El Carnaval de Calaveras&#8221;, &#8220;Arte&#8221;, &#8220;La Fiesta en el Ombligo de la Luna&#8221; y &#8220;La apertura del Portal-Gran Cierre del Desfile en el Z\u00f3calo\u201d.<\/p>\n<p>Siete nuevos personajes acompa\u00f1ar\u00e1n la columna del desfile: Luna, Meztli, Lola la Mariposa, Xolo, Laka Laka, Mari la Mariachi y Tina la Catrina. En tanto que habr\u00e1 un carro aleg\u00f3rico de la Selecci\u00f3n Mexicana, representaciones gigantes de La Llorona, Juan Gabriel y Chavela Vargas.<\/p>\n<p>Asimismo, la titular de esta dependencia aplaudi\u00f3 la participaci\u00f3n de talleristas y usuarios de los centros culturales que dan vida al proyecto cultural que anteceden este a\u00f1o el desfile con la\u00a0<strong>Procesi\u00f3n Comunitaria el s\u00e1bado 29 de octubre<\/strong>\u00a0y la suma de 16 desfiles en cada una de las alcald\u00edas con diversos eventos culturales el 1 de noviembre.<\/p>\n<p>\u201cEsta gama de centros y recintos culturales son los que han elaborado toda esta mega procesi\u00f3n no solamente con los talleristas, los promotores culturales, sino lo m\u00e1s importante, con los usuarios, con los alumnos y alumnas, desde ni\u00f1os de las primeras infancias, juventudes, mujeres y adultos mayores. Todo lo que ustedes van a ver ah\u00ed es hecho al 100 por ciento con las manos de nuestros usuarios, con las manos, los saberes y la transmisi\u00f3n de la tradici\u00f3n de nuestros talleristas\u201d, agreg\u00f3 Rita Magali Cadena Amador, directora general de Vinculaci\u00f3n Cultural Comunitaria.<\/p>\n<p>El secretario de Turismo federal,\u00a0<strong>Miguel Torruco Marqu\u00e9s<\/strong>, record\u00f3 que esta gran celebraci\u00f3n es un referente para viajeros de todo el mundo que quieren conocer y vivir esta magn\u00edfica experiencia, ahora en un nuevo periodo de recuperaci\u00f3n tras la pandemia, que ha sido retratada en diversas cintas cinematogr\u00e1ficas que se han visto motivadas a compartir estas tradiciones en la pantalla grande.<\/p>\n<p>\u201cUno de los objetivos de la Secretar\u00eda de Turismo del gobierno federal es diversificar las estrategias de promoci\u00f3n para incrementar los flujos tur\u00edsticos, la derrama econ\u00f3mica y la inversi\u00f3n. Para tal efecto, hemos puesto en marcha, en diferentes entidades de la Rep\u00fablica Mexicana, diversos eventos de talla internacional de alto impacto\u201d, dijo Torruco.<\/p>\n<p>En su turno,\u00a0<strong>Nathalie Desplas, secretaria de Turismo local<\/strong>, habl\u00f3 acerca del impacto tur\u00edstico que tendr\u00e1 el Gran Desfile D\u00eda de Muertos en la Ciudad de M\u00e9xico. En t\u00e9rminos de derrama econ\u00f3mica dejar\u00e1 durante estos cinco d\u00edas m\u00e1s de 4 mil millones de pesos en materia de alojamientos, paseos y otros servicios tur\u00edsticos que atraer\u00e1 a curiosos de diversas partes del mundo y la Rep\u00fablica Mexicana, quienes ser\u00e1n recibidos tambi\u00e9n con el programa Colibr\u00ed Viajero que ofrecer\u00e1 recorridos dramatizados a 70 mil personas.<\/p>\n<p>\u201cLa Ciudad de M\u00e9xico se viste de gala para celebrar a nuestros muertos, nuestros difuntos y celebrar con ellos la vida, la uni\u00f3n familiar y honrarlos a trav\u00e9s de estas hermosas costumbres heredadas de nuestros ancestros a trav\u00e9s de altares de muertos, catrinas, conciertos, festivales gastron\u00f3micos m\u00fasica y color que inundar\u00e1n las calles de nuestra ciudad\u201d, expres\u00f3 Desplas.<\/p>\n<p>La subsecretaria de Desarrollo Cultural de la Secretar\u00eda de Cultura del Gobierno de M\u00e9xico, Marina N\u00fa\u00f1ez Bespalova, explic\u00f3 que este a\u00f1o, en conjunto con el Gobierno de la Ciudad de M\u00e9xico, se hizo una invitaci\u00f3n a los gobiernos de todo el pa\u00eds para que cada uno represente sus tradiciones de D\u00eda de Muertos con un altar en el Z\u00f3calo capitalino que abrir\u00e1 al p\u00fablico el 28 de octubre, por lo que habr\u00e1 32 de ellos con sus respectivas catrinas para dar muestra de las tradiciones de cada regi\u00f3n y sus diversos rituales.<\/p>\n<p>\u201cEste D\u00eda de Muertos, una de las fiestas m\u00e1s importantes que tenemos y por la que somos reconocidos mundialmente, vamos a tener la representaci\u00f3n de cada uno de los estados en el Z\u00f3calo de la ciudad. En esta ocasi\u00f3n cada una de las ofrendas va a tener un tipo de gui\u00f1o hacia distintas culturas de cada uno de los estados porque sabemos que los pueblos ind\u00edgenas en esta ritualidad son un elemento especial porque caracterizan y le dan identidad a cada una de las demarcaciones territoriales en esta celebraci\u00f3n\u201d, expuso Bespalova.<\/p>\n<p>La Secretar\u00eda de Cultura capitalina llevar\u00e1 por primera vez la celebraci\u00f3n de D\u00eda de Muertos a la realidad virtual en el \u201cMetaverso\u201d a trav\u00e9s de las plataformas\u00a0<em>Spatial<\/em>\u00a0y\u00a0<em>Decentraland<\/em>\u00a0de\u00a0<em>Ezel.Life<\/em>\u00a0donde se desarrollar\u00e1 una fiesta internacional de avatars en la que los participantes podr\u00e1n dise\u00f1ar su propio catr\u00edn o catrina a trav\u00e9s de tel\u00e9fonos inteligentes, computadoras, tabletas y oculus de realidad virtual, con acceso gratuito durante noviembre.<\/p>\n<p>\u201cEl Metaverso es considerado la pr\u00f3xima versi\u00f3n del internet, es una red integrada de espacios virtuales 3D que promete cambiar la forma en la que interactuamos y tendr\u00e1 un papel muy importante en la cultura, en la forma de preservarla y de poder llevarla a otras generaciones y a todas partes del mundo mediante mundos virtuales interactivos de alta calidad en donde cualquier persona puede sumergirse en ellos\u201d, explic\u00f3 Sara Murillo.<\/p>\n<p>En el Metaverso tambi\u00e9n se podr\u00e1 interactuar con los carros aleg\u00f3ricos y presenciar las reinterpretaciones del &#8220;Sue\u00f1o de una noche de verano&#8221; de Diego Rivera y \u201cLa Catrina\u201d de Jos\u00e9 Guadalupe Posada.<\/p>\n<p>[\/fusion_text][fusion_imageframe image_id=&#8221;47561|medium&#8221; max_width=&#8221;&#8221; style_type=&#8221;&#8221; blur=&#8221;&#8221; stylecolor=&#8221;&#8221; hover_type=&#8221;none&#8221; bordersize=&#8221;&#8221; bordercolor=&#8221;&#8221; borderradius=&#8221;&#8221; align=&#8221;none&#8221; lightbox=&#8221;no&#8221; gallery_id=&#8221;&#8221; lightbox_image=&#8221;&#8221; lightbox_image_id=&#8221;&#8221; alt=&#8221;&#8221; link=&#8221;&#8221; linktarget=&#8221;_self&#8221; hide_on_mobile=&#8221;small-visibility,medium-visibility,large-visibility&#8221; class=&#8221;&#8221; id=&#8221;&#8221; animation_type=&#8221;&#8221; animation_direction=&#8221;left&#8221; animation_speed=&#8221;0.3&#8243; animation_offset=&#8221;&#8221;]https:\/\/www.bitacoracdmx.com\/wp-content\/uploads\/2022\/10\/WhatsApp-Image-2022-10-24-at-8.47.02-PM-300&#215;200.jpeg[\/fusion_imageframe][\/fusion_builder_column][\/fusion_builder_row][\/fusion_builder_container]<\/p>\n","protected":false},"excerpt":{"rendered":"<p>[fusion_builder_container hundred_percent=&#8221;no&#8221; equal_height_columns=&#8221;no&#8221; menu_anchor=&#8221;&#8221; hide_on_mobile=&#8221;small-visibility,medium-visibility,large-visibility&#8221; class=&#8221;&#8221; id=&#8221;&#8221; background_color=&#8221;&#8221; background_image=&#8221;&#8221; background_position=&#8221;center center&#8221; background_repeat=&#8221;no-repeat&#8221; fade=&#8221;no&#8221; background_parallax=&#8221;none&#8221; parallax_speed=&#8221;0.3&#8243; video_mp4=&#8221;&#8221; video_webm=&#8221;&#8221; video_ogv=&#8221;&#8221; video_url=&#8221;&#8221; video_aspect_ratio=&#8221;16:9&#8243; video_loop=&#8221;yes&#8221; video_mute=&#8221;yes&#8221; overlay_color=&#8221;&#8221; video_preview_image=&#8221;&#8221; border_size=&#8221;&#8221; border_color=&#8221;&#8221; border_style=&#8221;solid&#8221; padding_top=&#8221;&#8221; padding_bottom=&#8221;&#8221; padding_left=&#8221;&#8221; padding_right=&#8221;&#8221;][fusion_builder_row][fusion_builder_column type=&#8221;1_1&#8243; layout=&#8221;1_1&#8243; background_position=&#8221;left top&#8221; background_color=&#8221;&#8221; border_size=&#8221;&#8221; border_color=&#8221;&#8221; border_style=&#8221;solid&#8221; border_position=&#8221;all&#8221; spacing=&#8221;yes&#8221; background_image=&#8221;&#8221; background_repeat=&#8221;no-repeat&#8221; padding_top=&#8221;&#8221; padding_right=&#8221;&#8221; padding_bottom=&#8221;&#8221; padding_left=&#8221;&#8221; margin_top=&#8221;0px&#8221; margin_bottom=&#8221;0px&#8221; class=&#8221;&#8221; id=&#8221;&#8221; animation_type=&#8221;&#8221; animation_speed=&#8221;0.3&#8243; animation_direction=&#8221;left&#8221; hide_on_mobile=&#8221;small-visibility,medium-visibility,large-visibility&#8221; center_content=&#8221;no&#8221; last=&#8221;no&#8221; min_height=&#8221;&#8221; hover_type=&#8221;none&#8221; link=&#8221;&#8221;][fusion_text] REDACCI\u00d3N \u25cf El s\u00e1bado 29 de octubre a las 11:00 horas la Procesi\u00f3n Comunitaria partir\u00e1 de la Puerta de los Leones rumbo al Z\u00f3calo capitalino para dar paso, a las 17:00 horas, al Gran Desfile de D\u00eda de Muertos \u25cf [&hellip;]<\/p>\n","protected":false},"author":1,"featured_media":47561,"comment_status":"open","ping_status":"open","sticky":false,"template":"","format":"standard","meta":{"footnotes":""},"categories":[5,9],"tags":[],"_links":{"self":[{"href":"https:\/\/www.bitacoracdmx.com\/index.php?rest_route=\/wp\/v2\/posts\/47560"}],"collection":[{"href":"https:\/\/www.bitacoracdmx.com\/index.php?rest_route=\/wp\/v2\/posts"}],"about":[{"href":"https:\/\/www.bitacoracdmx.com\/index.php?rest_route=\/wp\/v2\/types\/post"}],"author":[{"embeddable":true,"href":"https:\/\/www.bitacoracdmx.com\/index.php?rest_route=\/wp\/v2\/users\/1"}],"replies":[{"embeddable":true,"href":"https:\/\/www.bitacoracdmx.com\/index.php?rest_route=%2Fwp%2Fv2%2Fcomments&post=47560"}],"version-history":[{"count":1,"href":"https:\/\/www.bitacoracdmx.com\/index.php?rest_route=\/wp\/v2\/posts\/47560\/revisions"}],"predecessor-version":[{"id":47562,"href":"https:\/\/www.bitacoracdmx.com\/index.php?rest_route=\/wp\/v2\/posts\/47560\/revisions\/47562"}],"wp:featuredmedia":[{"embeddable":true,"href":"https:\/\/www.bitacoracdmx.com\/index.php?rest_route=\/wp\/v2\/media\/47561"}],"wp:attachment":[{"href":"https:\/\/www.bitacoracdmx.com\/index.php?rest_route=%2Fwp%2Fv2%2Fmedia&parent=47560"}],"wp:term":[{"taxonomy":"category","embeddable":true,"href":"https:\/\/www.bitacoracdmx.com\/index.php?rest_route=%2Fwp%2Fv2%2Fcategories&post=47560"},{"taxonomy":"post_tag","embeddable":true,"href":"https:\/\/www.bitacoracdmx.com\/index.php?rest_route=%2Fwp%2Fv2%2Ftags&post=47560"}],"curies":[{"name":"wp","href":"https:\/\/api.w.org\/{rel}","templated":true}]}}