{"id":47564,"date":"2022-10-26T00:54:19","date_gmt":"2022-10-26T00:54:19","guid":{"rendered":"https:\/\/www.bitacoracdmx.com\/?p=47564"},"modified":"2022-10-26T00:54:19","modified_gmt":"2022-10-26T00:54:19","slug":"la-musica-es-una-sustancia-compuesta-de-tiempo-y-sonidos-mario-lavista","status":"publish","type":"post","link":"https:\/\/www.bitacoracdmx.com\/?p=47564","title":{"rendered":"La m\u00fasica es una sustancia compuesta de tiempo y sonidos, Mario Lavista"},"content":{"rendered":"<p>[fusion_builder_container hundred_percent=&#8221;no&#8221; equal_height_columns=&#8221;no&#8221; menu_anchor=&#8221;&#8221; hide_on_mobile=&#8221;small-visibility,medium-visibility,large-visibility&#8221; class=&#8221;&#8221; id=&#8221;&#8221; background_color=&#8221;&#8221; background_image=&#8221;&#8221; background_position=&#8221;center center&#8221; background_repeat=&#8221;no-repeat&#8221; fade=&#8221;no&#8221; background_parallax=&#8221;none&#8221; parallax_speed=&#8221;0.3&#8243; video_mp4=&#8221;&#8221; video_webm=&#8221;&#8221; video_ogv=&#8221;&#8221; video_url=&#8221;&#8221; video_aspect_ratio=&#8221;16:9&#8243; video_loop=&#8221;yes&#8221; video_mute=&#8221;yes&#8221; overlay_color=&#8221;&#8221; video_preview_image=&#8221;&#8221; border_size=&#8221;&#8221; border_color=&#8221;&#8221; border_style=&#8221;solid&#8221; padding_top=&#8221;&#8221; padding_bottom=&#8221;&#8221; padding_left=&#8221;&#8221; padding_right=&#8221;&#8221;][fusion_builder_row][fusion_builder_column type=&#8221;1_1&#8243; layout=&#8221;1_1&#8243; background_position=&#8221;left top&#8221; background_color=&#8221;&#8221; border_size=&#8221;&#8221; border_color=&#8221;&#8221; border_style=&#8221;solid&#8221; border_position=&#8221;all&#8221; spacing=&#8221;yes&#8221; background_image=&#8221;&#8221; background_repeat=&#8221;no-repeat&#8221; padding_top=&#8221;&#8221; padding_right=&#8221;&#8221; padding_bottom=&#8221;&#8221; padding_left=&#8221;&#8221; margin_top=&#8221;0px&#8221; margin_bottom=&#8221;0px&#8221; class=&#8221;&#8221; id=&#8221;&#8221; animation_type=&#8221;&#8221; animation_speed=&#8221;0.3&#8243; animation_direction=&#8221;left&#8221; hide_on_mobile=&#8221;small-visibility,medium-visibility,large-visibility&#8221; center_content=&#8221;no&#8221; last=&#8221;no&#8221; min_height=&#8221;&#8221; hover_type=&#8221;none&#8221; link=&#8221;&#8221;][fusion_text]<\/p>\n<p>REDACCI\u00d3N<\/p>\n<p class=\"x_MsoNormal\">Mario Lavista cre\u00eda que la m\u00fasica del siglo XX tiene la voluntad de ampliar sus fronteras hasta lugares insospechados.\u00a0<i>Parad\u00f3jicamente definitivas, pero al mismo tiempo siempre cambiantes<\/i>. Originario de la Ciudad de M\u00e9xico, naci\u00f3 el 3 de abril de 1943 y falleci\u00f3 el 4 de noviembre de 2021. Fue\u00a0<strong><span lang=\"ES\">uno de los m\u00e1s eminentes compositores actuales de Am\u00e9rica Latina<\/span><\/strong><span lang=\"ES\">\u00a0y<\/span><span lang=\"ES\">\u00a0<\/span><span lang=\"ES\">una de las figuras m\u00e1s relevantes de la m\u00fasica de la segunda mitad del siglo XX y principios del XXI para M\u00e9xico y el mundo.<\/span><\/p>\n<p>Por ello el\u00a0<b>Tercer Festival URTEXT<\/b>\u00a0le rendir\u00e1 un homenaje gr\u00e1fico que consiste en la exposici\u00f3n de carteles\u00a0<i>Reflejos de la noche,\u00a0<\/i>en El Colegio Nacional, a partir del 5 de noviembre. En el concierto inaugural del 2 de diciembre tambi\u00e9n veremos y escucharemos\u00a0<i>Jard\u00edn de piedra<\/i>, m\u00fasica de Mario Lavista y coreograf\u00eda de Claudia Lavista. Se trata de una\u00a0puesta en escena unipersonal para homenajear a su padre, con la bailarina Xitlali Pi\u00f1a y el chelista Jorge Andr\u00e9s Ortiz Moreno.<\/p>\n<p class=\"x_MsoNormal\"><b>Mario Lavista\u00a0<\/b>fue m\u00fasico, compositor, catedr\u00e1tico y pensador mexicano. Estudi\u00f3 Composici\u00f3n en el\u00a0<b>Conservatorio Nacional de M\u00fasica\u00a0\u00a0&#8211;\u00a0<\/b>donde luego fue catedr\u00e1tico- y la\u00a0<b>Schola Cantorum\u00a0<\/b>de Par\u00eds. Su convivencia con compositores, g\u00e9neros, estilos y escuelas lo llev\u00f3 a concebir \u201c<i>una diversidad de voces y tendencias, cambiantes rostros que dibujan la imagen m\u00faltiple y plural de la m\u00fasica moderna<\/i>\u201d. El 14 de octubre de 1998 ingres\u00f3 al Colegio Nacional.<\/p>\n<p class=\"x_MsoNormal\">Respecto a la exposicion\u00a0<i>Reflejos de la noche<\/i>, cabe se\u00f1alar que es resultado de una convocatoria de Poster\u2019s Not Dead y Urtext Digital Classics, que invitaron a creadores nacionales e internacionales a ser parte de esta colecci\u00f3n; llegaron propuestas de doce pa\u00edses (China, Cuba, Corea del Sur, Italia, Polonia, Turquia, Kosovo, Indonesia, Ir\u00e1n, Venezuela, Egipto y M\u00e9xico). Ahora 50 de ellos integran una exposici\u00f2n transmedia, que a partir de la lectura de un c\u00f3digo QR permite al p\u00fablico escuchar la m\u00fasica del compositor.<\/p>\n<p class=\"x_MsoNormal\"><i>Reflejos de la noche<\/i>\u00a0se exhibir\u00e1 en El Colegio Nacional, ubicado en Donceles 104, Centro Hist\u00f3rico de la CDMX, del 5 de noviembre de 2022 a febrero de 2023. Esta es una de las actividades especiales del\u00a0<b>Tercer Festival URTEXT,\u00a0<\/b>que cada a\u00f1o rinde homenaje\u00a0\u00a0a un compositor fallecido y uno vivo de destacada trayectoria. Por ello este diciembre se recordar\u00e1 a Mario Lavista.<\/p>\n<p class=\"x_MsoNormal\">A Edison Quintana le corresponder\u00e1 el segundo homenaje en una ceremonia donde recibir\u00e1 la presea Angela Peralta a la excelencia musical. Como concertista del INBA y la UNAM, el maestro Quintana ha interpretado alrededor de medio millar de obras para piano solo, piano y orquesta, adem\u00e1s de participar en conjuntos de m\u00fasica de c\u00e1mara, jazz y tangos. Tambi\u00e9n ha sido solista de todas las orquestas importantes de M\u00e9xico y en muchas salas de conciertos de todo el mundo.<\/p>\n<p class=\"x_MsoNormal\">El\u00a0<b>Tercer Festival URTEXT<\/b>\u00a0se realizar\u00e1 del 1 al 4 de diciembre en el Museo Franz Mayer, El Colegio Nacional, el Museo Interactivo de Econom\u00eda (MIDE) y la Sala Manuel M. Ponce del Palacio de Bellas Artes. Ser\u00e1n cuatro d\u00edas de actividades continuas con eventos para toda la familia; m\u00e1s de 250 m\u00fasicos interpretar\u00e1n lo mejor de la m\u00fasica mexicana. Este evento convoca a los mejores artistas en cada especialidad y g\u00e9nero; se acerca a distintos p\u00fablicos a trav\u00e9s de actividades acad\u00e9micas y art\u00edsticas en las mejores condiciones, ya sea en los espacios privilegiados e hist\u00f3ricos espacios esc\u00e9nios o de manera virtual a trav\u00e9s de\u00a0<a href=\"https:\/\/www.masmexico.org\/festivalurtext\" target=\"_blank\" rel=\"noopener noreferrer\" data-auth=\"NotApplicable\" data-linkindex=\"0\">https:\/\/www.masmexico.org\/festivalurtext<\/a>,\u00a0<a href=\"http:\/\/www.urtextonline.com\/store\/\" target=\"_blank\" rel=\"noopener noreferrer\" data-auth=\"NotApplicable\" data-linkindex=\"1\">http:\/\/www.urtextonline.com\/store\/<\/a>\u00a0y\u00a0<a href=\"https:\/\/www.facebook.com\/urtextonline\" target=\"_blank\" rel=\"noopener noreferrer\" data-auth=\"NotApplicable\" data-linkindex=\"2\">https:\/\/www.facebook.com\/urtextonline<\/a><\/p>\n<p>[\/fusion_text][fusion_imageframe image_id=&#8221;47566|medium&#8221; max_width=&#8221;&#8221; style_type=&#8221;&#8221; blur=&#8221;&#8221; stylecolor=&#8221;&#8221; hover_type=&#8221;none&#8221; bordersize=&#8221;&#8221; bordercolor=&#8221;&#8221; borderradius=&#8221;&#8221; align=&#8221;none&#8221; lightbox=&#8221;no&#8221; gallery_id=&#8221;&#8221; lightbox_image=&#8221;&#8221; lightbox_image_id=&#8221;&#8221; alt=&#8221;&#8221; link=&#8221;&#8221; linktarget=&#8221;_self&#8221; hide_on_mobile=&#8221;small-visibility,medium-visibility,large-visibility&#8221; class=&#8221;&#8221; id=&#8221;&#8221; animation_type=&#8221;&#8221; animation_direction=&#8221;left&#8221; animation_speed=&#8221;0.3&#8243; animation_offset=&#8221;&#8221;]https:\/\/www.bitacoracdmx.com\/wp-content\/uploads\/2022\/10\/REFLEJOS-BAJA2-1-210&#215;300.jpg[\/fusion_imageframe][\/fusion_builder_column][\/fusion_builder_row][\/fusion_builder_container]<\/p>\n","protected":false},"excerpt":{"rendered":"<p>[fusion_builder_container hundred_percent=&#8221;no&#8221; equal_height_columns=&#8221;no&#8221; menu_anchor=&#8221;&#8221; hide_on_mobile=&#8221;small-visibility,medium-visibility,large-visibility&#8221; class=&#8221;&#8221; id=&#8221;&#8221; background_color=&#8221;&#8221; background_image=&#8221;&#8221; background_position=&#8221;center center&#8221; background_repeat=&#8221;no-repeat&#8221; fade=&#8221;no&#8221; background_parallax=&#8221;none&#8221; parallax_speed=&#8221;0.3&#8243; video_mp4=&#8221;&#8221; video_webm=&#8221;&#8221; video_ogv=&#8221;&#8221; video_url=&#8221;&#8221; video_aspect_ratio=&#8221;16:9&#8243; video_loop=&#8221;yes&#8221; video_mute=&#8221;yes&#8221; overlay_color=&#8221;&#8221; video_preview_image=&#8221;&#8221; border_size=&#8221;&#8221; border_color=&#8221;&#8221; border_style=&#8221;solid&#8221; padding_top=&#8221;&#8221; padding_bottom=&#8221;&#8221; padding_left=&#8221;&#8221; padding_right=&#8221;&#8221;][fusion_builder_row][fusion_builder_column type=&#8221;1_1&#8243; layout=&#8221;1_1&#8243; background_position=&#8221;left top&#8221; background_color=&#8221;&#8221; border_size=&#8221;&#8221; border_color=&#8221;&#8221; border_style=&#8221;solid&#8221; border_position=&#8221;all&#8221; spacing=&#8221;yes&#8221; background_image=&#8221;&#8221; background_repeat=&#8221;no-repeat&#8221; padding_top=&#8221;&#8221; padding_right=&#8221;&#8221; padding_bottom=&#8221;&#8221; padding_left=&#8221;&#8221; margin_top=&#8221;0px&#8221; margin_bottom=&#8221;0px&#8221; class=&#8221;&#8221; id=&#8221;&#8221; animation_type=&#8221;&#8221; animation_speed=&#8221;0.3&#8243; animation_direction=&#8221;left&#8221; hide_on_mobile=&#8221;small-visibility,medium-visibility,large-visibility&#8221; center_content=&#8221;no&#8221; last=&#8221;no&#8221; min_height=&#8221;&#8221; hover_type=&#8221;none&#8221; link=&#8221;&#8221;][fusion_text] REDACCI\u00d3N Mario Lavista cre\u00eda que la m\u00fasica del siglo XX tiene la voluntad de ampliar sus fronteras hasta lugares insospechados.\u00a0Parad\u00f3jicamente definitivas, pero al mismo tiempo siempre cambiantes. Originario de la Ciudad de M\u00e9xico, naci\u00f3 el 3 de abril de 1943 [&hellip;]<\/p>\n","protected":false},"author":1,"featured_media":47566,"comment_status":"open","ping_status":"open","sticky":false,"template":"","format":"standard","meta":{"footnotes":""},"categories":[9,27],"tags":[],"_links":{"self":[{"href":"https:\/\/www.bitacoracdmx.com\/index.php?rest_route=\/wp\/v2\/posts\/47564"}],"collection":[{"href":"https:\/\/www.bitacoracdmx.com\/index.php?rest_route=\/wp\/v2\/posts"}],"about":[{"href":"https:\/\/www.bitacoracdmx.com\/index.php?rest_route=\/wp\/v2\/types\/post"}],"author":[{"embeddable":true,"href":"https:\/\/www.bitacoracdmx.com\/index.php?rest_route=\/wp\/v2\/users\/1"}],"replies":[{"embeddable":true,"href":"https:\/\/www.bitacoracdmx.com\/index.php?rest_route=%2Fwp%2Fv2%2Fcomments&post=47564"}],"version-history":[{"count":1,"href":"https:\/\/www.bitacoracdmx.com\/index.php?rest_route=\/wp\/v2\/posts\/47564\/revisions"}],"predecessor-version":[{"id":47567,"href":"https:\/\/www.bitacoracdmx.com\/index.php?rest_route=\/wp\/v2\/posts\/47564\/revisions\/47567"}],"wp:featuredmedia":[{"embeddable":true,"href":"https:\/\/www.bitacoracdmx.com\/index.php?rest_route=\/wp\/v2\/media\/47566"}],"wp:attachment":[{"href":"https:\/\/www.bitacoracdmx.com\/index.php?rest_route=%2Fwp%2Fv2%2Fmedia&parent=47564"}],"wp:term":[{"taxonomy":"category","embeddable":true,"href":"https:\/\/www.bitacoracdmx.com\/index.php?rest_route=%2Fwp%2Fv2%2Fcategories&post=47564"},{"taxonomy":"post_tag","embeddable":true,"href":"https:\/\/www.bitacoracdmx.com\/index.php?rest_route=%2Fwp%2Fv2%2Ftags&post=47564"}],"curies":[{"name":"wp","href":"https:\/\/api.w.org\/{rel}","templated":true}]}}