{"id":47568,"date":"2022-10-26T01:07:50","date_gmt":"2022-10-26T01:07:50","guid":{"rendered":"https:\/\/www.bitacoracdmx.com\/?p=47568"},"modified":"2022-10-26T01:07:50","modified_gmt":"2022-10-26T01:07:50","slug":"noche-de-museos-de-octubre-se-suma-a-la-celebracion-de-dia-de-muertos","status":"publish","type":"post","link":"https:\/\/www.bitacoracdmx.com\/?p=47568","title":{"rendered":"NOCHE DE MUSEOS de octubre se suma a la celebraci\u00f3n de D\u00cdA DE MUERTOS."},"content":{"rendered":"<p>[fusion_builder_container hundred_percent=&#8221;no&#8221; equal_height_columns=&#8221;no&#8221; menu_anchor=&#8221;&#8221; hide_on_mobile=&#8221;small-visibility,medium-visibility,large-visibility&#8221; class=&#8221;&#8221; id=&#8221;&#8221; background_color=&#8221;&#8221; background_image=&#8221;&#8221; background_position=&#8221;center center&#8221; background_repeat=&#8221;no-repeat&#8221; fade=&#8221;no&#8221; background_parallax=&#8221;none&#8221; parallax_speed=&#8221;0.3&#8243; video_mp4=&#8221;&#8221; video_webm=&#8221;&#8221; video_ogv=&#8221;&#8221; video_url=&#8221;&#8221; video_aspect_ratio=&#8221;16:9&#8243; video_loop=&#8221;yes&#8221; video_mute=&#8221;yes&#8221; overlay_color=&#8221;&#8221; video_preview_image=&#8221;&#8221; border_size=&#8221;&#8221; border_color=&#8221;&#8221; border_style=&#8221;solid&#8221; padding_top=&#8221;&#8221; padding_bottom=&#8221;&#8221; padding_left=&#8221;&#8221; padding_right=&#8221;&#8221;][fusion_builder_row][fusion_builder_column type=&#8221;1_1&#8243; layout=&#8221;1_1&#8243; background_position=&#8221;left top&#8221; background_color=&#8221;&#8221; border_size=&#8221;&#8221; border_color=&#8221;&#8221; border_style=&#8221;solid&#8221; border_position=&#8221;all&#8221; spacing=&#8221;yes&#8221; background_image=&#8221;&#8221; background_repeat=&#8221;no-repeat&#8221; padding_top=&#8221;&#8221; padding_right=&#8221;&#8221; padding_bottom=&#8221;&#8221; padding_left=&#8221;&#8221; margin_top=&#8221;0px&#8221; margin_bottom=&#8221;0px&#8221; class=&#8221;&#8221; id=&#8221;&#8221; animation_type=&#8221;&#8221; animation_speed=&#8221;0.3&#8243; animation_direction=&#8221;left&#8221; hide_on_mobile=&#8221;small-visibility,medium-visibility,large-visibility&#8221; center_content=&#8221;no&#8221; last=&#8221;no&#8221; min_height=&#8221;&#8221; hover_type=&#8221;none&#8221; link=&#8221;&#8221;][fusion_text]<\/p>\n<p>REDACCI\u00d3N<\/p>\n<table class=\"x_mcnTextBlock\" border=\"0\" width=\"100%\" cellspacing=\"0\" cellpadding=\"0\">\n<tbody class=\"x_mcnTextBlockOuter\">\n<tr>\n<td class=\"x_mcnTextBlockInner\" valign=\"top\">\n<table class=\"x_mcnTextContentContainer\" border=\"0\" width=\"100%\" cellspacing=\"0\" cellpadding=\"0\" align=\"left\">\n<tbody>\n<tr>\n<td class=\"x_mcnTextContent\" valign=\"top\">\n<ul>\n<li>Recintos de Chapultepec, norte, centro y sur de la ciudad ofrecer\u00e1n una velada cultural al p\u00fablico este mi\u00e9rcoles 26 de octubre de las 17:00 a las 22:00 horas.<br aria-hidden=\"true\" \/><\/li>\n<li>El p\u00fablico podr\u00e1 disfrutar de inauguraciones de ofrendas para conocer m\u00e1s sobre esta tradici\u00f3n mexicana y en el Complejo Cultural Los Pinos se podr\u00e1 disfrutar de una cata de pan de muerto.<\/li>\n<\/ul>\n<\/td>\n<\/tr>\n<\/tbody>\n<\/table>\n<\/td>\n<\/tr>\n<\/tbody>\n<\/table>\n<table class=\"x_mcnDividerBlock\" border=\"0\" width=\"100%\" cellspacing=\"0\" cellpadding=\"0\">\n<tbody class=\"x_mcnDividerBlockOuter\">\n<tr>\n<td class=\"x_mcnDividerBlockInner\">\n<table class=\"x_mcnDividerContent\" border=\"0\" width=\"100%\" cellspacing=\"0\" cellpadding=\"0\">\n<tbody>\n<tr>\n<td>Con una amplia oferta de cine, visitas guiadas, charlas, conciertos, exposiciones y diversos espect\u00e1culos presenciales y virtuales m\u00e1s de 60 recintos se unir\u00e1n este\u00a0<strong>mi\u00e9rcoles 26 de octubre<\/strong>\u00a0a la d\u00e9cima\u00a0<strong>Noche de Museos<\/strong>\u00a0para celebrar el D\u00eda de Muertos con el programa a cargo de la\u00a0<strong>Secretar\u00eda de Cultura capitalina<\/strong>\u00a0que extender\u00e1 el horario habitual de estos espacios de las 17:00 a las 22:00 horas.<br aria-hidden=\"true\" \/>\u00a0<br aria-hidden=\"true\" \/>El\u00a0<strong>Museo de la Ciudad de M\u00e9xico<\/strong>\u00a0evocar\u00e1 el esp\u00edritu de Mar\u00eda de Velasco e Ibarra, condesa de Santiago de Calimaya, quien en una caracterizaci\u00f3n realizada por la actriz Nelly L\u00f3pez dar\u00e1 a los visitantes un recorrido por esta joya arquitect\u00f3nica de la \u00e9poca colonial convertida en museo desde 1964. La cita es a las 18:00 horas, entrada libre cupo limitado.<br aria-hidden=\"true\" \/>\u00a0<br aria-hidden=\"true\" \/>A unos pasos, el\u00a0<strong>Sal\u00f3n de Cabildos,<\/strong>\u00a0ubicado en el Antiguo Palacio del Ayuntamiento, ofrecer\u00e1 un espect\u00e1culo en torno a esta tradici\u00f3n del D\u00eda de Muertos con una propuesta del colectivo Mujeres de Palabra, cuya visi\u00f3n de la muerte no representa la ausencia, sino m\u00e1s bien, es la presencia viva de quienes ya no nos acompa\u00f1an y que se materializa a trav\u00e9s del altar. Actividad a las 19:00 horas previo registro en registroscabildos@gmail.com.<br aria-hidden=\"true\" \/>\u00a0<br aria-hidden=\"true\" \/>El\u00a0<strong>Museo Pante\u00f3n de San Fernando<\/strong>\u00a0ofrecer\u00e1 a las 18:00 horas, a trav\u00e9s de sus redes sociales, el recorrido \u201cLas 7 vidas de Fercho y Nando\u201d, con los dos gatitos t\u00edteres del pante\u00f3n que ofrecen narraciones \u201cgatunas\u201d abordando sucesos hist\u00f3ricos del siglo XIX a lo largo de sus siete vidas y sus pl\u00e1ticas entre los muertos para contar a los vivos los hist\u00f3ricos episodios de la Guerra de Reforma o la Rep\u00fablica Restaurada.\u00a0 Adem\u00e1s, a la misma hora, el\u00a0<strong>Archivo Hist\u00f3rico de la Ciudad de M\u00e9xico\u00a0<\/strong>invita a conocer a Esperanza Iris a trav\u00e9s de una opereta en el marco de las fiestas de los fieles difuntos.<br aria-hidden=\"true\" \/>\u00a0<br aria-hidden=\"true\" \/>La\u00a0<strong>Sinagoga Hist\u00f3rica Justo Sierra<\/strong>\u00a0hablar\u00e1 de las ceremonias f\u00fanebres y la relaci\u00f3n que tenemos con la muerte y mediante una muestra de la diversidad cultural que existe en el mundo ahondar\u00e1 sobre el ritual funerario en el juda\u00edsmo a trav\u00e9s de la charla &#8220;La Jevr\u00e1 Kadish\u00e1&#8221; que se efectuar\u00e1 a las 19:00 horas. Asimismo, a las 18:30 horas el\u00a0<strong>Museo Nacional de San Carlos<\/strong>\u00a0festejar\u00e1 estas tradiciones con la pl\u00e1tica \u201cRepresentaciones de la muerte y el D\u00eda de Muertos en el arte mexicano\u201d, al terminar, los visitantes podr\u00e1n participar en el taller de grabado de calaveras, recorrer la ofrenda y las salas del recinto.<br aria-hidden=\"true\" \/>\u00a0<br aria-hidden=\"true\" \/>Para los asiduos a conocer los altares de D\u00eda de Muertos, el\u00a0<strong>Museo UNAM Hoy<\/strong>\u00a0inaugurar\u00e1 su ofrenda a las 18:00 horas y ofrecer\u00e1 el concierto el d\u00fao Tonalli de violonchelo y piano, as\u00ed como el\u00a0<strong>Centro Cultural del M\u00e9xico Contempor\u00e1neo<\/strong>\u00a0y el\u00a0<strong>Complejo Cultural Los Pinos<\/strong>\u00a0que tendr\u00e1 tambi\u00e9n una cata de pan de muerto para esta velada especial, mientras la\u00a0<strong>Casa del Poeta Ram\u00f3n L\u00f3pez Velarde\u00a0<\/strong>propone a las y los visitantes recorrer a oscuras la habitaci\u00f3n del poeta mexicano y el\u00a0<strong>Museo Casa del Risco\u00a0<\/strong>tendr\u00e1 una proyecci\u00f3n de cintas de terror.<br aria-hidden=\"true\" \/>\u00a0<br aria-hidden=\"true\" \/>Tambi\u00e9n suman su oferta el Museo de la Bas\u00edlica de Guadalupe, el Centro Cultural Jaime Torres Bodet, la Zona Arqueol\u00f3gica de Tlatelolco, el Museo del Pulque y las Pulquer\u00edas, el Museo del Tel\u00e9grafo, el Archivo General de la Naci\u00f3n, el Palacio de la Autonom\u00eda, el Museo Soumaya, el Foro Valpara\u00edso, el Centro de la Imagen, el Museo Fuego Nuevo\u00a0 y el Museo Nacional de Historia en Chapultepec entre muchos otros recintos.<br aria-hidden=\"true\" \/>\u00a0<br aria-hidden=\"true\" \/>Los eventos de esta Noche de Museos se llevan a cabo de 17:00 a 22:00 horas en casi 60 recintos culturales de la Ciudad de M\u00e9xico; la programaci\u00f3n completa est\u00e1 disponible la p\u00e1gina de internet (<a href=\"https:\/\/gob.us21.list-manage.com\/track\/click?u=24ab1d8cf82850533a5af327c&amp;id=b6340f0d1c&amp;e=4fe2704bc3\" target=\"_blank\" rel=\"noopener noreferrer\" data-auth=\"NotApplicable\" data-linkindex=\"0\">http:\/\/data.cultura.cdmx.gob.mx\/nochedemuseos\/<\/a>) y redes sociales (<a href=\"https:\/\/gob.us21.list-manage.com\/track\/click?u=24ab1d8cf82850533a5af327c&amp;id=fb889f59d1&amp;e=4fe2704bc3\" target=\"_blank\" rel=\"noopener noreferrer\" data-auth=\"NotApplicable\" data-linkindex=\"1\">https:\/\/www.facebook.com\/nochedemuseos\/<\/a>).\u00a0<br aria-hidden=\"true\" \/>\u00a0<br aria-hidden=\"true\" \/>Las actividades de la\u00a0<strong>Secretar\u00eda de Cultura de la Ciudad de M\u00e9xico<\/strong>\u00a0se pueden conocer en su p\u00e1gina oficial (<a href=\"https:\/\/gob.us21.list-manage.com\/track\/click?u=24ab1d8cf82850533a5af327c&amp;id=3deb074f25&amp;e=4fe2704bc3\" target=\"_blank\" rel=\"noopener noreferrer\" data-auth=\"NotApplicable\" data-linkindex=\"2\">https:\/\/cultura.cdmx.gob.mx\/<\/a>), en la Cartelera Cultural de la Ciudad de M\u00e9xico y a trav\u00e9s de sus redes sociales: Facebook, Twitter, Instagram y YouTube.<\/td>\n<\/tr>\n<\/tbody>\n<\/table>\n<\/td>\n<\/tr>\n<\/tbody>\n<\/table>\n<p>[\/fusion_text][fusion_imageframe image_id=&#8221;47569|medium&#8221; max_width=&#8221;&#8221; style_type=&#8221;&#8221; blur=&#8221;&#8221; stylecolor=&#8221;&#8221; hover_type=&#8221;none&#8221; bordersize=&#8221;&#8221; bordercolor=&#8221;&#8221; borderradius=&#8221;&#8221; align=&#8221;none&#8221; lightbox=&#8221;no&#8221; gallery_id=&#8221;&#8221; lightbox_image=&#8221;&#8221; lightbox_image_id=&#8221;&#8221; alt=&#8221;&#8221; link=&#8221;&#8221; linktarget=&#8221;_self&#8221; hide_on_mobile=&#8221;small-visibility,medium-visibility,large-visibility&#8221; class=&#8221;&#8221; id=&#8221;&#8221; animation_type=&#8221;&#8221; animation_direction=&#8221;left&#8221; animation_speed=&#8221;0.3&#8243; animation_offset=&#8221;&#8221;]https:\/\/www.bitacoracdmx.com\/wp-content\/uploads\/2022\/10\/WhatsApp-Image-2022-10-25-at-10.05.25-AM-300&#215;200.jpeg[\/fusion_imageframe][\/fusion_builder_column][\/fusion_builder_row][\/fusion_builder_container]<\/p>\n","protected":false},"excerpt":{"rendered":"<p>[fusion_builder_container hundred_percent=&#8221;no&#8221; equal_height_columns=&#8221;no&#8221; menu_anchor=&#8221;&#8221; hide_on_mobile=&#8221;small-visibility,medium-visibility,large-visibility&#8221; class=&#8221;&#8221; id=&#8221;&#8221; background_color=&#8221;&#8221; background_image=&#8221;&#8221; background_position=&#8221;center center&#8221; background_repeat=&#8221;no-repeat&#8221; fade=&#8221;no&#8221; background_parallax=&#8221;none&#8221; parallax_speed=&#8221;0.3&#8243; video_mp4=&#8221;&#8221; video_webm=&#8221;&#8221; video_ogv=&#8221;&#8221; video_url=&#8221;&#8221; video_aspect_ratio=&#8221;16:9&#8243; video_loop=&#8221;yes&#8221; video_mute=&#8221;yes&#8221; overlay_color=&#8221;&#8221; video_preview_image=&#8221;&#8221; border_size=&#8221;&#8221; border_color=&#8221;&#8221; border_style=&#8221;solid&#8221; padding_top=&#8221;&#8221; padding_bottom=&#8221;&#8221; padding_left=&#8221;&#8221; padding_right=&#8221;&#8221;][fusion_builder_row][fusion_builder_column type=&#8221;1_1&#8243; layout=&#8221;1_1&#8243; background_position=&#8221;left top&#8221; background_color=&#8221;&#8221; border_size=&#8221;&#8221; border_color=&#8221;&#8221; border_style=&#8221;solid&#8221; border_position=&#8221;all&#8221; spacing=&#8221;yes&#8221; background_image=&#8221;&#8221; background_repeat=&#8221;no-repeat&#8221; padding_top=&#8221;&#8221; padding_right=&#8221;&#8221; padding_bottom=&#8221;&#8221; padding_left=&#8221;&#8221; margin_top=&#8221;0px&#8221; margin_bottom=&#8221;0px&#8221; class=&#8221;&#8221; id=&#8221;&#8221; animation_type=&#8221;&#8221; animation_speed=&#8221;0.3&#8243; animation_direction=&#8221;left&#8221; hide_on_mobile=&#8221;small-visibility,medium-visibility,large-visibility&#8221; center_content=&#8221;no&#8221; last=&#8221;no&#8221; min_height=&#8221;&#8221; hover_type=&#8221;none&#8221; link=&#8221;&#8221;][fusion_text] REDACCI\u00d3N Recintos de Chapultepec, norte, centro y sur de la ciudad ofrecer\u00e1n una velada cultural al p\u00fablico este mi\u00e9rcoles 26 de octubre de las 17:00 a las 22:00 horas. El p\u00fablico podr\u00e1 disfrutar de inauguraciones de ofrendas para conocer m\u00e1s [&hellip;]<\/p>\n","protected":false},"author":1,"featured_media":47569,"comment_status":"open","ping_status":"open","sticky":false,"template":"","format":"standard","meta":{"footnotes":""},"categories":[9,27],"tags":[],"_links":{"self":[{"href":"https:\/\/www.bitacoracdmx.com\/index.php?rest_route=\/wp\/v2\/posts\/47568"}],"collection":[{"href":"https:\/\/www.bitacoracdmx.com\/index.php?rest_route=\/wp\/v2\/posts"}],"about":[{"href":"https:\/\/www.bitacoracdmx.com\/index.php?rest_route=\/wp\/v2\/types\/post"}],"author":[{"embeddable":true,"href":"https:\/\/www.bitacoracdmx.com\/index.php?rest_route=\/wp\/v2\/users\/1"}],"replies":[{"embeddable":true,"href":"https:\/\/www.bitacoracdmx.com\/index.php?rest_route=%2Fwp%2Fv2%2Fcomments&post=47568"}],"version-history":[{"count":1,"href":"https:\/\/www.bitacoracdmx.com\/index.php?rest_route=\/wp\/v2\/posts\/47568\/revisions"}],"predecessor-version":[{"id":47570,"href":"https:\/\/www.bitacoracdmx.com\/index.php?rest_route=\/wp\/v2\/posts\/47568\/revisions\/47570"}],"wp:featuredmedia":[{"embeddable":true,"href":"https:\/\/www.bitacoracdmx.com\/index.php?rest_route=\/wp\/v2\/media\/47569"}],"wp:attachment":[{"href":"https:\/\/www.bitacoracdmx.com\/index.php?rest_route=%2Fwp%2Fv2%2Fmedia&parent=47568"}],"wp:term":[{"taxonomy":"category","embeddable":true,"href":"https:\/\/www.bitacoracdmx.com\/index.php?rest_route=%2Fwp%2Fv2%2Fcategories&post=47568"},{"taxonomy":"post_tag","embeddable":true,"href":"https:\/\/www.bitacoracdmx.com\/index.php?rest_route=%2Fwp%2Fv2%2Ftags&post=47568"}],"curies":[{"name":"wp","href":"https:\/\/api.w.org\/{rel}","templated":true}]}}