{"id":47573,"date":"2022-10-27T01:52:15","date_gmt":"2022-10-27T01:52:15","guid":{"rendered":"https:\/\/www.bitacoracdmx.com\/?p=47573"},"modified":"2022-10-27T01:52:15","modified_gmt":"2022-10-27T01:52:15","slug":"phenix-arizona-convoca-creativos-mexicanos-para-celebrar-el-dia-de-muertos-con-altar-y-experiencia-inmersiva","status":"publish","type":"post","link":"https:\/\/www.bitacoracdmx.com\/?p=47573","title":{"rendered":"Phenix Arizona convoca creativos mexicanos para celebrar el d\u00eda de muertos con altar y experiencia inmersiva"},"content":{"rendered":"<p>[fusion_builder_container hundred_percent=&#8221;no&#8221; equal_height_columns=&#8221;no&#8221; menu_anchor=&#8221;&#8221; hide_on_mobile=&#8221;small-visibility,medium-visibility,large-visibility&#8221; class=&#8221;&#8221; id=&#8221;&#8221; background_color=&#8221;&#8221; background_image=&#8221;&#8221; background_position=&#8221;center center&#8221; background_repeat=&#8221;no-repeat&#8221; fade=&#8221;no&#8221; background_parallax=&#8221;none&#8221; parallax_speed=&#8221;0.3&#8243; video_mp4=&#8221;&#8221; video_webm=&#8221;&#8221; video_ogv=&#8221;&#8221; video_url=&#8221;&#8221; video_aspect_ratio=&#8221;16:9&#8243; video_loop=&#8221;yes&#8221; video_mute=&#8221;yes&#8221; overlay_color=&#8221;&#8221; video_preview_image=&#8221;&#8221; border_size=&#8221;&#8221; border_color=&#8221;&#8221; border_style=&#8221;solid&#8221; padding_top=&#8221;&#8221; padding_bottom=&#8221;&#8221; padding_left=&#8221;&#8221; padding_right=&#8221;&#8221;][fusion_builder_row][fusion_builder_column type=&#8221;1_1&#8243; layout=&#8221;1_1&#8243; background_position=&#8221;left top&#8221; background_color=&#8221;&#8221; border_size=&#8221;&#8221; border_color=&#8221;&#8221; border_style=&#8221;solid&#8221; border_position=&#8221;all&#8221; spacing=&#8221;yes&#8221; background_image=&#8221;&#8221; background_repeat=&#8221;no-repeat&#8221; padding_top=&#8221;&#8221; padding_right=&#8221;&#8221; padding_bottom=&#8221;&#8221; padding_left=&#8221;&#8221; margin_top=&#8221;0px&#8221; margin_bottom=&#8221;0px&#8221; class=&#8221;&#8221; id=&#8221;&#8221; animation_type=&#8221;&#8221; animation_speed=&#8221;0.3&#8243; animation_direction=&#8221;left&#8221; hide_on_mobile=&#8221;small-visibility,medium-visibility,large-visibility&#8221; center_content=&#8221;no&#8221; last=&#8221;no&#8221; min_height=&#8221;&#8221; hover_type=&#8221;none&#8221; link=&#8221;&#8221;][fusion_text]<\/p>\n<p>REDACCI\u00d3N<\/p>\n<ul>\n<li><strong><span lang=\"ES\">Este programa fue completamente financiado por el Desert Botanical Garden en Phoenix.<\/span><\/strong><\/li>\n<li><strong><span lang=\"ES\">Se invirti\u00f3 lo equivalente a 2 millones de pesos para su realizaci\u00f3n<\/span><\/strong><\/li>\n<li><strong><span lang=\"ES\">Se espera que asistan alrededor de 60 mil personas hasta el 6 de noviembre<\/span><\/strong><\/li>\n<\/ul>\n<p><span lang=\"ES\">A iniciativa del jard\u00edn ecol\u00f3gico de Phoenix Arizona, fueron invitados m\u00e1s de 100 mexicanos y estadounidenses\u00a0a recrear la celebraci\u00f3n del D\u00eda de Muertos en sus instalaciones, reconocidas a nivel mundial, por la protecci\u00f3n y exhibici\u00f3n de plantas des\u00e9rticas.<\/span><br aria-hidden=\"true\" \/><br aria-hidden=\"true\" \/><span lang=\"ES\">Para este proyecto los estadounidenses invirtieron 100,000 d\u00f3lares, equivalente a 2 millones de pesos, con el objetivo de dar a conocer las tradiciones mexicanas y disfrutar de nuestra riqueza cultural en torno a esta celebraci\u00f3n.<\/span><br aria-hidden=\"true\" \/><br aria-hidden=\"true\" \/><span lang=\"ES\">Los participantes son artistas, artesanos y chefs liderados por la gestora cultural Ulrike Figueroa, quien cre\u00f3 y cur\u00f3 cuidadosamente cada actividad.<\/span><br aria-hidden=\"true\" \/><br aria-hidden=\"true\" \/><span lang=\"ES\">En el programa se incluye el montaje de un altar de muertos interactivo, donde los visitantes podr\u00e1n imprimir las fotograf\u00edas de sus seres queridos para dejarlas en \u00e9l, de acuerdo con la tradici\u00f3n mexicana. Tambi\u00e9n habr\u00e1 una experiencia sensorial denominada Sabores de D\u00eda de Muertos (o Tastes of D\u00eda de Muertos) que bajo el lema \u201cFlores fuimos y en flores nos convertiremos\u201d fue dise\u00f1ada por la artista Victoria Molina y el Chef Ricardo Aguirre.<\/span><\/p>\n<p><span lang=\"ES\">Esta instalaci\u00f3n est\u00e1 inspirada en la experiencia de entrar a un pante\u00f3n en las noches de D\u00eda de Muertos. La artista Victoria Molina, dise\u00f1\u00f3 una experiencia gastron\u00f3mica participativa que tendr\u00e1 como eje conductor las flores. Elementos que conectan con los alimentos que comemos. La experiencia cuenta con alimentos tradicionales llevados a un contexto contempor\u00e1neo, flores comestibles y la emoci\u00f3n de visitar el pante\u00f3n y esperar a los difuntos una noche de D\u00eda de Muertos, como se hace en M\u00e9xico.<\/span><br aria-hidden=\"true\" \/><br aria-hidden=\"true\" \/><span lang=\"ES\">Los comensales podr\u00e1n probar\u00a0<i>\u201cColiflorpasuchil\u201d,\u00a0<\/i>generada a partir de inteligencia artificial esta entrada nos recordar\u00e1 a las flores de cempas\u00fachil y decorar\u00e1 la mesa con su color naranja. Una sopa de cebolla en pan de muerto, tamales, y dulces t\u00edpicos mexicanos.<\/span><br aria-hidden=\"true\" \/><br aria-hidden=\"true\" \/><span lang=\"ES\">Finalmente, entre otras actividades de car\u00e1cter educativo y cultural, se presentar\u00e1 un programa musical a cargo de Pablo Osorio, el 28 de octubre, en el que dar\u00e1 muestra de un repertorio de m\u00fasica tradicional mexicana titulado \u201cCancionero Mexicano\u201d que incluir\u00e1 La Llorona y La Martinana.<\/span><br aria-hidden=\"true\" \/><br aria-hidden=\"true\" \/><span lang=\"ES\">Este programa fue completamente apoyado y financiado por el Desert Botanical Garden en Phoenix. El Consulado de M\u00e9xico en Phoenix fue instrumental en que se llevara a cabo la conexi\u00f3n entre M\u00e9xico y Estados Unidos. Se espera que asistan alrededor de 60 mil personas.<\/span><br aria-hidden=\"true\" \/><br aria-hidden=\"true\" \/><span lang=\"ES\">El objetivo, es realizar un intercambio cultural de la tradici\u00f3n de D\u00eda de Muertos, presentando de forma aut\u00e9ntica, educativa e innovadora esta tradici\u00f3n mexicana a trav\u00e9s de la obra de artistas y artesanos oaxaque\u00f1os y mexiquense.<\/span><br aria-hidden=\"true\" \/><br aria-hidden=\"true\" \/><span lang=\"ES\">El programa completo puedes encontrarlo en\u00a0<a href=\"http:\/\/mailing-pro.softmagazine.mx\/index.php\/campaigns\/tc424m2ddv94b\/track-url\/tc454xak1z1b2\/f377c1b21634eb41be0773f5840da2b435ce460a\" target=\"_blank\" rel=\"noopener noreferrer\" data-auth=\"NotApplicable\" data-linkindex=\"0\">dbg.org<\/a><\/span><\/p>\n<p>[\/fusion_text][fusion_imageframe image_id=&#8221;47575|medium&#8221; max_width=&#8221;&#8221; style_type=&#8221;&#8221; blur=&#8221;&#8221; stylecolor=&#8221;&#8221; hover_type=&#8221;none&#8221; bordersize=&#8221;&#8221; bordercolor=&#8221;&#8221; borderradius=&#8221;&#8221; align=&#8221;none&#8221; lightbox=&#8221;no&#8221; gallery_id=&#8221;&#8221; lightbox_image=&#8221;&#8221; lightbox_image_id=&#8221;&#8221; alt=&#8221;&#8221; link=&#8221;&#8221; linktarget=&#8221;_self&#8221; hide_on_mobile=&#8221;small-visibility,medium-visibility,large-visibility&#8221; class=&#8221;&#8221; id=&#8221;&#8221; animation_type=&#8221;&#8221; animation_direction=&#8221;left&#8221; animation_speed=&#8221;0.3&#8243; animation_offset=&#8221;&#8221;]https:\/\/www.bitacoracdmx.com\/wp-content\/uploads\/2022\/10\/dm1-300&#215;225.jpeg[\/fusion_imageframe][\/fusion_builder_column][\/fusion_builder_row][\/fusion_builder_container]<\/p>\n","protected":false},"excerpt":{"rendered":"<p>[fusion_builder_container hundred_percent=&#8221;no&#8221; equal_height_columns=&#8221;no&#8221; menu_anchor=&#8221;&#8221; hide_on_mobile=&#8221;small-visibility,medium-visibility,large-visibility&#8221; class=&#8221;&#8221; id=&#8221;&#8221; background_color=&#8221;&#8221; background_image=&#8221;&#8221; background_position=&#8221;center center&#8221; background_repeat=&#8221;no-repeat&#8221; fade=&#8221;no&#8221; background_parallax=&#8221;none&#8221; parallax_speed=&#8221;0.3&#8243; video_mp4=&#8221;&#8221; video_webm=&#8221;&#8221; video_ogv=&#8221;&#8221; video_url=&#8221;&#8221; video_aspect_ratio=&#8221;16:9&#8243; video_loop=&#8221;yes&#8221; video_mute=&#8221;yes&#8221; overlay_color=&#8221;&#8221; video_preview_image=&#8221;&#8221; border_size=&#8221;&#8221; border_color=&#8221;&#8221; border_style=&#8221;solid&#8221; padding_top=&#8221;&#8221; padding_bottom=&#8221;&#8221; padding_left=&#8221;&#8221; padding_right=&#8221;&#8221;][fusion_builder_row][fusion_builder_column type=&#8221;1_1&#8243; layout=&#8221;1_1&#8243; background_position=&#8221;left top&#8221; background_color=&#8221;&#8221; border_size=&#8221;&#8221; border_color=&#8221;&#8221; border_style=&#8221;solid&#8221; border_position=&#8221;all&#8221; spacing=&#8221;yes&#8221; background_image=&#8221;&#8221; background_repeat=&#8221;no-repeat&#8221; padding_top=&#8221;&#8221; padding_right=&#8221;&#8221; padding_bottom=&#8221;&#8221; padding_left=&#8221;&#8221; margin_top=&#8221;0px&#8221; margin_bottom=&#8221;0px&#8221; class=&#8221;&#8221; id=&#8221;&#8221; animation_type=&#8221;&#8221; animation_speed=&#8221;0.3&#8243; animation_direction=&#8221;left&#8221; hide_on_mobile=&#8221;small-visibility,medium-visibility,large-visibility&#8221; center_content=&#8221;no&#8221; last=&#8221;no&#8221; min_height=&#8221;&#8221; hover_type=&#8221;none&#8221; link=&#8221;&#8221;][fusion_text] REDACCI\u00d3N Este programa fue completamente financiado por el Desert Botanical Garden en Phoenix. Se invirti\u00f3 lo equivalente a 2 millones de pesos para su realizaci\u00f3n Se espera que asistan alrededor de 60 mil personas hasta el 6 de noviembre A [&hellip;]<\/p>\n","protected":false},"author":1,"featured_media":47575,"comment_status":"open","ping_status":"open","sticky":false,"template":"","format":"standard","meta":{"footnotes":""},"categories":[5,8,9],"tags":[],"_links":{"self":[{"href":"https:\/\/www.bitacoracdmx.com\/index.php?rest_route=\/wp\/v2\/posts\/47573"}],"collection":[{"href":"https:\/\/www.bitacoracdmx.com\/index.php?rest_route=\/wp\/v2\/posts"}],"about":[{"href":"https:\/\/www.bitacoracdmx.com\/index.php?rest_route=\/wp\/v2\/types\/post"}],"author":[{"embeddable":true,"href":"https:\/\/www.bitacoracdmx.com\/index.php?rest_route=\/wp\/v2\/users\/1"}],"replies":[{"embeddable":true,"href":"https:\/\/www.bitacoracdmx.com\/index.php?rest_route=%2Fwp%2Fv2%2Fcomments&post=47573"}],"version-history":[{"count":1,"href":"https:\/\/www.bitacoracdmx.com\/index.php?rest_route=\/wp\/v2\/posts\/47573\/revisions"}],"predecessor-version":[{"id":47576,"href":"https:\/\/www.bitacoracdmx.com\/index.php?rest_route=\/wp\/v2\/posts\/47573\/revisions\/47576"}],"wp:featuredmedia":[{"embeddable":true,"href":"https:\/\/www.bitacoracdmx.com\/index.php?rest_route=\/wp\/v2\/media\/47575"}],"wp:attachment":[{"href":"https:\/\/www.bitacoracdmx.com\/index.php?rest_route=%2Fwp%2Fv2%2Fmedia&parent=47573"}],"wp:term":[{"taxonomy":"category","embeddable":true,"href":"https:\/\/www.bitacoracdmx.com\/index.php?rest_route=%2Fwp%2Fv2%2Fcategories&post=47573"},{"taxonomy":"post_tag","embeddable":true,"href":"https:\/\/www.bitacoracdmx.com\/index.php?rest_route=%2Fwp%2Fv2%2Ftags&post=47573"}],"curies":[{"name":"wp","href":"https:\/\/api.w.org\/{rel}","templated":true}]}}