{"id":47577,"date":"2022-10-27T02:03:22","date_gmt":"2022-10-27T02:03:22","guid":{"rendered":"https:\/\/www.bitacoracdmx.com\/?p=47577"},"modified":"2022-10-27T02:03:22","modified_gmt":"2022-10-27T02:03:22","slug":"ismael-serrano-gira-seremos-2021-2023-el-cantautor-presenta-un-espectaculo-absolutamente-distinto-cuando-se-cumplen-25-anos-de-su-carrera","status":"publish","type":"post","link":"https:\/\/www.bitacoracdmx.com\/?p=47577","title":{"rendered":"ISMAEL SERRANO. GIRA SEREMOS 2021-2023 El cantautor presenta un espect\u00e1culo absolutamente distinto cuando se cumplen 25 a\u00f1os de su carrera"},"content":{"rendered":"<p>[fusion_builder_container hundred_percent=&#8221;no&#8221; equal_height_columns=&#8221;no&#8221; menu_anchor=&#8221;&#8221; hide_on_mobile=&#8221;small-visibility,medium-visibility,large-visibility&#8221; class=&#8221;&#8221; id=&#8221;&#8221; background_color=&#8221;&#8221; background_image=&#8221;&#8221; background_position=&#8221;center center&#8221; background_repeat=&#8221;no-repeat&#8221; fade=&#8221;no&#8221; background_parallax=&#8221;none&#8221; parallax_speed=&#8221;0.3&#8243; video_mp4=&#8221;&#8221; video_webm=&#8221;&#8221; video_ogv=&#8221;&#8221; video_url=&#8221;&#8221; video_aspect_ratio=&#8221;16:9&#8243; video_loop=&#8221;yes&#8221; video_mute=&#8221;yes&#8221; overlay_color=&#8221;&#8221; video_preview_image=&#8221;&#8221; border_size=&#8221;&#8221; border_color=&#8221;&#8221; border_style=&#8221;solid&#8221; padding_top=&#8221;&#8221; padding_bottom=&#8221;&#8221; padding_left=&#8221;&#8221; padding_right=&#8221;&#8221;][fusion_builder_row][fusion_builder_column type=&#8221;1_1&#8243; layout=&#8221;1_1&#8243; background_position=&#8221;left top&#8221; background_color=&#8221;&#8221; border_size=&#8221;&#8221; border_color=&#8221;&#8221; border_style=&#8221;solid&#8221; border_position=&#8221;all&#8221; spacing=&#8221;yes&#8221; background_image=&#8221;&#8221; background_repeat=&#8221;no-repeat&#8221; padding_top=&#8221;&#8221; padding_right=&#8221;&#8221; padding_bottom=&#8221;&#8221; padding_left=&#8221;&#8221; margin_top=&#8221;0px&#8221; margin_bottom=&#8221;0px&#8221; class=&#8221;&#8221; id=&#8221;&#8221; animation_type=&#8221;&#8221; animation_speed=&#8221;0.3&#8243; animation_direction=&#8221;left&#8221; hide_on_mobile=&#8221;small-visibility,medium-visibility,large-visibility&#8221; center_content=&#8221;no&#8221; last=&#8221;no&#8221; min_height=&#8221;&#8221; hover_type=&#8221;none&#8221; link=&#8221;&#8221;][fusion_text]<\/p>\n<p>REDACCI\u00d3N<\/p>\n<p><strong>Lo \u00faltimo del artista es, a la vez, concierto y representaci\u00f3n teatral.<\/strong><\/p>\n<p>La gira\u00a0<em>Seremos\u00a0<\/em>de Ismael Serrano se construye en torno a\u00a0<strong>una propuesta que va m\u00e1s all\u00e1 del concierto convencional y llega al Teatro de la Ciudad Esperanza Iris el viernes 4 de noviembre a las 20:30 hrs.<\/strong>.<\/p>\n<p>Se trata de un espect\u00e1culo que\u00a0<strong>contiene teatro y, por supuesto, canciones<\/strong>. Las canciones de Ismael Serrano en su versi\u00f3n m\u00e1s emocionante y cercana al p\u00fablico.<\/p>\n<p><strong>Sobre el escenario Ismael Serrano acude a un programa de televisi\u00f3n para ser entrevistado.\u00a0<\/strong>La periodista (cuya voz es la de la actriz Elena Ballesteros) y el cantautor tienen un pasado en com\u00fan. As\u00ed que su di\u00e1logo, con el micro abierto o fuera de antena, aborda temas sensibles: el paso del tiempo, el \u00e9xito y el fracaso\u2026 y el amor.<\/p>\n<p><strong>Ismael Serrano hace en escena un anuncio inesperado\u00a0<\/strong>que causa conmoci\u00f3n a lo que se suma un incidente que alargar\u00e1 m\u00e1s de la cuenta la entrevista planteada.<\/p>\n<p>Canciones del \u00faltimo trabajo del artista (<a href=\"https:\/\/click.convertkit-mail2.com\/n4u25ev3nzsvh8g4e90h6\/25h2hoh7km2d5va3\/aHR0cHM6Ly95b3V0dS5iZS81eXNXdWtOV1Bvcw==\" target=\"_blank\" rel=\"noopener noreferrer\" data-auth=\"NotApplicable\" data-linkindex=\"0\"><em>Porque fuimos<\/em><\/a>,\u00a0<a href=\"https:\/\/click.convertkit-mail2.com\/n4u25ev3nzsvh8g4e90h6\/qvh8h7h89krnx4il\/aHR0cHM6Ly95b3V0dS5iZS84NEJzazFLNlJ2Yw==\" target=\"_blank\" rel=\"noopener noreferrer\" data-auth=\"NotApplicable\" data-linkindex=\"1\"><em>C\u00e1llate y baila<\/em><\/a>,\u00a0<em>No soy<\/em>\u2026) se combinan con cl\u00e1sicos de su repertorio (<em>V\u00e9rtigo<\/em>,\u00a0<em>Sucede que a veces<\/em>,\u00a0<em>Peque\u00f1a criatura<\/em>\u2026) y un\u00a0<em>Pap\u00e1, cu\u00e9ntame otra vez\u00a0<\/em>como nunca antes se hab\u00eda escuchado.<\/p>\n<h2>Serrano habla de los sue\u00f1os incumplidos y de lo dif\u00edcil que resulta, a veces, afrontar el futuro. Pero tambi\u00e9n de c\u00f3mo es ineludible pelear por la felicidad.\u00a0<strong>Hay humor, poes\u00eda y much\u00edsima emoci\u00f3n.<\/strong><\/h2>\n<p>Tiene el brillo de ne\u00f3n de los late show de la televisi\u00f3n (atenci\u00f3n a la escenograf\u00eda) y un clima que puede recordarnos a los musicales heterodoxos del irland\u00e9s John Carney (<em>Once<\/em>,\u00a0<em>Begin Again<\/em>\u2026).<\/p>\n<h2><em>Seremos\u00a0<\/em>es un espect\u00e1culo apto tanto para fans de Ismael Serrano como para quienes quieran descubrir los secretos de este cantautor fundamental.<\/h2>\n<p>\u201cUn concierto intenso. [\u2026] Otro acierto del recital fue el hilo narrativo: [\u2026] fluye con soltura y r\u00e9plicas afiladas del libreto radiof\u00f3nico, que ayudan a refrescar los sentidos entre canci\u00f3n y canci\u00f3n. El formato piano, violonchelo y guitarra no resta pegada a las canciones\u201d<\/p>\n<p>\u201cTodo eso lo refleja un concierto de Ismael Serrano en 2021, que hace tiempo es un cantautor cl\u00e1sico, seguramente\u00a0<strong>el m\u00e1s s\u00f3lido de su generaci\u00f3n\u00a0<\/strong>y el m\u00e1s querido por el p\u00fablico.\u201d<\/p>\n<p>VOZPOPULI<\/p>\n<p>\u201cHubo algo de suspense. Aplausos como respuesta. Y un idilio que no se rompi\u00f3 en toda la velada.\u00a0<strong>Ismael Serrano\u00a0<\/strong>emocion\u00f3 al p\u00fablico de Gij\u00f3n con un concierto en el que derroch\u00f3 complicidad, con sus \u00e9xitos de siempre y los de su nuevo \u00e1lbum\u00a0<em>Seremos<\/em>.\u201d<\/p>\n<p>LA NUEVA ESPA\u00d1A<\/p>\n<p>\u201cUna sorpresa: Ismael Serrano explicando la declaraci\u00f3n de principios de la canci\u00f3n en una divertida entrevista con una voz en off en directo. Una original forma de teatralizar sus avezados parlamentos entre temas.<\/p>\n<p>Serrano puro y con humor. Qu\u00e9 m\u00e1s se puede pedir.\u201d EL COMERCIO<\/p>\n<p>\u201cIsmael Serrano no da conciertos, ofrece espect\u00e1culos.\u201d<\/p>\n<p>\u201cY es que es dif\u00edcil\u00a0<strong>resistirse a la sensibilidad y el talento de las composiciones de uno de los artistas m\u00e1s prestigiosos de nuestro pa\u00eds<\/strong>. Y con su bagaje, hizo viajar en el tiempo a todos los presentes.\u201d<\/p>\n<p>CANAL EXTREMADURA<\/p>\n<p>\u201cEn este tour nos trae un show creativo, producido, divertido, ameno, tanto que logra romper con el ruido de lo est\u00e1tico, de lo predecible, o de lo que esperamos ver cuando entramos al teatro. Es un buen concierto, de esos que al describirlo (como ahora) se resume con la frase: vayan y vean.\u201d<\/p>\n<p>MENDOVOZ<\/p>\n<p>\u201cSimpleza, nostalgia, humor y talento, la combinaci\u00f3n perfecta de Ismael Serrano.\u201d ESPECT\u00c1CULOS MENDOZA<\/p>\n<p>\u201cSi alguna vez existi\u00f3 la sensaci\u00f3n de que el formato de los recitales estaba agotado,\u00a0<strong>Ismael Serrano\u00a0<\/strong>demostr\u00f3 en\u00a0<strong>la noche del viernes<\/strong>, en un\u00a0<strong>Teatro \u00d3pera\u00a0<\/strong>colmado, que todav\u00eda la creatividad tiene tela para cortar al respecto.\u201d<\/p>\n<p>PAGINA 12<\/p>\n<p><a href=\"https:\/\/click.convertkit-mail2.com\/n4u25ev3nzsvh8g4e90h6\/25h2hoh7km2d5va3\/aHR0cHM6Ly95b3V0dS5iZS81eXNXdWtOV1Bvcw==\" target=\"_blank\" rel=\"noopener noreferrer\" data-auth=\"NotApplicable\" data-linkindex=\"2\">\u2018Porque fuimos\u2019: <\/a>primer single de \u2018Seremos\u2019<\/p>\n<p>La presentaci\u00f3n de Ismael Serrano tendr\u00e1 lugar el viernes 4 de noviembre a las 20:30 horas, en el Teatro de la Ciudad Esperanza Iris, ubicado en Donceles 36 Col. Centro, los boletos tienen un costo de Luneta $850, Primer Piso Central $750, Primer Piso Lateral $650, Anfiteatro $550, Galer\u00eda $450<\/p>\n<p>[\/fusion_text][fusion_imageframe image_id=&#8221;47578|medium&#8221; max_width=&#8221;&#8221; style_type=&#8221;&#8221; blur=&#8221;&#8221; stylecolor=&#8221;&#8221; hover_type=&#8221;none&#8221; bordersize=&#8221;&#8221; bordercolor=&#8221;&#8221; borderradius=&#8221;&#8221; align=&#8221;none&#8221; lightbox=&#8221;no&#8221; gallery_id=&#8221;&#8221; lightbox_image=&#8221;&#8221; lightbox_image_id=&#8221;&#8221; alt=&#8221;&#8221; link=&#8221;&#8221; linktarget=&#8221;_self&#8221; hide_on_mobile=&#8221;small-visibility,medium-visibility,large-visibility&#8221; class=&#8221;&#8221; id=&#8221;&#8221; animation_type=&#8221;&#8221; animation_direction=&#8221;left&#8221; animation_speed=&#8221;0.3&#8243; animation_offset=&#8221;&#8221;]https:\/\/www.bitacoracdmx.com\/wp-content\/uploads\/2022\/10\/313289109_637916287727607_584805603764814548_n-200&#215;300.jpg[\/fusion_imageframe][\/fusion_builder_column][\/fusion_builder_row][\/fusion_builder_container]<\/p>\n","protected":false},"excerpt":{"rendered":"<p>[fusion_builder_container hundred_percent=&#8221;no&#8221; equal_height_columns=&#8221;no&#8221; menu_anchor=&#8221;&#8221; hide_on_mobile=&#8221;small-visibility,medium-visibility,large-visibility&#8221; class=&#8221;&#8221; id=&#8221;&#8221; background_color=&#8221;&#8221; background_image=&#8221;&#8221; background_position=&#8221;center center&#8221; background_repeat=&#8221;no-repeat&#8221; fade=&#8221;no&#8221; background_parallax=&#8221;none&#8221; parallax_speed=&#8221;0.3&#8243; video_mp4=&#8221;&#8221; video_webm=&#8221;&#8221; video_ogv=&#8221;&#8221; video_url=&#8221;&#8221; video_aspect_ratio=&#8221;16:9&#8243; video_loop=&#8221;yes&#8221; video_mute=&#8221;yes&#8221; overlay_color=&#8221;&#8221; video_preview_image=&#8221;&#8221; border_size=&#8221;&#8221; border_color=&#8221;&#8221; border_style=&#8221;solid&#8221; padding_top=&#8221;&#8221; padding_bottom=&#8221;&#8221; padding_left=&#8221;&#8221; padding_right=&#8221;&#8221;][fusion_builder_row][fusion_builder_column type=&#8221;1_1&#8243; layout=&#8221;1_1&#8243; background_position=&#8221;left top&#8221; background_color=&#8221;&#8221; border_size=&#8221;&#8221; border_color=&#8221;&#8221; border_style=&#8221;solid&#8221; border_position=&#8221;all&#8221; spacing=&#8221;yes&#8221; background_image=&#8221;&#8221; background_repeat=&#8221;no-repeat&#8221; padding_top=&#8221;&#8221; padding_right=&#8221;&#8221; padding_bottom=&#8221;&#8221; padding_left=&#8221;&#8221; margin_top=&#8221;0px&#8221; margin_bottom=&#8221;0px&#8221; class=&#8221;&#8221; id=&#8221;&#8221; animation_type=&#8221;&#8221; animation_speed=&#8221;0.3&#8243; animation_direction=&#8221;left&#8221; hide_on_mobile=&#8221;small-visibility,medium-visibility,large-visibility&#8221; center_content=&#8221;no&#8221; last=&#8221;no&#8221; min_height=&#8221;&#8221; hover_type=&#8221;none&#8221; link=&#8221;&#8221;][fusion_text] REDACCI\u00d3N Lo \u00faltimo del artista es, a la vez, concierto y representaci\u00f3n teatral. La gira\u00a0Seremos\u00a0de Ismael Serrano se construye en torno a\u00a0una propuesta que va m\u00e1s all\u00e1 del concierto convencional y llega al Teatro de la Ciudad Esperanza Iris el [&hellip;]<\/p>\n","protected":false},"author":1,"featured_media":47578,"comment_status":"open","ping_status":"open","sticky":false,"template":"","format":"standard","meta":{"footnotes":""},"categories":[9,11],"tags":[],"_links":{"self":[{"href":"https:\/\/www.bitacoracdmx.com\/index.php?rest_route=\/wp\/v2\/posts\/47577"}],"collection":[{"href":"https:\/\/www.bitacoracdmx.com\/index.php?rest_route=\/wp\/v2\/posts"}],"about":[{"href":"https:\/\/www.bitacoracdmx.com\/index.php?rest_route=\/wp\/v2\/types\/post"}],"author":[{"embeddable":true,"href":"https:\/\/www.bitacoracdmx.com\/index.php?rest_route=\/wp\/v2\/users\/1"}],"replies":[{"embeddable":true,"href":"https:\/\/www.bitacoracdmx.com\/index.php?rest_route=%2Fwp%2Fv2%2Fcomments&post=47577"}],"version-history":[{"count":1,"href":"https:\/\/www.bitacoracdmx.com\/index.php?rest_route=\/wp\/v2\/posts\/47577\/revisions"}],"predecessor-version":[{"id":47579,"href":"https:\/\/www.bitacoracdmx.com\/index.php?rest_route=\/wp\/v2\/posts\/47577\/revisions\/47579"}],"wp:featuredmedia":[{"embeddable":true,"href":"https:\/\/www.bitacoracdmx.com\/index.php?rest_route=\/wp\/v2\/media\/47578"}],"wp:attachment":[{"href":"https:\/\/www.bitacoracdmx.com\/index.php?rest_route=%2Fwp%2Fv2%2Fmedia&parent=47577"}],"wp:term":[{"taxonomy":"category","embeddable":true,"href":"https:\/\/www.bitacoracdmx.com\/index.php?rest_route=%2Fwp%2Fv2%2Fcategories&post=47577"},{"taxonomy":"post_tag","embeddable":true,"href":"https:\/\/www.bitacoracdmx.com\/index.php?rest_route=%2Fwp%2Fv2%2Ftags&post=47577"}],"curies":[{"name":"wp","href":"https:\/\/api.w.org\/{rel}","templated":true}]}}