{"id":47932,"date":"2022-11-12T04:35:00","date_gmt":"2022-11-12T04:35:00","guid":{"rendered":"https:\/\/www.bitacoracdmx.com\/?p=47932"},"modified":"2022-11-12T04:35:00","modified_gmt":"2022-11-12T04:35:00","slug":"comparece-titular-de-la-secretaria-de-cultura-del-gobierno-de-la-ciudad-de-mexico-con-motivo-del-cuarto-informe-de-gobierno","status":"publish","type":"post","link":"https:\/\/www.bitacoracdmx.com\/?p=47932","title":{"rendered":"Comparece titular de la SECRETAR\u00cdA DE CULTURA DEL GOBIERNO DE LA CIUDAD DE M\u00c9XICO con motivo del CUARTO INFORME DE GOBIERNO"},"content":{"rendered":"<p>[fusion_builder_container hundred_percent=&#8221;no&#8221; equal_height_columns=&#8221;no&#8221; menu_anchor=&#8221;&#8221; hide_on_mobile=&#8221;small-visibility,medium-visibility,large-visibility&#8221; class=&#8221;&#8221; id=&#8221;&#8221; background_color=&#8221;&#8221; background_image=&#8221;&#8221; background_position=&#8221;center center&#8221; background_repeat=&#8221;no-repeat&#8221; fade=&#8221;no&#8221; background_parallax=&#8221;none&#8221; parallax_speed=&#8221;0.3&#8243; video_mp4=&#8221;&#8221; video_webm=&#8221;&#8221; video_ogv=&#8221;&#8221; video_url=&#8221;&#8221; video_aspect_ratio=&#8221;16:9&#8243; video_loop=&#8221;yes&#8221; video_mute=&#8221;yes&#8221; overlay_color=&#8221;&#8221; video_preview_image=&#8221;&#8221; border_size=&#8221;&#8221; border_color=&#8221;&#8221; border_style=&#8221;solid&#8221; padding_top=&#8221;&#8221; padding_bottom=&#8221;&#8221; padding_left=&#8221;&#8221; padding_right=&#8221;&#8221;][fusion_builder_row][fusion_builder_column type=&#8221;1_1&#8243; layout=&#8221;1_1&#8243; background_position=&#8221;left top&#8221; background_color=&#8221;&#8221; border_size=&#8221;&#8221; border_color=&#8221;&#8221; border_style=&#8221;solid&#8221; border_position=&#8221;all&#8221; spacing=&#8221;yes&#8221; background_image=&#8221;&#8221; background_repeat=&#8221;no-repeat&#8221; padding_top=&#8221;&#8221; padding_right=&#8221;&#8221; padding_bottom=&#8221;&#8221; padding_left=&#8221;&#8221; margin_top=&#8221;0px&#8221; margin_bottom=&#8221;0px&#8221; class=&#8221;&#8221; id=&#8221;&#8221; animation_type=&#8221;&#8221; animation_speed=&#8221;0.3&#8243; animation_direction=&#8221;left&#8221; hide_on_mobile=&#8221;small-visibility,medium-visibility,large-visibility&#8221; center_content=&#8221;no&#8221; last=&#8221;no&#8221; min_height=&#8221;&#8221; hover_type=&#8221;none&#8221; link=&#8221;&#8221;][fusion_text]<\/p>\n<p>REDACCI\u00d3N<\/p>\n<p>Este mi\u00e9rcoles 9 de noviembre,\u00a0<strong>la secretaria de Cultura de la Ciudad de M\u00e9xico, Claudia Curiel de Icaza<\/strong>, compareci\u00f3 ante la Comisi\u00f3n de Cultura del Congreso capitalino con motivo del Cuarto Informe de la Jefa de Gobierno, Claudia Sheinbaum Pardo, presentado el 7 de octubre.<br aria-hidden=\"true\" \/>\u00a0<br aria-hidden=\"true\" \/>Curiel de Icaza dio cuenta que para la actual administraci\u00f3n ha sido una prioridad garantizar tanto el cumplimiento de los derechos culturales de las y los habitantes y visitantes de la Ciudad de M\u00e9xico, como retomar el ritmo de las actividades culturales de manera sostenida.<br aria-hidden=\"true\" \/>\u00a0<br aria-hidden=\"true\" \/>\u201cAprovecho la ocasi\u00f3n para agradecer a todas y todos ustedes por el apoyo que, desde mi llegada a la Secretar\u00eda de Cultura de la Ciudad de M\u00e9xico hace menos de un a\u00f1o, han ofrecido de manera irrestricta, sincera y comprometida tanto con el sector cultural como con las pol\u00edticas culturales de la Ciudad y, por supuesto, con la gesti\u00f3n que encabezo\u201d, puntualiz\u00f3.<br aria-hidden=\"true\" \/>\u00a0<br aria-hidden=\"true\" \/>Como lo marca el Programa de Gobierno de la Ciudad de M\u00e9xico en el cap\u00edtulo \u201cCiudad de M\u00e9xico, Capital Cultural de Am\u00e9rica\u201d, Curiel de Icaza detall\u00f3 que la pol\u00edtica cultural de la Ciudad de M\u00e9xico se ha desarrollado a partir de seis grandes ejes, basados en los derechos culturales denominados:\u00a0<strong>Cultura Comunitaria, Conservaci\u00f3n, promoci\u00f3n y difusi\u00f3n de la memoria y el patrimonio cultural; Grandes Festivales, Fiestas y Ferias; Educaci\u00f3n y Formaci\u00f3n Art\u00edstica y Cultural, formal y no formal; Promoci\u00f3n y Difusi\u00f3n de los Derechos Culturales, y Vinculaci\u00f3n Interinstitucional y Cooperaci\u00f3n Cultural<\/strong>.<br aria-hidden=\"true\" \/>\u00a0<br aria-hidden=\"true\" \/>Respecto al primer eje, Cultura Comunitaria, la funcionaria destac\u00f3 que la pol\u00edtica cultural del Gobierno de la Ciudad de M\u00e9xico ha priorizado el desarrollo pleno de las personas desde la convicci\u00f3n de que son parte de una o varias comunidades, toda vez que pertenecen a colectividades y forman parte de un amplio mosaico de diversidad y riqueza cultural.<br aria-hidden=\"true\" \/>\u00a0<br aria-hidden=\"true\" \/>\u201cAl contrario de la visi\u00f3n que individualiza, separa, divide e incluso niega, apelamos a la esencia comunitaria que caracteriza a esta gran urbe: sus barrios, colonias y pueblos originarios\u201d, dijo.<br aria-hidden=\"true\" \/>\u00a0<br aria-hidden=\"true\" \/>Asimismo, destac\u00f3 que a lo largo de la presente administraci\u00f3n se han puesto en funcionamiento 281\u00a0<strong>Puntos de Innovaci\u00f3n, Libertad, Arte, Educaci\u00f3n y Saberes (PILARES) en las 16 alcald\u00edas de la Ciudad de M\u00e9xico<\/strong>, gracias a un despliegue de recursos y sinergias que se ha convertido en un referente tanto para la pol\u00edtica cultural y educativa de la ciudad como para las colonias, pueblos y barrios que la conforman.<br aria-hidden=\"true\" \/>\u00a0<br aria-hidden=\"true\" \/>\u201cEn lo que va del presente a\u00f1o, hemos logrado que 16 de estos PILARES cuenten ya con una orientaci\u00f3n cultural espec\u00edfica para el desarrollo de 9 disciplinas de iniciaci\u00f3n art\u00edstica. Esto no s\u00f3lo demuestra el enorme potencial que tiene el programa PILARES sino la importancia de que forme parte de un programa de extensi\u00f3n y socializaci\u00f3n de procesos de formaci\u00f3n art\u00edstica y cultural en los a\u00f1os por venir\u201d, asegur\u00f3 la funcionaria.<br aria-hidden=\"true\" \/>\u00a0<br aria-hidden=\"true\" \/>De igual forma, enfatiz\u00f3 que por primera vez en d\u00e9cadas se consolidaron tres programas sociales que ahora forman parte de la Secretar\u00eda de Cultura: Colectivos Culturales, Talleres de Artes y Oficios Comunitarios y Promotores Culturales Comunitarios.<br aria-hidden=\"true\" \/>\u00a0<br aria-hidden=\"true\" \/>\u201cPor medio de estos programas, durante la presente administraci\u00f3n, se ha desarrollado el trabajo colaborativo con mil 200 colectivos culturales y casi 11 mil promotores, gestores y facilitadores. Estos n\u00fameros se traducen en 17 mil talleres; casi 3 mil eventos y m\u00e1s de 100 mil actividades e intervenciones art\u00edsticas y culturales en las 16 alcald\u00edas. Todas estas acciones han beneficiado a un mill\u00f3n de personas tan s\u00f3lo en el \u00faltimo a\u00f1o, lo que confirma y refuerza nuestra vocaci\u00f3n social y la fuerza de los programas\u201d, se\u00f1al\u00f3.<br aria-hidden=\"true\" \/>\u00a0<br aria-hidden=\"true\" \/>Paralelo a esto, consider\u00f3 que un elemento fundamental en la pol\u00edtica cultural comunitaria son las ocho F\u00e1bricas de Artes y Oficios (FAROS) ubicadas en diferentes puntos de la capital, las cuales, dijo, se han fortalecido con la reciente apertura de la FARO Cosmos y el impulso para el desarrollo de m\u00e1s de 18 mil actividades culturales al a\u00f1o, como proyecciones de cine, exposiciones, conciertos, conversatorios, libro clubes, entre otras.<br aria-hidden=\"true\" \/>\u00a0<br aria-hidden=\"true\" \/>Entre los eventos principales que ha realizado durante su gesti\u00f3n, Curiel de Icaza mencion\u00f3 el programa Verano Divertido, acci\u00f3n enfocada a la atenci\u00f3n de las infancias durante el periodo vacacional de agosto, el cual se llev\u00f3 a cabo en 200 sedes con m\u00e1s de 700 actividades gratuitas entre talleres, proyecciones cinematogr\u00e1ficas, presentaciones musicales y paseos tur\u00edsticos dirigidos principalmente a infancias y\u00a0 adolescencias, con la finalidad de resignificar la infraestructura cultural como espacio seguro para la diversi\u00f3n y expresi\u00f3n art\u00edstica.<br aria-hidden=\"true\" \/>\u00a0<br aria-hidden=\"true\" \/>\u201cA trav\u00e9s de este programa se benefici\u00f3 a m\u00e1s de 80 mil ni\u00f1as, ni\u00f1os y personas j\u00f3venes, sin dejar de mencionar la exitosa clausura en el Monumento a la Revoluci\u00f3n con el Festival de Juegos Tradicionales al cual acudieron 100 mil personas\u201d, mencion\u00f3.<br aria-hidden=\"true\" \/>\u00a0<br aria-hidden=\"true\" \/>En lo que respecta al segundo eje, la recuperaci\u00f3n de la memoria hist\u00f3rica y el cuidado y divulgaci\u00f3n del patrimonio cultural, la titular enfatiz\u00f3 que estos son indispensables en una ciudad tan rica en historia, arquitectura, gastronom\u00eda, tradiciones y diversas formas de expresi\u00f3n cultural.<br aria-hidden=\"true\" \/>\u00a0<br aria-hidden=\"true\" \/>\u201cPor esta raz\u00f3n, se contin\u00faa con el programa de conservaci\u00f3n y cuidado del patrimonio para concluir, en este periodo, con la reconstrucci\u00f3n de templos e infraestructura cultural da\u00f1ada por los sismos de 2017; a lo largo de la presente administraci\u00f3n se han invertido m\u00e1s de 133 millones de pesos destinados al rescate de 21 inmuebles entre 2019 y 2022\u201d, puntualiz\u00f3.<br aria-hidden=\"true\" \/>\u00a0<br aria-hidden=\"true\" \/>Aunado a esto, destac\u00f3 el impulso para la creaci\u00f3n del Paseo de las Hero\u00ednas, que incluy\u00f3 la colocaci\u00f3n de 14 esculturas de mujeres que, por su contribuci\u00f3n al desarrollo de nuestro pa\u00eds, la lucha por la libertad, la democracia y la igualdad, merec\u00edan ser reconocidas en nuestra principal avenida. \u00a0<br aria-hidden=\"true\" \/>\u00a0<br aria-hidden=\"true\" \/>Indic\u00f3 que el turismo y la cultura son \u00e1mbitos nodales para la reactivaci\u00f3n econ\u00f3mica, ya que los conciertos masivos impulsan el turismo nacional e internacional, as\u00ed como el crecimiento de diversas zonas de la ciudad, con eventos como el Gran Desfile de D\u00eda de Muertos que convoc\u00f3 a un mill\u00f3n de visitantes.<br aria-hidden=\"true\" \/>\u00a0<br aria-hidden=\"true\" \/>Asimismo, destac\u00f3 que el Servicio de Medios p\u00fablicos, mejor conocido como Capital 21, se convirti\u00f3 en un referente dentro de la oferta medi\u00e1tica no s\u00f3lo de la Ciudad sino de todo el Valle de M\u00e9xico.<br aria-hidden=\"true\" \/>\u00a0<br aria-hidden=\"true\" \/>\u201cPas\u00f3 de un promedio mensual de 2.5 millones de televidentes en 2019 a 7.5 millones de personas en mayo de 2022. Cabe destacar que, adem\u00e1s de triplicar sus audiencias, Capital 21 logr\u00f3 incrementar sus contenidos y capacidad de producci\u00f3n. Durante el periodo que se informa, se instalaron el \u00d3rgano de Gobierno, el Consejo Ciudadano y la Defensor\u00eda de las Audiencias, incorporado a C\u00f3digo Radio\u201d, puntualiz\u00f3.<br aria-hidden=\"true\" \/>\u00a0<br aria-hidden=\"true\" \/>Por otro lado, coment\u00f3 que las actividades en espacios p\u00fablicos tambi\u00e9n incluyeron proyecciones de cine, a trav\u00e9s del Fideicomiso para la Promoci\u00f3n del Cine Mexicano (PROCINE); la funcionaria se\u00f1al\u00f3 que entre 2019 y 2022 se han realizado 1,400 proyecciones en las 16 alcald\u00edas de la Ciudad y tan s\u00f3lo en el \u00faltimo a\u00f1o, a trav\u00e9s del programa Cine en Tu Ciudad, se realizaron 733 funciones para m\u00e1s de 20 mil espectadores, sin dejar de mencionar al programa de cine clubes con 350 espacios de discusi\u00f3n y an\u00e1lisis sobre el g\u00e9nero.<br aria-hidden=\"true\" \/>\u00a0<br aria-hidden=\"true\" \/>De igual forma, dijo que la Comisi\u00f3n de Filmaciones de la Ciudad de M\u00e9xico tramit\u00f3 7 mil 500 permisos, dejando una derrama econ\u00f3mica de 560 millones en la capital con mayor actividad audiovisual de Am\u00e9rica Latina.<br aria-hidden=\"true\" \/>\u00a0<br aria-hidden=\"true\" \/>Jes\u00fas Sesma Su\u00e1rez, diputado de la Alianza Verde Juntos por la Ciudad, reconoci\u00f3 la trayectoria de Curiel de Icaza en los rubros de la m\u00fasica, el cine y las artes, la cual ha robustecido la instituci\u00f3n que tiene a su cargo desde febrero de 2022.<br aria-hidden=\"true\" \/>\u00a0<br aria-hidden=\"true\" \/>\u201cTanto el arte como la cultura deben estar entre los principales motores de la econom\u00eda de la Ciudad de M\u00e9xico y del pa\u00eds, as\u00ed lo ha reconocido en el plan 2030 de la ONU al considerarlos como pilares del desarrollo sustentable\u201d, dijo Sesma Su\u00e1rez.<br aria-hidden=\"true\" \/>\u00a0<br aria-hidden=\"true\" \/>En su participaci\u00f3n la diputada del Partido de la Revoluci\u00f3n Democr\u00e1tica Polimnia Romana Sierra B\u00e1rcena destac\u00f3 las posibilidades de la cultura como una herramienta para alejar a las ni\u00f1as, ni\u00f1os y adolescentes de las adicciones, con actividades recreativas y l\u00fadicas.<br aria-hidden=\"true\" \/>\u00a0<br aria-hidden=\"true\" \/>\u201cConsideramos que ser\u00eda importante la coordinaci\u00f3n con la Secretar\u00eda de Salud para que las acciones culturales de esta dependencia pudieran enfocarse en aquellos sectores poblacionales geogr\u00e1ficos que presenten mayor incremento en las adicciones, es decir, dar preferencia a todo este tipo de actividades culturales en las zonas donde m\u00e1s problema tenemos\u201d, dijo.<br aria-hidden=\"true\" \/>\u00a0<br aria-hidden=\"true\" \/>En tanto, M\u00f3nica Fern\u00e1ndez C\u00e9sar, diputada del Partido Revolucionario Institucional destac\u00f3 la recuperaci\u00f3n de las actividades realizadas por la Secretar\u00eda de Cultura capitalina tras el repliegue de eventos presenciales que trajo consigo la pandemia por COVID 19.<br aria-hidden=\"true\" \/>\u00a0<br aria-hidden=\"true\" \/>\u201cHoy como consecuencia su participaci\u00f3n ha sido importante en la reactivaci\u00f3n social y econ\u00f3mica que empezamos a ver en la Ciudad. Muestra de ello es la consolidaci\u00f3n de conciertos, desfiles, ferias y exposiciones que se realizan en el Z\u00f3calo de la Ciudad, ya que es un lugar significativo para la cultura y actividad econ\u00f3mica de las y los habitantes de nuestra capital\u201d, expres\u00f3.<br aria-hidden=\"true\" \/>\u00a0<br aria-hidden=\"true\" \/>Por su parte, la diputada del Movimiento Regeneraci\u00f3n Nacional Ana Francis L\u00f3pez Bayghen, celebr\u00f3 la llegada de Curiel de Icaza a la titularidad de la Secretar\u00eda de Cultura de la Ciudad de M\u00e9xico, toda vez que ha logrado dar coherencia y continuidad a un proyecto de gobierno y a su vez ha ampliado sus alcances.<br aria-hidden=\"true\" \/>\u00a0<br aria-hidden=\"true\" \/>\u201cCreo que lo m\u00e1s conveniente para la Ciudad y lo m\u00e1s conveniente para todo mundo es que de aqu\u00ed a que termine el sexenio de la Jefa de Gobierno colaboremos para acuerpar a la Secretar\u00eda, porque tanto cambio nos ha hecho un mont\u00f3n de da\u00f1o\u201d, indic\u00f3.<br aria-hidden=\"true\" \/>\u00a0<br aria-hidden=\"true\" \/>En su mensaje final, la secretaria de Cultura propuso una mesa de trabajo con la Comisi\u00f3n de Derechos Culturales, a fin de revisar las leyes de Espacios Culturales Independientes y la de Patrimonio Cultural, Natural y Biocultural locales; y se comprometi\u00f3 a continuar en la construcci\u00f3n de pol\u00edticas y programas que impulsen la transversalizaci\u00f3n del quehacer art\u00edstico cultural a otros sectores del gobierno y favorezcan el apropiamiento del espacio p\u00fablico.<\/p>\n<p>[\/fusion_text][fusion_imageframe image_id=&#8221;47933|medium&#8221; max_width=&#8221;&#8221; style_type=&#8221;&#8221; blur=&#8221;&#8221; stylecolor=&#8221;&#8221; hover_type=&#8221;none&#8221; bordersize=&#8221;&#8221; bordercolor=&#8221;&#8221; borderradius=&#8221;&#8221; align=&#8221;none&#8221; lightbox=&#8221;no&#8221; gallery_id=&#8221;&#8221; lightbox_image=&#8221;&#8221; lightbox_image_id=&#8221;&#8221; alt=&#8221;&#8221; link=&#8221;&#8221; linktarget=&#8221;_self&#8221; hide_on_mobile=&#8221;small-visibility,medium-visibility,large-visibility&#8221; class=&#8221;&#8221; id=&#8221;&#8221; animation_type=&#8221;&#8221; animation_direction=&#8221;left&#8221; animation_speed=&#8221;0.3&#8243; animation_offset=&#8221;&#8221;]https:\/\/www.bitacoracdmx.com\/wp-content\/uploads\/2022\/11\/3221638c-eeeb-5262-9a84-90047e6d52a3-300&#215;150.png[\/fusion_imageframe][\/fusion_builder_column][\/fusion_builder_row][\/fusion_builder_container]<\/p>\n","protected":false},"excerpt":{"rendered":"<p>[fusion_builder_container hundred_percent=&#8221;no&#8221; equal_height_columns=&#8221;no&#8221; menu_anchor=&#8221;&#8221; hide_on_mobile=&#8221;small-visibility,medium-visibility,large-visibility&#8221; class=&#8221;&#8221; id=&#8221;&#8221; background_color=&#8221;&#8221; background_image=&#8221;&#8221; background_position=&#8221;center center&#8221; background_repeat=&#8221;no-repeat&#8221; fade=&#8221;no&#8221; background_parallax=&#8221;none&#8221; parallax_speed=&#8221;0.3&#8243; video_mp4=&#8221;&#8221; video_webm=&#8221;&#8221; video_ogv=&#8221;&#8221; video_url=&#8221;&#8221; video_aspect_ratio=&#8221;16:9&#8243; video_loop=&#8221;yes&#8221; video_mute=&#8221;yes&#8221; overlay_color=&#8221;&#8221; video_preview_image=&#8221;&#8221; border_size=&#8221;&#8221; border_color=&#8221;&#8221; border_style=&#8221;solid&#8221; padding_top=&#8221;&#8221; padding_bottom=&#8221;&#8221; padding_left=&#8221;&#8221; padding_right=&#8221;&#8221;][fusion_builder_row][fusion_builder_column type=&#8221;1_1&#8243; layout=&#8221;1_1&#8243; background_position=&#8221;left top&#8221; background_color=&#8221;&#8221; border_size=&#8221;&#8221; border_color=&#8221;&#8221; border_style=&#8221;solid&#8221; border_position=&#8221;all&#8221; spacing=&#8221;yes&#8221; background_image=&#8221;&#8221; background_repeat=&#8221;no-repeat&#8221; padding_top=&#8221;&#8221; padding_right=&#8221;&#8221; padding_bottom=&#8221;&#8221; padding_left=&#8221;&#8221; margin_top=&#8221;0px&#8221; margin_bottom=&#8221;0px&#8221; class=&#8221;&#8221; id=&#8221;&#8221; animation_type=&#8221;&#8221; animation_speed=&#8221;0.3&#8243; animation_direction=&#8221;left&#8221; hide_on_mobile=&#8221;small-visibility,medium-visibility,large-visibility&#8221; center_content=&#8221;no&#8221; last=&#8221;no&#8221; min_height=&#8221;&#8221; hover_type=&#8221;none&#8221; link=&#8221;&#8221;][fusion_text] REDACCI\u00d3N Este mi\u00e9rcoles 9 de noviembre,\u00a0la secretaria de Cultura de la Ciudad de M\u00e9xico, Claudia Curiel de Icaza, compareci\u00f3 ante la Comisi\u00f3n de Cultura del Congreso capitalino con motivo del Cuarto Informe de la Jefa de Gobierno, Claudia Sheinbaum Pardo, [&hellip;]<\/p>\n","protected":false},"author":1,"featured_media":47933,"comment_status":"open","ping_status":"open","sticky":false,"template":"","format":"standard","meta":{"footnotes":""},"categories":[4,9],"tags":[],"_links":{"self":[{"href":"https:\/\/www.bitacoracdmx.com\/index.php?rest_route=\/wp\/v2\/posts\/47932"}],"collection":[{"href":"https:\/\/www.bitacoracdmx.com\/index.php?rest_route=\/wp\/v2\/posts"}],"about":[{"href":"https:\/\/www.bitacoracdmx.com\/index.php?rest_route=\/wp\/v2\/types\/post"}],"author":[{"embeddable":true,"href":"https:\/\/www.bitacoracdmx.com\/index.php?rest_route=\/wp\/v2\/users\/1"}],"replies":[{"embeddable":true,"href":"https:\/\/www.bitacoracdmx.com\/index.php?rest_route=%2Fwp%2Fv2%2Fcomments&post=47932"}],"version-history":[{"count":1,"href":"https:\/\/www.bitacoracdmx.com\/index.php?rest_route=\/wp\/v2\/posts\/47932\/revisions"}],"predecessor-version":[{"id":47934,"href":"https:\/\/www.bitacoracdmx.com\/index.php?rest_route=\/wp\/v2\/posts\/47932\/revisions\/47934"}],"wp:featuredmedia":[{"embeddable":true,"href":"https:\/\/www.bitacoracdmx.com\/index.php?rest_route=\/wp\/v2\/media\/47933"}],"wp:attachment":[{"href":"https:\/\/www.bitacoracdmx.com\/index.php?rest_route=%2Fwp%2Fv2%2Fmedia&parent=47932"}],"wp:term":[{"taxonomy":"category","embeddable":true,"href":"https:\/\/www.bitacoracdmx.com\/index.php?rest_route=%2Fwp%2Fv2%2Fcategories&post=47932"},{"taxonomy":"post_tag","embeddable":true,"href":"https:\/\/www.bitacoracdmx.com\/index.php?rest_route=%2Fwp%2Fv2%2Ftags&post=47932"}],"curies":[{"name":"wp","href":"https:\/\/api.w.org\/{rel}","templated":true}]}}