{"id":48127,"date":"2022-11-25T03:52:44","date_gmt":"2022-11-25T03:52:44","guid":{"rendered":"https:\/\/www.bitacoracdmx.com\/?p=48127"},"modified":"2022-11-25T03:52:44","modified_gmt":"2022-11-25T03:52:44","slug":"la-secretaria-de-cultura-capitalina-se-suma-a-la-campana-internacional-de-16-dias-de-activismo-en-contra-de-la-violencia-hacia-las-mujeres","status":"publish","type":"post","link":"https:\/\/www.bitacoracdmx.com\/?p=48127","title":{"rendered":"La secretaria de cultura capitalina se suma a la CAMPA\u00d1A INTERNACIONAL de 16 D\u00cdAS DE ACTIVISMO EN CONTRA DE LA VIOLENCIA HACIA LAS MUJERES"},"content":{"rendered":"<p>[fusion_builder_container hundred_percent=&#8221;no&#8221; equal_height_columns=&#8221;no&#8221; menu_anchor=&#8221;&#8221; hide_on_mobile=&#8221;small-visibility,medium-visibility,large-visibility&#8221; class=&#8221;&#8221; id=&#8221;&#8221; background_color=&#8221;&#8221; background_image=&#8221;&#8221; background_position=&#8221;center center&#8221; background_repeat=&#8221;no-repeat&#8221; fade=&#8221;no&#8221; background_parallax=&#8221;none&#8221; parallax_speed=&#8221;0.3&#8243; video_mp4=&#8221;&#8221; video_webm=&#8221;&#8221; video_ogv=&#8221;&#8221; video_url=&#8221;&#8221; video_aspect_ratio=&#8221;16:9&#8243; video_loop=&#8221;yes&#8221; video_mute=&#8221;yes&#8221; overlay_color=&#8221;&#8221; video_preview_image=&#8221;&#8221; border_size=&#8221;&#8221; border_color=&#8221;&#8221; border_style=&#8221;solid&#8221; padding_top=&#8221;&#8221; padding_bottom=&#8221;&#8221; padding_left=&#8221;&#8221; padding_right=&#8221;&#8221;][fusion_builder_row][fusion_builder_column type=&#8221;1_1&#8243; layout=&#8221;1_1&#8243; background_position=&#8221;left top&#8221; background_color=&#8221;&#8221; border_size=&#8221;&#8221; border_color=&#8221;&#8221; border_style=&#8221;solid&#8221; border_position=&#8221;all&#8221; spacing=&#8221;yes&#8221; background_image=&#8221;&#8221; background_repeat=&#8221;no-repeat&#8221; padding_top=&#8221;&#8221; padding_right=&#8221;&#8221; padding_bottom=&#8221;&#8221; padding_left=&#8221;&#8221; margin_top=&#8221;0px&#8221; margin_bottom=&#8221;0px&#8221; class=&#8221;&#8221; id=&#8221;&#8221; animation_type=&#8221;&#8221; animation_speed=&#8221;0.3&#8243; animation_direction=&#8221;left&#8221; hide_on_mobile=&#8221;small-visibility,medium-visibility,large-visibility&#8221; center_content=&#8221;no&#8221; last=&#8221;no&#8221; min_height=&#8221;&#8221; hover_type=&#8221;none&#8221; link=&#8221;&#8221;][fusion_text]<\/p>\n<p>REDACCI\u00d3N<\/p>\n<ul>\n<li>La jornada conmemora el D\u00eda Internacional de la Eliminaci\u00f3n de la Violencia Contra la Mujer con m\u00e1s de 60 actividades en casi 30 recintos y redes sociales del viernes 25 de noviembre al s\u00e1bado 10 de diciembre.<br aria-hidden=\"true\" \/><\/li>\n<li>P\u00fablico de todas las edades podr\u00e1 sumarse a una amplia cartelera que comprende cursos y talleres, conversatorios, obras de teatro, proyecciones de cine, conciertos y visitas guiadas entre otras actividades con perspectiva de g\u00e9nero.<\/li>\n<\/ul>\n<p>A trav\u00e9s de una amplia cartelera art\u00edstica con\u00a0<strong>m\u00e1s de 60 actividades<\/strong>\u00a0en alrededor de\u00a0<strong>30 recintos culturales y redes sociales<\/strong>, la\u00a0<strong>Secretar\u00eda de Cultura de la Ciudad de M\u00e9xico<\/strong>\u00a0se suma a la Campa\u00f1a Internacional de los 16 D\u00edas de Activismo Contra la Violencia de G\u00e9nero que impulsa ONU Mujeres en el marco del\u00a0<strong>D\u00eda Internacional de la Eliminaci\u00f3n de la Violencia Contra la Mujer<\/strong>, establecido el\u00a0<strong>25 de noviembre<\/strong>.<br aria-hidden=\"true\" \/>\u00a0<br aria-hidden=\"true\" \/>Para fortalecer la estrategia internacional de prevenci\u00f3n y eliminaci\u00f3n de la violencia sobre ni\u00f1as y mujeres, esta dependencia capitalina ofrece\u00a0<strong>del viernes 25 de noviembre al s\u00e1bado 10 de diciembre<\/strong>, una amplia gama de actividades con perspectiva de g\u00e9nero que van desde cursos y talleres, conversatorios, obras de teatro, charlas, c\u00e1psulas de video, proyecciones cinematogr\u00e1ficas, exposiciones, visitas guiadas, conciertos y actividades literarias, de danza, baile y otras disciplinas.<br aria-hidden=\"true\" \/>\u00a0<br aria-hidden=\"true\" \/>Entre los diversos recintos que participan en esta programaci\u00f3n se encuentra la Red de Faros, el Teatro de la Ciudad Esperanza Iris y el Teatro Sergio Maga\u00f1a, as\u00ed como el Museo de la Ciudad de M\u00e9xico, el Museo Pante\u00f3n de San Fernando, el Archivo Hist\u00f3rico de la Ciudad de M\u00e9xico, el Museo Nacional de la Revoluci\u00f3n y el Centro Cultural Ollin Yoliztli, entre otros espacios, como la Cineteca Nacional, diversas estaciones del Sistema de Transporte Colectivo Metro y la Biblioteca Vasconcelos, entre otros.<br aria-hidden=\"true\" \/>\u00a0<br aria-hidden=\"true\" \/>De manera destacada, este viernes 25 de noviembre la F\u00e1brica de Artes y Oficios (FARO) Arag\u00f3n ofrecer\u00e1 la jornada cultural: Mujeres 25N, que impartir\u00e1 el Taller de sonideras con Marisol Mendoza, adem\u00e1s de un taller de foto-bordado y un baile con las Musas Sonideras, a las 17:00 horas, para inaugurar al otro d\u00eda la exposici\u00f3n fotogr\u00e1fica \u201cMujeres en la lucha\u201d y la proyecci\u00f3n de documentales.<br aria-hidden=\"true\" \/>\u00a0<br aria-hidden=\"true\" \/>El Centro Cultural El Rule, Comunidad de Saberes inaugurar\u00e1 el s\u00e1bado 26 la instalaci\u00f3n \u201cCamino mientras conservo el equilibrio\u201d, compuesta de video, audio, pieza de escombros y texto, mientras el Teatro de la Ciudad Esperanza Iris presentar\u00e1 el domingo 27 de noviembre, a las 18:00 horas la obra\u00a0<em>La Reyna Sola,<\/em>\u00a0dramaturgia que enfrenta a dos amas de casa para descubrir la violencia que comparten.<br aria-hidden=\"true\" \/>\u00a0<br aria-hidden=\"true\" \/>El lunes 28 de noviembre el Archivo Hist\u00f3rico de la Ciudad de M\u00e9xico presentar\u00e1 la charla \u201cMujeres en la Historia\u201d que pretende promover la reflexi\u00f3n sobre el acceso a la informaci\u00f3n documental que se resguarda en el Archivo, referente a los derechos de las mujeres y su participaci\u00f3n en la vida cultural, pol\u00edtica y econ\u00f3mica de la ciudad.<br aria-hidden=\"true\" \/>\u00a0<br aria-hidden=\"true\" \/>Para martes 29 de noviembre el Museo Nacional de la Revoluci\u00f3n compartir\u00e1 la de la video charla\u00a0<em>Sufragio femenino en M\u00e9xico, a 69 a\u00f1os<\/em>\u00a0y\u00a0<em>El congreso feminista en Yucat\u00e1n<\/em>\u00a0que recordar\u00e1 las elecciones federales de 1955 a las cuales las mujeres acudieron por primera vez a las urnas a emitir su voto para gozar de una ciudadan\u00eda plena.<br aria-hidden=\"true\" \/>\u00a0<br aria-hidden=\"true\" \/>Diversas producciones cinematogr\u00e1ficas se proyectar\u00e1n el mi\u00e9rcoles 30 de noviembre, cuando a trav\u00e9s del Fideicomiso para la Promoci\u00f3n y Desarrollo del Cine Mexicano en nola Ciudad de M\u00e9xico (PROCINECDMX) se presentar\u00e1n los cortometrajes\u00a0<em>Semillas de Guam\u00fachil, Invisibles\u00a0<\/em>y\u00a0<em>Dayligth<\/em>\u00a0en la estaci\u00f3n del metro Hidalgo del (STC) Metro<em>,<\/em>\u00a0a las 16:00 horas, y media hora m\u00e1s tarde\u00a0<em>\u00bfPor qu\u00e9 la rabia?\u00a0<\/em>y\u00a0<em>Olimpia, la de la Ley Olimpia\u00a0<\/em>en la Sala Jos\u00e9 Revueltas en Centro Cultural Universitario, por mencionar algunas de las 17 funciones que llegar\u00e1n tambi\u00e9n a la Videoteca Manuel \u00c1lvarez Bravo y a la Utop\u00eda Tezontli, entre otros recintos.<br aria-hidden=\"true\" \/>\u00a0<br aria-hidden=\"true\" \/>El jueves 8 de diciembre el Centro Cultural Ollin Yoliztli presentar\u00e1, a las 18:00 horas, el concierto \u201cCantar por las mujeres que no tuvieron voz y fueron v\u00edctimas de la violencia\u201d, un canto con m\u00fasica barroca de un dueto de mujeres que busca sensibilizar al p\u00fablico sobre la importancia de darle voz a las mujeres que han sido violentadas.<br aria-hidden=\"true\" \/>\u00a0<br aria-hidden=\"true\" \/>Para el viernes 9 de diciembre la FARO Indios Verdes compartir\u00e1 el talento del grupo Punto G, que a trav\u00e9s de su rock resaltar\u00e1 el papel que ha tenido la mujer en este g\u00e9nero musical y la violencia que sufren las m\u00fasicas en esta industria. Enseguida se presentar\u00e1 el performance \u201cMiedo\u201d, conjunto de acciones esc\u00e9nicas en las que mujeres expresan su sentir, respecto a la violencia que enfrentan d\u00eda a d\u00eda en diversos \u00e1mbitos.<br aria-hidden=\"true\" \/>\u00a0<br aria-hidden=\"true\" \/>Adem\u00e1s del viernes 25 de noviembre al 10 de diciembre la Direcci\u00f3n del Instituto de la Defensa de los Derechos Culturales, a trav\u00e9s de sus redes sociales, compartir\u00e1 las charlas \u201cConstruyendo Derechos Culturales con Perspectiva de G\u00e9nero\u201d y \u201cNuestras realidades, nuestras luchas: infancias, legislaci\u00f3n y afrofeminismos&#8221;, que abordan las infancias y la hipersexualizaci\u00f3n de los cuerpos de las ni\u00f1as y mujeres negras, as\u00ed como la lucha contra la discriminaci\u00f3n de las mujeres afrodescendientes y el tema de los transfeminicidios y los derechos culturales de la comunidad LGBTTTI+.<br aria-hidden=\"true\" \/>\u00a0<br aria-hidden=\"true\" \/>En 1999, la Asamblea General de la Organizaci\u00f3n de las Naciones Unidas (ONU), proclam\u00f3 el 25 de noviembre como el D\u00eda Internacional de la Eliminaci\u00f3n de la Violencia contra la Mujer, fecha que conmemora el asesinato las tres hermanas Mirabal en 1960 en Rep\u00fablica Dominicana, cuando a causa de su lucha en favor de sus derechos humanos fueron asesinadas por \u00f3rdenes del dictador dominicano Rafael Le\u00f3nidas Trujillo.<br aria-hidden=\"true\" \/>\u00a0<br aria-hidden=\"true\" \/>Como cada a\u00f1o, la campa\u00f1a internacional de 16 d\u00edas de activismo se realiza del 25 de noviembre al 10 de diciembre, fecha en la que concluye coincidiendo con el D\u00eda Internacional de los Derechos Humanos.<br aria-hidden=\"true\" \/>\u00a0<br aria-hidden=\"true\" \/>Mediante estas actividades la Secretar\u00eda de Cultura de la Ciudad de M\u00e9xico se suma a la campa\u00f1a internacional en favor de la erradicaci\u00f3n de g\u00e9nero mediante el ejercicio de los derechos culturales de habitantes y visitantes de la capital.<br aria-hidden=\"true\" \/>\u00a0<br aria-hidden=\"true\" \/>Las actividades\u00a0por los 16 D\u00edas de Activismo en Contra de la Violencia Hacia las Mujeres pueden consultarse en el link de la Cartelera de\u00a0la Ciudad\u00a0de\u00a0M\u00e9xico\u00a0<a href=\"https:\/\/gob.us21.list-manage.com\/track\/click?u=24ab1d8cf82850533a5af327c&amp;id=07b8e58cf3&amp;e=4fe2704bc3\" target=\"_blank\" rel=\"noopener noreferrer\" data-auth=\"NotApplicable\" data-linkindex=\"0\">https:\/\/cartelera.cdmx.gob.mx\/busqueda?&amp;nombre=juntassinviolenciany<\/a>\u00a0a trav\u00e9s\u00a0de\u00a0las redes sociales de la Secretar\u00eda de Cultura capitalina en\u00a0Facebook, Twitter, Instagram y YouTube.<\/p>\n<p>[\/fusion_text][fusion_imageframe image_id=&#8221;48128|medium&#8221; max_width=&#8221;&#8221; style_type=&#8221;&#8221; blur=&#8221;&#8221; stylecolor=&#8221;&#8221; hover_type=&#8221;none&#8221; bordersize=&#8221;&#8221; bordercolor=&#8221;&#8221; borderradius=&#8221;&#8221; align=&#8221;none&#8221; lightbox=&#8221;no&#8221; gallery_id=&#8221;&#8221; lightbox_image=&#8221;&#8221; lightbox_image_id=&#8221;&#8221; alt=&#8221;&#8221; link=&#8221;&#8221; linktarget=&#8221;_self&#8221; hide_on_mobile=&#8221;small-visibility,medium-visibility,large-visibility&#8221; class=&#8221;&#8221; id=&#8221;&#8221; animation_type=&#8221;&#8221; animation_direction=&#8221;left&#8221; animation_speed=&#8221;0.3&#8243; animation_offset=&#8221;&#8221;]https:\/\/www.bitacoracdmx.com\/wp-content\/uploads\/2022\/11\/8976807f-efab-d8ed-6931-a473196875b1-300&#215;200.jpg[\/fusion_imageframe][\/fusion_builder_column][\/fusion_builder_row][\/fusion_builder_container]<\/p>\n","protected":false},"excerpt":{"rendered":"<p>[fusion_builder_container hundred_percent=&#8221;no&#8221; equal_height_columns=&#8221;no&#8221; menu_anchor=&#8221;&#8221; hide_on_mobile=&#8221;small-visibility,medium-visibility,large-visibility&#8221; class=&#8221;&#8221; id=&#8221;&#8221; background_color=&#8221;&#8221; background_image=&#8221;&#8221; background_position=&#8221;center center&#8221; background_repeat=&#8221;no-repeat&#8221; fade=&#8221;no&#8221; background_parallax=&#8221;none&#8221; parallax_speed=&#8221;0.3&#8243; video_mp4=&#8221;&#8221; video_webm=&#8221;&#8221; video_ogv=&#8221;&#8221; video_url=&#8221;&#8221; video_aspect_ratio=&#8221;16:9&#8243; video_loop=&#8221;yes&#8221; video_mute=&#8221;yes&#8221; overlay_color=&#8221;&#8221; video_preview_image=&#8221;&#8221; border_size=&#8221;&#8221; border_color=&#8221;&#8221; border_style=&#8221;solid&#8221; padding_top=&#8221;&#8221; padding_bottom=&#8221;&#8221; padding_left=&#8221;&#8221; padding_right=&#8221;&#8221;][fusion_builder_row][fusion_builder_column type=&#8221;1_1&#8243; layout=&#8221;1_1&#8243; background_position=&#8221;left top&#8221; background_color=&#8221;&#8221; border_size=&#8221;&#8221; border_color=&#8221;&#8221; border_style=&#8221;solid&#8221; border_position=&#8221;all&#8221; spacing=&#8221;yes&#8221; background_image=&#8221;&#8221; background_repeat=&#8221;no-repeat&#8221; padding_top=&#8221;&#8221; padding_right=&#8221;&#8221; padding_bottom=&#8221;&#8221; padding_left=&#8221;&#8221; margin_top=&#8221;0px&#8221; margin_bottom=&#8221;0px&#8221; class=&#8221;&#8221; id=&#8221;&#8221; animation_type=&#8221;&#8221; animation_speed=&#8221;0.3&#8243; animation_direction=&#8221;left&#8221; hide_on_mobile=&#8221;small-visibility,medium-visibility,large-visibility&#8221; center_content=&#8221;no&#8221; last=&#8221;no&#8221; min_height=&#8221;&#8221; hover_type=&#8221;none&#8221; link=&#8221;&#8221;][fusion_text] REDACCI\u00d3N La jornada conmemora el D\u00eda Internacional de la Eliminaci\u00f3n de la Violencia Contra la Mujer con m\u00e1s de 60 actividades en casi 30 recintos y redes sociales del viernes 25 de noviembre al s\u00e1bado 10 de diciembre. P\u00fablico de [&hellip;]<\/p>\n","protected":false},"author":1,"featured_media":48128,"comment_status":"open","ping_status":"open","sticky":false,"template":"","format":"standard","meta":{"footnotes":""},"categories":[5,9],"tags":[],"_links":{"self":[{"href":"https:\/\/www.bitacoracdmx.com\/index.php?rest_route=\/wp\/v2\/posts\/48127"}],"collection":[{"href":"https:\/\/www.bitacoracdmx.com\/index.php?rest_route=\/wp\/v2\/posts"}],"about":[{"href":"https:\/\/www.bitacoracdmx.com\/index.php?rest_route=\/wp\/v2\/types\/post"}],"author":[{"embeddable":true,"href":"https:\/\/www.bitacoracdmx.com\/index.php?rest_route=\/wp\/v2\/users\/1"}],"replies":[{"embeddable":true,"href":"https:\/\/www.bitacoracdmx.com\/index.php?rest_route=%2Fwp%2Fv2%2Fcomments&post=48127"}],"version-history":[{"count":1,"href":"https:\/\/www.bitacoracdmx.com\/index.php?rest_route=\/wp\/v2\/posts\/48127\/revisions"}],"predecessor-version":[{"id":48129,"href":"https:\/\/www.bitacoracdmx.com\/index.php?rest_route=\/wp\/v2\/posts\/48127\/revisions\/48129"}],"wp:featuredmedia":[{"embeddable":true,"href":"https:\/\/www.bitacoracdmx.com\/index.php?rest_route=\/wp\/v2\/media\/48128"}],"wp:attachment":[{"href":"https:\/\/www.bitacoracdmx.com\/index.php?rest_route=%2Fwp%2Fv2%2Fmedia&parent=48127"}],"wp:term":[{"taxonomy":"category","embeddable":true,"href":"https:\/\/www.bitacoracdmx.com\/index.php?rest_route=%2Fwp%2Fv2%2Fcategories&post=48127"},{"taxonomy":"post_tag","embeddable":true,"href":"https:\/\/www.bitacoracdmx.com\/index.php?rest_route=%2Fwp%2Fv2%2Ftags&post=48127"}],"curies":[{"name":"wp","href":"https:\/\/api.w.org\/{rel}","templated":true}]}}