{"id":48130,"date":"2022-11-25T03:58:21","date_gmt":"2022-11-25T03:58:21","guid":{"rendered":"https:\/\/www.bitacoracdmx.com\/?p=48130"},"modified":"2022-11-25T03:58:21","modified_gmt":"2022-11-25T03:58:21","slug":"presenta-gobernador-de-guanajuato-el-libro-festival-internacional-cervantino-50-anos-y-firma-convenio-con-el-inah","status":"publish","type":"post","link":"https:\/\/www.bitacoracdmx.com\/?p=48130","title":{"rendered":"Presenta Gobernador de Guanajuato el libro \u201cFestival Internacional Cervantino: 50 a\u00f1os\u201d y firma convenio con el INAH"},"content":{"rendered":"<p>[fusion_builder_container hundred_percent=&#8221;no&#8221; equal_height_columns=&#8221;no&#8221; menu_anchor=&#8221;&#8221; hide_on_mobile=&#8221;small-visibility,medium-visibility,large-visibility&#8221; class=&#8221;&#8221; id=&#8221;&#8221; background_color=&#8221;&#8221; background_image=&#8221;&#8221; background_position=&#8221;center center&#8221; background_repeat=&#8221;no-repeat&#8221; fade=&#8221;no&#8221; background_parallax=&#8221;none&#8221; parallax_speed=&#8221;0.3&#8243; video_mp4=&#8221;&#8221; video_webm=&#8221;&#8221; video_ogv=&#8221;&#8221; video_url=&#8221;&#8221; video_aspect_ratio=&#8221;16:9&#8243; video_loop=&#8221;yes&#8221; video_mute=&#8221;yes&#8221; overlay_color=&#8221;&#8221; video_preview_image=&#8221;&#8221; border_size=&#8221;&#8221; border_color=&#8221;&#8221; border_style=&#8221;solid&#8221; padding_top=&#8221;&#8221; padding_bottom=&#8221;&#8221; padding_left=&#8221;&#8221; padding_right=&#8221;&#8221;][fusion_builder_row][fusion_builder_column type=&#8221;1_1&#8243; layout=&#8221;1_1&#8243; background_position=&#8221;left top&#8221; background_color=&#8221;&#8221; border_size=&#8221;&#8221; border_color=&#8221;&#8221; border_style=&#8221;solid&#8221; border_position=&#8221;all&#8221; spacing=&#8221;yes&#8221; background_image=&#8221;&#8221; background_repeat=&#8221;no-repeat&#8221; padding_top=&#8221;&#8221; padding_right=&#8221;&#8221; padding_bottom=&#8221;&#8221; padding_left=&#8221;&#8221; margin_top=&#8221;0px&#8221; margin_bottom=&#8221;0px&#8221; class=&#8221;&#8221; id=&#8221;&#8221; animation_type=&#8221;&#8221; animation_speed=&#8221;0.3&#8243; animation_direction=&#8221;left&#8221; hide_on_mobile=&#8221;small-visibility,medium-visibility,large-visibility&#8221; center_content=&#8221;no&#8221; last=&#8221;no&#8221; min_height=&#8221;&#8221; hover_type=&#8221;none&#8221; link=&#8221;&#8221;][fusion_text]<\/p>\n<p>REDACCI\u00d3N<\/p>\n<p>\u00b7\u00a0<em>Este libro hace honor a la grandeza del FIC, un festival que ha sido un puente cultural y una herramienta del desarrollo social de Guanajuato: Diego Sinhue.<\/em><\/p>\n<p>\u00b7\u00a0<em>El nuevo convenio entre el Gobierno del Estado y el INAH permitir\u00e1 un mejor aprovechamiento del Museo Alh\u00f3ndiga de Granaditas.<\/em><\/p>\n<p>El Gobernador del Estado de Guanajuato, Diego Sinhue Rodr\u00edguez Vallejo, encabez\u00f3 la presentaci\u00f3n del libro \u201cFestival Internacional Cervantino: 50 a\u00f1os\u201d en el Museo Nacional de Arte de la Ciudad de M\u00e9xico; la obra inmortaliza cinco d\u00e9cadas de historia del Festival Internacional Cervantino, como un puente de cultura, amistad y paz.<\/p>\n<p>\u201cEste libro que guarda las memorias de los 50 a\u00f1os del Festival Internacional Cervantino, es una obra que hay que celebrar y difundir.<\/p>\n<p>\u201cA lo largo de medio siglo el FIC no solamente ha puesto a Guanajuato en los ojos del mundo, tambi\u00e9n ha tenido una importante labor social al acercar lo mejor de las manifestaciones art\u00edsticas, cl\u00e1sicas y contempor\u00e1neas a p\u00fablicos que de otro modo no tendr\u00edan oportunidad de disfrutarlas. En Guanajuato la cultura es una importante herramienta de desarrollo social y en este medio siglo del Festival Internacional Cervantino se ha cumplido con creces ese objetivo\u201d, dijo el Gobernador.<\/p>\n<p>De esta forma, el Gobierno del Estado de Guanajuato conmemora este 50 aniversario con m\u00e1s de 300 p\u00e1ginas y la colaboraci\u00f3n de m\u00e1s de una docena de especialistas. La edici\u00f3n tiene un tiraje de 2000 ejemplares y fue coordinada por el Instituto Estatal de la Cultura (IEC).<\/p>\n<p>El libro abre con mensajes introductorios de Diego Sinhue Rodr\u00edguez Vallejo, Gobernador Constitucional del Estado de Guanajuato; Alejandra Frausto Guerrero, Secretaria de Cultura del Gobierno de M\u00e9xico; Juan Jos\u00e9 \u00c1lvarez Brunel, Secretario de Turismo de Guanajuato; Mario Alejandro Navarro Salda\u00f1a, Presidente Municipal de Guanajuato; Luis Felipe Guerrero Agripino, Rector de la Universidad de Guanajuato y Mariana Aymerich Ord\u00f3\u00f1ez, Directora del Festival Internacional Cervantino.<\/p>\n<p>Es un volumen que combina un despliegue gr\u00e1fico con m\u00e1s de 500 im\u00e1genes del archivo del Festival Internacional Cervantino y la reflexi\u00f3n a trav\u00e9s de los ensayos en los que colaboran cronistas, historiadores cr\u00edticos de diversas disciplinas y exdirectores del festival.<\/p>\n<p>El libro se divide en tres apartados tem\u00e1ticos. El primero es \u201cHistoria y contexto del Festival Internacional Cervantino\u201d, en el que se aborda la interacci\u00f3n entre esta magna celebraci\u00f3n y la ciudad de Guanajuato. Colaboran en esta parte: Jos\u00e9 Eduardo Vidaurri, cronista de Guanajuato; el escritor Jorge Olmos Fuentes y el acad\u00e9mico Luis Miguel Rionda.<\/p>\n<p>El segundo apartado es el \u201cFestival Internacional Cervantino, ideas y est\u00e9tica\u201d, el cual est\u00e1 dedicado al marco conceptual que ha tenido el festival en distintas \u00e9pocas, a partir del testimonio de sus exdirectores o personas cercanas a su concepci\u00f3n. Es el caso de: Carmen Beatriz L\u00f3pez Portillo Romano, Sergio Vela, Ramiro Osorio y Mariana Diez Mart\u00ednez Franco.<\/p>\n<p>La \u00faltima secci\u00f3n del libro es \u201cEl Festival Internacional Cervantino en las Artes\u201d, que disecciona las distintas disciplinas que ha acogido la fiesta, as\u00ed como sus presencias m\u00e1s destacadas.<\/p>\n<p>Esta obra re\u00fane las letras de media docena de cr\u00edticos y especialistas: Octavio Sosa, Estela Le\u00f1ero, Juan Arturo Brennan, Rosario Manzanos, Gloria Maldonado Ans\u00f3 y Carlos Ulises Mata.<\/p>\n<p>El libro \u201cFIC 50 a\u00f1os\u201d se distribuye de manera gratuita, previo registro, en la sede del Instituto Estatal de la Cultura y se pondr\u00e1 en l\u00ednea pr\u00f3ximamente a trav\u00e9s de un c\u00f3digo QR.<\/p>\n<p>Durante su gira de trabajo por la Ciudad de M\u00e9xico, Diego Sinhue Rodr\u00edguez Vallejo, firm\u00f3 un convenio entre el Gobierno del Estado de Guanajuato y el Instituto Nacional de Antropolog\u00eda e Historia (INAH) a fin de establecer las bases de colaboraci\u00f3n para el uso coordinado de la Alh\u00f3ndiga de Granaditas.<\/p>\n<p>El objetivo es potenciar el uso de este espacio cultural al contar con un museo vivo que se posicione como un punto de atracci\u00f3n y un referente para la identidad hist\u00f3rica, a trav\u00e9s del desarrollo de actividades c\u00edvicas, protocolarias, art\u00edsticas, socio-culturales y educativas.<\/p>\n<p>\u201cPara llevar lejos hay que ir juntos y en Guanajuato nos gusta trabajar y hacer equipo, sobre todo cuando se trata de preservar nuestro patrimonio y nuestra cultura.<\/p>\n<p>\u201cEste convenio nos permitir\u00e1 sacar m\u00e1s provecho a este inmueble tan maravilloso. La idea es que este inmueble impuse actividades de investigaci\u00f3n, conservaci\u00f3n, promoci\u00f3n y difusi\u00f3n del acervo cultural arqueol\u00f3gico e hist\u00f3rico que se tiene en este inmueble de la Alh\u00f3ndiga de Granaditas\u201d, dijo el Gobernador Diego Sinhue.<\/p>\n<p>La Alh\u00f3ndiga de Granaditas fue construida entre 1798 y 1809 por \u00f3rdenes del Intendente Antonio de Ria\u00f1o y B\u00e1rcenas; recinto destinado en aquel entonces como centro de almacenaje y venta de granos.<\/p>\n<p>El 15 de enero de 1981, el Gobierno del Estado de Guanajuato y el INAH, suscribieron un convenio para la operaci\u00f3n del Museo Regional de Guanajuato, que, por estar alojado en la Alh\u00f3ndiga de Granaditas, recibi\u00f3 el nombre de Museo de la Alh\u00f3ndiga de Granaditas.<\/p>\n<p>Posteriormente, el 27 de mayo de 2002, el INAH y el Gobierno del Estado de Guanajuato, suscribieron un convenio para la operaci\u00f3n del citado Museo Regional, que reemplaz\u00f3 al de 1981, convenio que tuvo por objeto unir sus esfuerzos, recursos y capacidades para procurar la protecci\u00f3n, conservaci\u00f3n, restauraci\u00f3n y difusi\u00f3n del Museo.<\/p>\n<p>Por su prominencia historia y actual vocaci\u00f3n, este inmueble es considerando como s\u00edmbolo nacional y referente para la identidad patrimonial de Guanajuato.<\/p>\n<p>Durante la firma de este convenio celebrado en el Museo del Templo Mayor de la Ciudad de M\u00e9xico, el Gobernador de Guanajuato anunci\u00f3 la contrataci\u00f3n de 80 personas, a trav\u00e9s del programa de empleo temporal, para que apoyen en las labores de extracci\u00f3n de tierra y acondicionamiento del Cerro de los Remedios en el Municipio de Comonfort, espacio que se sumar\u00eda a las cinco zonas arqueol\u00f3gicas abiertas al p\u00fablico con las que cuenta el estado de Guanajuato.<\/p>\n<p>\u201cEs un proyecto que lleva su tiempo y no se pueden acelerar los procesos, por eso estamos con toda la disposici\u00f3n a trav\u00e9s de este programa de empleo temporal, poder meter a 80 personas con los acarreos de tierra\u201d, explic\u00f3 el Rodr\u00edguez Vallejo.<\/p>\n<p>La zona del Cerro de los Remedios se suma a las zonas arqueol\u00f3gicas de Plazuelas, en P\u00e9njamo; Peralta, en el municipio de Abasolo; El C\u00f3poro, ubicada en Ocampo; Ca\u00f1ada de la Virgen, en San Miguel de Allende; y Arroyo Seco, en el Municipio de Victoria. En esta gira estuvo presente Adriana Camarena de Obeso, Directora del Instituto Cultural del Estado; Mariana Aymerich Ord\u00f3\u00f1ez, Directora del Festival Internacional Cervantino; Juan Jos\u00e9 \u00c1lvarez Brunel, Secretario de Turismo de Guanajuato; Raquel Barajas Monjaraz, Coordinadora General Jur\u00eddica del Estado de Guanajuato; Mar\u00eda del Socorro Villareal, Directora de Asuntos Jur\u00eddicos del INAH; Juanita de la Cruz, Secretaria Particular del Gobernador; Diego Prieto Hern\u00e1ndez, Director General del INAH; y Sergio Vela, autor del libro \u201cFIC 50 a\u00f1os\u201d.<br aria-hidden=\"true\" \/>\u200b<\/p>\n<p>[\/fusion_text][fusion_imageframe image_id=&#8221;48131|medium&#8221; max_width=&#8221;&#8221; style_type=&#8221;&#8221; blur=&#8221;&#8221; stylecolor=&#8221;&#8221; hover_type=&#8221;none&#8221; bordersize=&#8221;&#8221; bordercolor=&#8221;&#8221; borderradius=&#8221;&#8221; align=&#8221;none&#8221; lightbox=&#8221;no&#8221; gallery_id=&#8221;&#8221; lightbox_image=&#8221;&#8221; lightbox_image_id=&#8221;&#8221; alt=&#8221;&#8221; link=&#8221;&#8221; linktarget=&#8221;_self&#8221; hide_on_mobile=&#8221;small-visibility,medium-visibility,large-visibility&#8221; class=&#8221;&#8221; id=&#8221;&#8221; animation_type=&#8221;&#8221; animation_direction=&#8221;left&#8221; animation_speed=&#8221;0.3&#8243; animation_offset=&#8221;&#8221;]https:\/\/www.bitacoracdmx.com\/wp-content\/uploads\/2022\/11\/email-7-1-300&#215;200.jpg[\/fusion_imageframe][\/fusion_builder_column][\/fusion_builder_row][\/fusion_builder_container]<\/p>\n","protected":false},"excerpt":{"rendered":"<p>[fusion_builder_container hundred_percent=&#8221;no&#8221; equal_height_columns=&#8221;no&#8221; menu_anchor=&#8221;&#8221; hide_on_mobile=&#8221;small-visibility,medium-visibility,large-visibility&#8221; class=&#8221;&#8221; id=&#8221;&#8221; background_color=&#8221;&#8221; background_image=&#8221;&#8221; background_position=&#8221;center center&#8221; background_repeat=&#8221;no-repeat&#8221; fade=&#8221;no&#8221; background_parallax=&#8221;none&#8221; parallax_speed=&#8221;0.3&#8243; video_mp4=&#8221;&#8221; video_webm=&#8221;&#8221; video_ogv=&#8221;&#8221; video_url=&#8221;&#8221; video_aspect_ratio=&#8221;16:9&#8243; video_loop=&#8221;yes&#8221; video_mute=&#8221;yes&#8221; overlay_color=&#8221;&#8221; video_preview_image=&#8221;&#8221; border_size=&#8221;&#8221; border_color=&#8221;&#8221; border_style=&#8221;solid&#8221; padding_top=&#8221;&#8221; padding_bottom=&#8221;&#8221; padding_left=&#8221;&#8221; padding_right=&#8221;&#8221;][fusion_builder_row][fusion_builder_column type=&#8221;1_1&#8243; layout=&#8221;1_1&#8243; background_position=&#8221;left top&#8221; background_color=&#8221;&#8221; border_size=&#8221;&#8221; border_color=&#8221;&#8221; border_style=&#8221;solid&#8221; border_position=&#8221;all&#8221; spacing=&#8221;yes&#8221; background_image=&#8221;&#8221; background_repeat=&#8221;no-repeat&#8221; padding_top=&#8221;&#8221; padding_right=&#8221;&#8221; padding_bottom=&#8221;&#8221; padding_left=&#8221;&#8221; margin_top=&#8221;0px&#8221; margin_bottom=&#8221;0px&#8221; class=&#8221;&#8221; id=&#8221;&#8221; animation_type=&#8221;&#8221; animation_speed=&#8221;0.3&#8243; animation_direction=&#8221;left&#8221; hide_on_mobile=&#8221;small-visibility,medium-visibility,large-visibility&#8221; center_content=&#8221;no&#8221; last=&#8221;no&#8221; min_height=&#8221;&#8221; hover_type=&#8221;none&#8221; link=&#8221;&#8221;][fusion_text] REDACCI\u00d3N \u00b7\u00a0Este libro hace honor a la grandeza del FIC, un festival que ha sido un puente cultural y una herramienta del desarrollo social de Guanajuato: Diego Sinhue. \u00b7\u00a0El nuevo convenio entre el Gobierno del Estado y el INAH permitir\u00e1 [&hellip;]<\/p>\n","protected":false},"author":1,"featured_media":48131,"comment_status":"open","ping_status":"open","sticky":false,"template":"","format":"standard","meta":{"footnotes":""},"categories":[9,10],"tags":[],"_links":{"self":[{"href":"https:\/\/www.bitacoracdmx.com\/index.php?rest_route=\/wp\/v2\/posts\/48130"}],"collection":[{"href":"https:\/\/www.bitacoracdmx.com\/index.php?rest_route=\/wp\/v2\/posts"}],"about":[{"href":"https:\/\/www.bitacoracdmx.com\/index.php?rest_route=\/wp\/v2\/types\/post"}],"author":[{"embeddable":true,"href":"https:\/\/www.bitacoracdmx.com\/index.php?rest_route=\/wp\/v2\/users\/1"}],"replies":[{"embeddable":true,"href":"https:\/\/www.bitacoracdmx.com\/index.php?rest_route=%2Fwp%2Fv2%2Fcomments&post=48130"}],"version-history":[{"count":1,"href":"https:\/\/www.bitacoracdmx.com\/index.php?rest_route=\/wp\/v2\/posts\/48130\/revisions"}],"predecessor-version":[{"id":48132,"href":"https:\/\/www.bitacoracdmx.com\/index.php?rest_route=\/wp\/v2\/posts\/48130\/revisions\/48132"}],"wp:featuredmedia":[{"embeddable":true,"href":"https:\/\/www.bitacoracdmx.com\/index.php?rest_route=\/wp\/v2\/media\/48131"}],"wp:attachment":[{"href":"https:\/\/www.bitacoracdmx.com\/index.php?rest_route=%2Fwp%2Fv2%2Fmedia&parent=48130"}],"wp:term":[{"taxonomy":"category","embeddable":true,"href":"https:\/\/www.bitacoracdmx.com\/index.php?rest_route=%2Fwp%2Fv2%2Fcategories&post=48130"},{"taxonomy":"post_tag","embeddable":true,"href":"https:\/\/www.bitacoracdmx.com\/index.php?rest_route=%2Fwp%2Fv2%2Ftags&post=48130"}],"curies":[{"name":"wp","href":"https:\/\/api.w.org\/{rel}","templated":true}]}}