{"id":48133,"date":"2022-11-25T04:04:22","date_gmt":"2022-11-25T04:04:22","guid":{"rendered":"https:\/\/www.bitacoracdmx.com\/?p=48133"},"modified":"2022-11-25T04:04:22","modified_gmt":"2022-11-25T04:04:22","slug":"arranca-cuarta-edicion-del-slam-nacional-mx-de-poesia-con-funcion-de-teatro-espontaneo","status":"publish","type":"post","link":"https:\/\/www.bitacoracdmx.com\/?p=48133","title":{"rendered":"Arranca CUARTA EDICI\u00d3N DEL SLAM NACIONAL MX DE POES\u00cdA con FUNCI\u00d3N DE TEATRO ESPONT\u00c1NEO"},"content":{"rendered":"<p>[fusion_builder_container hundred_percent=&#8221;no&#8221; equal_height_columns=&#8221;no&#8221; menu_anchor=&#8221;&#8221; hide_on_mobile=&#8221;small-visibility,medium-visibility,large-visibility&#8221; class=&#8221;&#8221; id=&#8221;&#8221; background_color=&#8221;&#8221; background_image=&#8221;&#8221; background_position=&#8221;center center&#8221; background_repeat=&#8221;no-repeat&#8221; fade=&#8221;no&#8221; background_parallax=&#8221;none&#8221; parallax_speed=&#8221;0.3&#8243; video_mp4=&#8221;&#8221; video_webm=&#8221;&#8221; video_ogv=&#8221;&#8221; video_url=&#8221;&#8221; video_aspect_ratio=&#8221;16:9&#8243; video_loop=&#8221;yes&#8221; video_mute=&#8221;yes&#8221; overlay_color=&#8221;&#8221; video_preview_image=&#8221;&#8221; border_size=&#8221;&#8221; border_color=&#8221;&#8221; border_style=&#8221;solid&#8221; padding_top=&#8221;&#8221; padding_bottom=&#8221;&#8221; padding_left=&#8221;&#8221; padding_right=&#8221;&#8221;][fusion_builder_row][fusion_builder_column type=&#8221;1_1&#8243; layout=&#8221;1_1&#8243; background_position=&#8221;left top&#8221; background_color=&#8221;&#8221; border_size=&#8221;&#8221; border_color=&#8221;&#8221; border_style=&#8221;solid&#8221; border_position=&#8221;all&#8221; spacing=&#8221;yes&#8221; background_image=&#8221;&#8221; background_repeat=&#8221;no-repeat&#8221; padding_top=&#8221;&#8221; padding_right=&#8221;&#8221; padding_bottom=&#8221;&#8221; padding_left=&#8221;&#8221; margin_top=&#8221;0px&#8221; margin_bottom=&#8221;0px&#8221; class=&#8221;&#8221; id=&#8221;&#8221; animation_type=&#8221;&#8221; animation_speed=&#8221;0.3&#8243; animation_direction=&#8221;left&#8221; hide_on_mobile=&#8221;small-visibility,medium-visibility,large-visibility&#8221; center_content=&#8221;no&#8221; last=&#8221;no&#8221; min_height=&#8221;&#8221; hover_type=&#8221;none&#8221; link=&#8221;&#8221;][fusion_text]<\/p>\n<p>REDACCI\u00d3N<\/p>\n<ul>\n<li>El colectivo Memorias a la Deriva fue encargado de abrir tres d\u00edas de competencia po\u00e9tica con una funci\u00f3n interactiva en la que cinco artistas de diferentes disciplinas crearon escenas y m\u00fasica en vivo concebidas de historias contadas por el p\u00fablico.<br aria-hidden=\"true\" \/><\/li>\n<li>El Museo Pante\u00f3n San Fernando, el Foro Cultural Hilvana y el Museo Universitario del Chopo son las sedes en las que poetas de diversos estados del pa\u00eds se enfrentar\u00e1n en un ejercicio democr\u00e1tico del arte en el que el p\u00fablico es el jurado calificador.<br aria-hidden=\"true\" \/><\/li>\n<li>El ganador del Slam Nacional MX consigue un boleto para competir en 2023 en la Copa Latinoamericana Abya Yala Poetry Slam en la que participan poetas de 13 pa\u00edses.<\/li>\n<\/ul>\n<p>Este jueves se inaugur\u00f3 en el\u00a0<strong>Museo Pante\u00f3n San Fernando<\/strong>\u00a0, perteneciente a la\u00a0<strong>Secretar\u00eda de Cultura de la Ciudad de M\u00e9xico<\/strong>\u00a0, la cuarta edici\u00f3n del\u00a0<strong>Slam Nacional MX<\/strong>\u00a0de poes\u00eda con una funci\u00f3n de teatro espont\u00e1neo a cargo del colectivo\u00a0<strong>Memorias a la Deriva<\/strong>\u00a0y que abri\u00f3 camino a tres d\u00edas de competencia entre poetas de diversos estados del pa\u00eds que se dieron cita en la capital para ser part\u00edcipes de este gran evento cultural.<br aria-hidden=\"true\" \/>\u00a0<br aria-hidden=\"true\" \/>Liz Et Al, miembro de Memorias a la Deriva, que tambi\u00e9n fungir\u00e1 como conductora del Slam Nacional MX, asegur\u00f3 que se trata de la primera vez que \u00e9ste arranca con una expresi\u00f3n como el teatro espont\u00e1neo.<br aria-hidden=\"true\" \/>\u00a0<br aria-hidden=\"true\" \/>\u201cAmbos tienen que ver mucho con esta perspectiva que tenemos nosotros del arte, y por eso propuse iniciar con una funci\u00f3n que nos hizo sentir m\u00e1s cerca con el p\u00fablico y los mismos poetas\u201d, dijo.<br aria-hidden=\"true\" \/>\u00a0<br aria-hidden=\"true\" \/>El colectivo multidisciplinario compuesto por Liz, Ingrid, Shanad, Deni y Julieta realiz\u00f3 una funci\u00f3n interactiva en la que invit\u00f3 al p\u00fablico a contar historias en torno a su sentir con relaci\u00f3n al arte y su vida diaria, creando a partir de ello escenas y m\u00fasica improvisadas que dieron vida a esas emociones.<br aria-hidden=\"true\" \/>\u00a0<br aria-hidden=\"true\" \/>\u201cTiene el prop\u00f3sito de que las personas y las historias sean honradas para tambi\u00e9n para dignificar las narraciones personales.\u00a0Nosotras creemos que lo peque\u00f1o y lo cotidiano son parte de algo muy grande\u201d, expres\u00f3 Liz.<br aria-hidden=\"true\" \/>\u00a0<br aria-hidden=\"true\" \/>As\u00ed fue como oficialmente comenz\u00f3 la cuarta edici\u00f3n del Slam Nacional MX en la que poetas de todo el pa\u00eds competir\u00e1n entre s\u00ed durante dos d\u00edas de semifinales para llegar al s\u00e1bado 26 de noviembre a una final en la que uno de ellos se coronar\u00e1 en el Museo Universitario del Chopo.<br aria-hidden=\"true\" \/>\u00a0<br aria-hidden=\"true\" \/>Se trata de una competencia de poes\u00eda en voz alta en la que los artistas se enfrentan uno a uno tomando el control del micr\u00f3fono durante tres minutos, ya sea con creaciones realizadas con anticipaci\u00f3n o improvisando, que son calificadas del cero al 10 por un jurado elegido de entre el p\u00fablico totalmente al azar.<br aria-hidden=\"true\" \/>\u00a0<br aria-hidden=\"true\" \/>\u201cEsto es porque se califican cosas muy subjetivas, como cu\u00e1l es el poema con el que hiciste m\u00e1s clic.\u00a0Todas las jugadoras y players est\u00e1n de acuerdo que las calificaciones sean otorgadas de este modo con la premisa de que el objetivo de esta competencia es la comuna\u201d, explic\u00f3 Canuto Rold\u00e1n, organizador del evento y miembro del Circuito Nacional Poetry Slam MX.<br aria-hidden=\"true\" \/>\u00a0<br aria-hidden=\"true\" \/>Rold\u00e1n califica al slam como una utop\u00eda democr\u00e1tica en la que los artistas se llevan como premio \u201cel afecto colectivo y la escucha radical, pues se van a decir cosas que incomoden como la materializaci\u00f3n de la lucha de clases en donde habr\u00e1 posiciones encontradas\u201d, adem\u00e1s de la oportunidad para el ganador de competir el pr\u00f3ximo a\u00f1o en la Copa Latinoamericana Abya Yala Poetry Slam en la que participar\u00e1n poetas de 13 pa\u00edses.<br aria-hidden=\"true\" \/>\u00a0<br aria-hidden=\"true\" \/>Durante los primeros dos d\u00edas de semifinales, este jueves en el Museo Pante\u00f3n San Fernando y el viernes en el Foro Cultural Hilvana, los slammers Lino, Zandy Nova, La G\u00fbera, Gaby Rojas, Palabras, Dulcesito de Mazap\u00e1n, Jorge L\u00f3pez, Karisauria, Tezozomoc , EMMH y Christo H\u00e9lena se batir\u00e1n a duelo po\u00e9tico para llegar a la final el s\u00e1bado en el Foro del Dinosaurio del Museo Universitario del Chopo.<br aria-hidden=\"true\" \/>\u00a0<br aria-hidden=\"true\" \/>Esta cuarta edici\u00f3n del Slam Nacional MX tendr\u00e1 tambi\u00e9n poetas invitados y presentaciones musicales como Fania Delena, Juan Sant, La Fina y Hebe Rosell para abonar a la poes\u00eda con otras expresiones art\u00edsticas;\u00a0el programa completo puede ser consultado en la p\u00e1gina del Circuito Nacional Poetry Slam MX (\u00a0<a href=\"https:\/\/gob.us21.list-manage.com\/track\/click?u=24ab1d8cf82850533a5af327c&amp;id=6167c7eadf&amp;e=4fe2704bc3\" target=\"_blank\" rel=\"noopener noreferrer\" data-auth=\"NotApplicable\" data-linkindex=\"0\">https:\/\/www.poetryslammexico.com\/programaci%C3%B3n-2021<\/a>\u00a0).<br aria-hidden=\"true\" \/>\u00a0<br aria-hidden=\"true\" \/>Para conocer el programa completo del Encuentro Nacional de Danza y todas las actividades de la\u00a0\u00a0<strong>Secretar\u00eda de Cultura\u00a0\u00a0<\/strong><strong>capitalina<\/strong>\u00a0\u00a0se puede consultar la\u00a0<strong>Cartelera de la Ciudad de M\u00e9xico<\/strong>\u00a0(<a href=\"https:\/\/gob.us21.list-manage.com\/track\/click?u=24ab1d8cf82850533a5af327c&amp;id=1a38377a30&amp;e=4fe2704bc3\" target=\"_blank\" rel=\"noopener noreferrer\" data-auth=\"NotApplicable\" data-linkindex=\"1\">https:\/\/cartelera.cdmx.gob.mx\/<\/a>) ya trav\u00e9s de sus redes sociales : Facebook, Twitter, Instagram y Youtube.<\/p>\n<p>[\/fusion_text][fusion_imageframe image_id=&#8221;48134|medium&#8221; max_width=&#8221;&#8221; style_type=&#8221;&#8221; blur=&#8221;&#8221; stylecolor=&#8221;&#8221; hover_type=&#8221;none&#8221; bordersize=&#8221;&#8221; bordercolor=&#8221;&#8221; borderradius=&#8221;&#8221; align=&#8221;none&#8221; lightbox=&#8221;no&#8221; gallery_id=&#8221;&#8221; lightbox_image=&#8221;&#8221; lightbox_image_id=&#8221;&#8221; alt=&#8221;&#8221; link=&#8221;&#8221; linktarget=&#8221;_self&#8221; hide_on_mobile=&#8221;small-visibility,medium-visibility,large-visibility&#8221; class=&#8221;&#8221; id=&#8221;&#8221; animation_type=&#8221;&#8221; animation_direction=&#8221;left&#8221; animation_speed=&#8221;0.3&#8243; animation_offset=&#8221;&#8221;]https:\/\/www.bitacoracdmx.com\/wp-content\/uploads\/2022\/11\/5c8dcce0-9a46-13d0-aed2-b2052f312a4a-300&#215;200.jpg[\/fusion_imageframe][\/fusion_builder_column][\/fusion_builder_row][\/fusion_builder_container]<\/p>\n","protected":false},"excerpt":{"rendered":"<p>[fusion_builder_container hundred_percent=&#8221;no&#8221; equal_height_columns=&#8221;no&#8221; menu_anchor=&#8221;&#8221; hide_on_mobile=&#8221;small-visibility,medium-visibility,large-visibility&#8221; class=&#8221;&#8221; id=&#8221;&#8221; background_color=&#8221;&#8221; background_image=&#8221;&#8221; background_position=&#8221;center center&#8221; background_repeat=&#8221;no-repeat&#8221; fade=&#8221;no&#8221; background_parallax=&#8221;none&#8221; parallax_speed=&#8221;0.3&#8243; video_mp4=&#8221;&#8221; video_webm=&#8221;&#8221; video_ogv=&#8221;&#8221; video_url=&#8221;&#8221; video_aspect_ratio=&#8221;16:9&#8243; video_loop=&#8221;yes&#8221; video_mute=&#8221;yes&#8221; overlay_color=&#8221;&#8221; video_preview_image=&#8221;&#8221; border_size=&#8221;&#8221; border_color=&#8221;&#8221; border_style=&#8221;solid&#8221; padding_top=&#8221;&#8221; padding_bottom=&#8221;&#8221; padding_left=&#8221;&#8221; padding_right=&#8221;&#8221;][fusion_builder_row][fusion_builder_column type=&#8221;1_1&#8243; layout=&#8221;1_1&#8243; background_position=&#8221;left top&#8221; background_color=&#8221;&#8221; border_size=&#8221;&#8221; border_color=&#8221;&#8221; border_style=&#8221;solid&#8221; border_position=&#8221;all&#8221; spacing=&#8221;yes&#8221; background_image=&#8221;&#8221; background_repeat=&#8221;no-repeat&#8221; padding_top=&#8221;&#8221; padding_right=&#8221;&#8221; padding_bottom=&#8221;&#8221; padding_left=&#8221;&#8221; margin_top=&#8221;0px&#8221; margin_bottom=&#8221;0px&#8221; class=&#8221;&#8221; id=&#8221;&#8221; animation_type=&#8221;&#8221; animation_speed=&#8221;0.3&#8243; animation_direction=&#8221;left&#8221; hide_on_mobile=&#8221;small-visibility,medium-visibility,large-visibility&#8221; center_content=&#8221;no&#8221; last=&#8221;no&#8221; min_height=&#8221;&#8221; hover_type=&#8221;none&#8221; link=&#8221;&#8221;][fusion_text] REDACCI\u00d3N El colectivo Memorias a la Deriva fue encargado de abrir tres d\u00edas de competencia po\u00e9tica con una funci\u00f3n interactiva en la que cinco artistas de diferentes disciplinas crearon escenas y m\u00fasica en vivo concebidas de historias contadas por el [&hellip;]<\/p>\n","protected":false},"author":1,"featured_media":48134,"comment_status":"open","ping_status":"open","sticky":false,"template":"","format":"standard","meta":{"footnotes":""},"categories":[5,9],"tags":[],"_links":{"self":[{"href":"https:\/\/www.bitacoracdmx.com\/index.php?rest_route=\/wp\/v2\/posts\/48133"}],"collection":[{"href":"https:\/\/www.bitacoracdmx.com\/index.php?rest_route=\/wp\/v2\/posts"}],"about":[{"href":"https:\/\/www.bitacoracdmx.com\/index.php?rest_route=\/wp\/v2\/types\/post"}],"author":[{"embeddable":true,"href":"https:\/\/www.bitacoracdmx.com\/index.php?rest_route=\/wp\/v2\/users\/1"}],"replies":[{"embeddable":true,"href":"https:\/\/www.bitacoracdmx.com\/index.php?rest_route=%2Fwp%2Fv2%2Fcomments&post=48133"}],"version-history":[{"count":1,"href":"https:\/\/www.bitacoracdmx.com\/index.php?rest_route=\/wp\/v2\/posts\/48133\/revisions"}],"predecessor-version":[{"id":48135,"href":"https:\/\/www.bitacoracdmx.com\/index.php?rest_route=\/wp\/v2\/posts\/48133\/revisions\/48135"}],"wp:featuredmedia":[{"embeddable":true,"href":"https:\/\/www.bitacoracdmx.com\/index.php?rest_route=\/wp\/v2\/media\/48134"}],"wp:attachment":[{"href":"https:\/\/www.bitacoracdmx.com\/index.php?rest_route=%2Fwp%2Fv2%2Fmedia&parent=48133"}],"wp:term":[{"taxonomy":"category","embeddable":true,"href":"https:\/\/www.bitacoracdmx.com\/index.php?rest_route=%2Fwp%2Fv2%2Fcategories&post=48133"},{"taxonomy":"post_tag","embeddable":true,"href":"https:\/\/www.bitacoracdmx.com\/index.php?rest_route=%2Fwp%2Fv2%2Ftags&post=48133"}],"curies":[{"name":"wp","href":"https:\/\/api.w.org\/{rel}","templated":true}]}}