{"id":48481,"date":"2022-12-14T01:54:02","date_gmt":"2022-12-14T01:54:02","guid":{"rendered":"https:\/\/www.bitacoracdmx.com\/?p=48481"},"modified":"2022-12-14T01:54:02","modified_gmt":"2022-12-14T01:54:02","slug":"ultimas-semanas-de-vine-a-decir-adios-un-viaje-alucinante-por-las-emociones-y-las-despedidas","status":"publish","type":"post","link":"https:\/\/www.bitacoracdmx.com\/?p=48481","title":{"rendered":"\u00daltimas semanas de Vine a decir adi\u00f3s, un viaje alucinante por las emociones y las despedidas."},"content":{"rendered":"<p>[fusion_builder_container hundred_percent=&#8221;no&#8221; equal_height_columns=&#8221;no&#8221; menu_anchor=&#8221;&#8221; hide_on_mobile=&#8221;small-visibility,medium-visibility,large-visibility&#8221; class=&#8221;&#8221; id=&#8221;&#8221; background_color=&#8221;&#8221; background_image=&#8221;&#8221; background_position=&#8221;center center&#8221; background_repeat=&#8221;no-repeat&#8221; fade=&#8221;no&#8221; background_parallax=&#8221;none&#8221; parallax_speed=&#8221;0.3&#8243; video_mp4=&#8221;&#8221; video_webm=&#8221;&#8221; video_ogv=&#8221;&#8221; video_url=&#8221;&#8221; video_aspect_ratio=&#8221;16:9&#8243; video_loop=&#8221;yes&#8221; video_mute=&#8221;yes&#8221; overlay_color=&#8221;&#8221; video_preview_image=&#8221;&#8221; border_size=&#8221;&#8221; border_color=&#8221;&#8221; border_style=&#8221;solid&#8221; padding_top=&#8221;&#8221; padding_bottom=&#8221;&#8221; padding_left=&#8221;&#8221; padding_right=&#8221;&#8221;][fusion_builder_row][fusion_builder_column type=&#8221;1_1&#8243; layout=&#8221;1_1&#8243; background_position=&#8221;left top&#8221; background_color=&#8221;&#8221; border_size=&#8221;&#8221; border_color=&#8221;&#8221; border_style=&#8221;solid&#8221; border_position=&#8221;all&#8221; spacing=&#8221;yes&#8221; background_image=&#8221;&#8221; background_repeat=&#8221;no-repeat&#8221; padding_top=&#8221;&#8221; padding_right=&#8221;&#8221; padding_bottom=&#8221;&#8221; padding_left=&#8221;&#8221; margin_top=&#8221;0px&#8221; margin_bottom=&#8221;0px&#8221; class=&#8221;&#8221; id=&#8221;&#8221; animation_type=&#8221;&#8221; animation_speed=&#8221;0.3&#8243; animation_direction=&#8221;left&#8221; hide_on_mobile=&#8221;small-visibility,medium-visibility,large-visibility&#8221; center_content=&#8221;no&#8221; last=&#8221;no&#8221; min_height=&#8221;&#8221; hover_type=&#8221;none&#8221; link=&#8221;&#8221;][fusion_text]<\/p>\n<p>REDACCI\u00d3N<\/p>\n<p>&#8211; La primera versi\u00f3n de Vine A Decir Adi\u00f3s, texto original del Dramaturgo Juan Cabello, se estren\u00f3 en China en el 2017.<\/p>\n<p>Vine A Decir Adi\u00f3s se despide del Foro Lucerna. Esta obra alucinante, donde las despedidas y los reencuentros se vuelven el eje central en la traves\u00eda de May esta por terminar su temporada. A May, \u00e9sta ma\u00f1ana le fue revelado un secreto, una especie de aullido se form\u00f3 en sus entra\u00f1as y empez\u00f3 a correr: cruz\u00f3 parques, avenidas, plazas y continentes hasta llegar al conf\u00edn de los tiempos en busca de la verdad: \u00bfsu padre vive todav\u00eda? Vine a Decir Adi\u00f3s gira en torno al viaje que emprende May para encontrar respuestas de su pasado y con ello pertenencia, identidad. Un viaje a un mundo peculiar que le exige dar un salto profundo al interior para encontrar su lugar.<\/p>\n<p class=\"x_MsoNormal\">\u201cLa obra habla de c\u00f3mo nos configuramos a partir de las relaciones familiares. Es una b\u00fasqueda de pertenencia, de identidad. Al final todos los seres humanos, tarde o temprano, emprendemos ese viaje. La obra nos invita a reconciliarnos con nuestro pasado, nuestras relaciones y con nosotros mismos.\u201d Comenta la directora y productora de Vine A Decir Adi\u00f3s, Geralldy N\u00e1jera.<\/p>\n<p class=\"x_MsoNormal\">El dramaturgo y tambi\u00e9n productor, Juan Cabello, comenta: \u201cLa protagonista de la obra es May Yun: una chica asi\u00e1tica que emprende un viaje para encontrar respuestas, s\u00f3lo que no sospecha hasta qu\u00e9 mundos va a llegar. Vine a Decir Adi\u00f3s es un salto de fe y confianza a lo desconocido. La obra nos recuerda un viaje como el de Alicia en el Pa\u00eds de las Maravillas, donde todo se est\u00e1 transformando continuamente. Ha sido un proyecto muy \u00edntimo y muy retador, pero muy gozoso. Me conmueve lo que han logrado los equipos creativos y el elenco.\u201d<\/p>\n<p class=\"x_MsoNormal\">Algo que sorprende sobre este proyecto es que, aunque este d\u00fao teatrero trabaja de la mano en Nocturno Teatro, \u00e9sta es la primera vez que lo hacen bajo esta configuraci\u00f3n: con N\u00e1jera en la direcci\u00f3n y Cabello en la dramaturgia. \u201cCreo que es una combinaci\u00f3n muy especial, Gerall entiende mis textos, a veces mejor que yo. El di\u00e1logo creativo que tenemos nos permite llevar las propuestas del otro a un lugar m\u00e1s sutil, m\u00e1s luminoso. Es un proyecto que se ha tejido con mucho di\u00e1logo, cuidado y mucha libertad.\u201d Dice Juan Cabello.<\/p>\n<p class=\"x_MsoNormal\">Geralldy N\u00e1jera, nos habla de los procesos de NT: \u201cLos proyectos que generamos desde Nocturno Teatro son muy personales, en parte la compa\u00f1\u00eda surgi\u00f3 con el fin de poder dar expresiones nuestras inquietudes creativas. Pienso que el hechizo est\u00e1 puesto desde el texto y se ha potenciado con el fuego de la intenci\u00f3n de cada integrante del proyecto, para quienes \u00e9sta obra se ha vuelto igual de personal.\u201d<\/p>\n<p class=\"x_MsoNormal\">La experiencia visual, sonora y emotiva que presenta Nocturno Teatro, es delirante, esto es gracias a todo el elenco y equipo creativo que fue minuciosamente seleccionado por los productores: \u201cYo quer\u00eda hacer una obra donde los actores, la directora, el equipo creativo explotaran su imaginaci\u00f3n al mil y tuvieran elementos para jugar y divertirse con los recursos teatrales\u201d, puntualiza el dramaturgo. El elenco est\u00e1 constituido por Muriel Ricard, Sof\u00eda Sylwin, Anil\u00fa Pardo, \u00c1ngel Lara y Arturo Reyes. El equipo creativo, por su lado: Dise\u00f1o de escenograf\u00eda e iluminaci\u00f3n por Mauricio Ascencio, Dise\u00f1o de Vestuario por Airam Castillo, Dise\u00f1o Sonoro a cargo de Fernando Sisniega y Dise\u00f1o Gr\u00e1fico en manos de H\u00e9ctor Ortega.<\/p>\n<p class=\"x_MsoNormal\">Vine A Decir Adi\u00f3s concluye el 18 de diciembre en el Foro Lucerna del Teatro Mil\u00e1n, ubicado en la calle Lucerna, n\u00famero 64 de la colonia Ju\u00e1rez en la alcald\u00eda Cuauht\u00e9moc en la Ciudad de M\u00e9xico.<\/p>\n<p class=\"x_MsoNormal\">La producci\u00f3n y estreno de esta obra corre a cargo de Nocturno Teatro y es posible gracias al est\u00edmulo fiscal EFIArtes y Asur.<\/p>\n<p class=\"x_MsoNormal\">Los boletos para poder disfrutar de Vine a Decir Adi\u00f3s est\u00e1n disponibles a trav\u00e9s del sistema ticketmaster o en taquillas del Foro Lucerna.<\/p>\n<p class=\"x_MsoNormal\"><b>Acerca de Nocturno Teatro.<\/b><\/p>\n<p class=\"x_MsoNormal\">Nocturno Teatro es una compa\u00f1\u00eda experta en la creaci\u00f3n y producci\u00f3n de espect\u00e1culos esc\u00e9nicos, con 14 a\u00f1os de trayectoria. Sus puestas en escena m\u00e1s exitosas han sido: Ernest<span class=\"x_gmail_default\">\u00a0<\/span>y Bottom direcci\u00f3n y dramaturgia de Geralldy N\u00e1jera, S\u00f3lo quiero Hacerte Feliz de A. Ayckbourn dirigida por Juan R\u00edos Cant\u00fa, Happy de Robert Caisley dirigida por Ang\u00e9lica Rogel, Noche de Reyes de W. Shakespeare dirigida por Alonso \u00cd\u00f1iguez; El Cuerpo de Mercutio escrita y dirigida por Juan Cabello, La Ilusi\u00f3n de Corneille, dirigida por Mauricio Garc\u00eda Lozano, entre otras.<\/p>\n<p>[\/fusion_text][fusion_imageframe image_id=&#8221;48483|medium&#8221; max_width=&#8221;&#8221; style_type=&#8221;&#8221; blur=&#8221;&#8221; stylecolor=&#8221;&#8221; hover_type=&#8221;none&#8221; bordersize=&#8221;&#8221; bordercolor=&#8221;&#8221; borderradius=&#8221;&#8221; align=&#8221;none&#8221; lightbox=&#8221;no&#8221; gallery_id=&#8221;&#8221; lightbox_image=&#8221;&#8221; lightbox_image_id=&#8221;&#8221; alt=&#8221;&#8221; link=&#8221;&#8221; linktarget=&#8221;_self&#8221; hide_on_mobile=&#8221;small-visibility,medium-visibility,large-visibility&#8221; class=&#8221;&#8221; id=&#8221;&#8221; animation_type=&#8221;&#8221; animation_direction=&#8221;left&#8221; animation_speed=&#8221;0.3&#8243; animation_offset=&#8221;&#8221;]https:\/\/www.bitacoracdmx.com\/wp-content\/uploads\/2022\/12\/Cartel-Vine-A-Decir-Adios-1-232&#215;300.jpeg[\/fusion_imageframe][\/fusion_builder_column][\/fusion_builder_row][\/fusion_builder_container]<\/p>\n","protected":false},"excerpt":{"rendered":"<p>[fusion_builder_container hundred_percent=&#8221;no&#8221; equal_height_columns=&#8221;no&#8221; menu_anchor=&#8221;&#8221; hide_on_mobile=&#8221;small-visibility,medium-visibility,large-visibility&#8221; class=&#8221;&#8221; id=&#8221;&#8221; background_color=&#8221;&#8221; background_image=&#8221;&#8221; background_position=&#8221;center center&#8221; background_repeat=&#8221;no-repeat&#8221; fade=&#8221;no&#8221; background_parallax=&#8221;none&#8221; parallax_speed=&#8221;0.3&#8243; video_mp4=&#8221;&#8221; video_webm=&#8221;&#8221; video_ogv=&#8221;&#8221; video_url=&#8221;&#8221; video_aspect_ratio=&#8221;16:9&#8243; video_loop=&#8221;yes&#8221; video_mute=&#8221;yes&#8221; overlay_color=&#8221;&#8221; video_preview_image=&#8221;&#8221; border_size=&#8221;&#8221; border_color=&#8221;&#8221; border_style=&#8221;solid&#8221; padding_top=&#8221;&#8221; padding_bottom=&#8221;&#8221; padding_left=&#8221;&#8221; padding_right=&#8221;&#8221;][fusion_builder_row][fusion_builder_column type=&#8221;1_1&#8243; layout=&#8221;1_1&#8243; background_position=&#8221;left top&#8221; background_color=&#8221;&#8221; border_size=&#8221;&#8221; border_color=&#8221;&#8221; border_style=&#8221;solid&#8221; border_position=&#8221;all&#8221; spacing=&#8221;yes&#8221; background_image=&#8221;&#8221; background_repeat=&#8221;no-repeat&#8221; padding_top=&#8221;&#8221; padding_right=&#8221;&#8221; padding_bottom=&#8221;&#8221; padding_left=&#8221;&#8221; margin_top=&#8221;0px&#8221; margin_bottom=&#8221;0px&#8221; class=&#8221;&#8221; id=&#8221;&#8221; animation_type=&#8221;&#8221; animation_speed=&#8221;0.3&#8243; animation_direction=&#8221;left&#8221; hide_on_mobile=&#8221;small-visibility,medium-visibility,large-visibility&#8221; center_content=&#8221;no&#8221; last=&#8221;no&#8221; min_height=&#8221;&#8221; hover_type=&#8221;none&#8221; link=&#8221;&#8221;][fusion_text] REDACCI\u00d3N &#8211; La primera versi\u00f3n de Vine A Decir Adi\u00f3s, texto original del Dramaturgo Juan Cabello, se estren\u00f3 en China en el 2017. Vine A Decir Adi\u00f3s se despide del Foro Lucerna. Esta obra alucinante, donde las despedidas y los [&hellip;]<\/p>\n","protected":false},"author":1,"featured_media":48483,"comment_status":"open","ping_status":"open","sticky":false,"template":"","format":"standard","meta":{"footnotes":""},"categories":[9,14],"tags":[],"_links":{"self":[{"href":"https:\/\/www.bitacoracdmx.com\/index.php?rest_route=\/wp\/v2\/posts\/48481"}],"collection":[{"href":"https:\/\/www.bitacoracdmx.com\/index.php?rest_route=\/wp\/v2\/posts"}],"about":[{"href":"https:\/\/www.bitacoracdmx.com\/index.php?rest_route=\/wp\/v2\/types\/post"}],"author":[{"embeddable":true,"href":"https:\/\/www.bitacoracdmx.com\/index.php?rest_route=\/wp\/v2\/users\/1"}],"replies":[{"embeddable":true,"href":"https:\/\/www.bitacoracdmx.com\/index.php?rest_route=%2Fwp%2Fv2%2Fcomments&post=48481"}],"version-history":[{"count":1,"href":"https:\/\/www.bitacoracdmx.com\/index.php?rest_route=\/wp\/v2\/posts\/48481\/revisions"}],"predecessor-version":[{"id":48484,"href":"https:\/\/www.bitacoracdmx.com\/index.php?rest_route=\/wp\/v2\/posts\/48481\/revisions\/48484"}],"wp:featuredmedia":[{"embeddable":true,"href":"https:\/\/www.bitacoracdmx.com\/index.php?rest_route=\/wp\/v2\/media\/48483"}],"wp:attachment":[{"href":"https:\/\/www.bitacoracdmx.com\/index.php?rest_route=%2Fwp%2Fv2%2Fmedia&parent=48481"}],"wp:term":[{"taxonomy":"category","embeddable":true,"href":"https:\/\/www.bitacoracdmx.com\/index.php?rest_route=%2Fwp%2Fv2%2Fcategories&post=48481"},{"taxonomy":"post_tag","embeddable":true,"href":"https:\/\/www.bitacoracdmx.com\/index.php?rest_route=%2Fwp%2Fv2%2Ftags&post=48481"}],"curies":[{"name":"wp","href":"https:\/\/api.w.org\/{rel}","templated":true}]}}