{"id":48570,"date":"2022-12-17T04:55:53","date_gmt":"2022-12-17T04:55:53","guid":{"rendered":"https:\/\/www.bitacoracdmx.com\/?p=48570"},"modified":"2022-12-17T04:55:53","modified_gmt":"2022-12-17T04:55:53","slug":"reabre-la-maqueta-interactiva-de-la-ciudad-de-mexico","status":"publish","type":"post","link":"https:\/\/www.bitacoracdmx.com\/?p=48570","title":{"rendered":"Reabre LA MAQUETA INTERACTIVA de la  CIUDAD DE M\u00c9XICO"},"content":{"rendered":"<p>[fusion_builder_container hundred_percent=&#8221;no&#8221; equal_height_columns=&#8221;no&#8221; menu_anchor=&#8221;&#8221; hide_on_mobile=&#8221;small-visibility,medium-visibility,large-visibility&#8221; class=&#8221;&#8221; id=&#8221;&#8221; background_color=&#8221;&#8221; background_image=&#8221;&#8221; background_position=&#8221;center center&#8221; background_repeat=&#8221;no-repeat&#8221; fade=&#8221;no&#8221; background_parallax=&#8221;none&#8221; parallax_speed=&#8221;0.3&#8243; video_mp4=&#8221;&#8221; video_webm=&#8221;&#8221; video_ogv=&#8221;&#8221; video_url=&#8221;&#8221; video_aspect_ratio=&#8221;16:9&#8243; video_loop=&#8221;yes&#8221; video_mute=&#8221;yes&#8221; overlay_color=&#8221;&#8221; video_preview_image=&#8221;&#8221; border_size=&#8221;&#8221; border_color=&#8221;&#8221; border_style=&#8221;solid&#8221; padding_top=&#8221;&#8221; padding_bottom=&#8221;&#8221; padding_left=&#8221;&#8221; padding_right=&#8221;&#8221;][fusion_builder_row][fusion_builder_column type=&#8221;1_1&#8243; layout=&#8221;1_1&#8243; background_position=&#8221;left top&#8221; background_color=&#8221;&#8221; border_size=&#8221;&#8221; border_color=&#8221;&#8221; border_style=&#8221;solid&#8221; border_position=&#8221;all&#8221; spacing=&#8221;yes&#8221; background_image=&#8221;&#8221; background_repeat=&#8221;no-repeat&#8221; padding_top=&#8221;&#8221; padding_right=&#8221;&#8221; padding_bottom=&#8221;&#8221; padding_left=&#8221;&#8221; margin_top=&#8221;0px&#8221; margin_bottom=&#8221;0px&#8221; class=&#8221;&#8221; id=&#8221;&#8221; animation_type=&#8221;&#8221; animation_speed=&#8221;0.3&#8243; animation_direction=&#8221;left&#8221; hide_on_mobile=&#8221;small-visibility,medium-visibility,large-visibility&#8221; center_content=&#8221;no&#8221; last=&#8221;no&#8221; min_height=&#8221;&#8221; hover_type=&#8221;none&#8221; link=&#8221;&#8221;][fusion_text]<\/p>\n<p>REDACCI\u00d3N<\/p>\n<ul>\n<li>Tras un periodo de actualizaci\u00f3n y mantenimiento, la gran maqueta de la ciudad vuelve a recibir al p\u00fablico de lunes a viernes de 10:00 a 15:00 horas.<br aria-hidden=\"true\" \/><\/li>\n<li>Las y los visitantes pueden disfrutar a las 10:00 y a las 14:00 horas de los\u00a0<em>videomappings<\/em>\u00a0&#8220;M\u00e9xico Tenochtitl\u00e1n el imperio de los lagos&#8221;, &#8220;Latido milenario&#8221;, &#8220;Agua en la ciudad&#8221; y &#8220;Movilidad integral y sustentable de la Ciudad de M\u00e9xico&#8221;.<\/li>\n<\/ul>\n<p>La\u00a0<strong>Agencia Digital de Innovaci\u00f3n P\u00fablica<\/strong>\u00a0(ADIP) en colaboraci\u00f3n con la\u00a0<strong>Secretar\u00eda de Cultura capitalina<\/strong>\u00a0vuelven a poner a disposici\u00f3n del p\u00fablico la\u00a0<strong>Maqueta Interactiva Ciudad de M\u00e9xico,\u00a0<\/strong>que ofrece un viaje hist\u00f3rico por el desarrollo y crecimiento de la metr\u00f3poli.<br aria-hidden=\"true\" \/>\u00a0<br aria-hidden=\"true\" \/>El acto de reapertura cont\u00f3 con la presencia de la secretaria de Cultura de la Ciudad de M\u00e9xico, Claudia Curiel de Icaza, y del titular de la ADIP, Jos\u00e9 Antonio Pe\u00f1a Merino, en compa\u00f1\u00eda de Javier Mart\u00ednez Ram\u00edrez, director general de Patrimonio Hist\u00f3rico, Art\u00edstico y Cultural, de esta dependencia, quienes resaltaron la importancia de este proyecto para la ciudadan\u00eda y diversas instituciones.<br aria-hidden=\"true\" \/>\u00a0<br aria-hidden=\"true\" \/>&#8220;La Agencia es un espacio que brinda apoyo a muchas \u00e1reas del gobierno de la ciudad de M\u00e9xico por qu\u00e9 esta maqueta nos da la oportunidad de revisar el pasado y el presente de esta gran urbe y es una gran oportunidad tambi\u00e9n de conocer a nuestra ciudad a trav\u00e9s de estos\u00a0<em>videomappings<\/em>&#8220;, extern\u00f3 Mart\u00ednez Ram\u00edrez.<br aria-hidden=\"true\" \/>\u00a0<br aria-hidden=\"true\" \/>El espacio, que cerr\u00f3 sus puertas en febrero de 2019, ha sido intervenido desde la Agencia con trabajos de mantenimiento al sistema de aire acondicionado, iluminaci\u00f3n, fachada del edificio, sanitarios, bomba de agua y a los protectores, mientras la Secretar\u00eda de Cultura local ha colaborado con la actualizaci\u00f3n de los contenidos audiovisuales, la creaci\u00f3n del nuevo material de movilidad, actualizaci\u00f3n de materiales gr\u00e1ficos, limpieza y mantenimiento a la maqueta, as\u00ed como con un programa de atenci\u00f3n a grupos.<br aria-hidden=\"true\" \/>\u00a0<br aria-hidden=\"true\" \/>Durante esta nueva apertura el p\u00fablico pudo disfrutar de esta maqueta que recrea a escala la urbe y a trav\u00e9s de las proyecciones de estos\u00a0<em>videomappings<\/em>\u00a0brinda la oportunidad de apreciar la configuraci\u00f3n, la infraestructura, el desarrollo y el crecimiento urbano, producto de su gran densidad poblacional y servicios requeridos.<br aria-hidden=\"true\" \/>\u00a0<br aria-hidden=\"true\" \/>Con dos proyecciones al d\u00eda sobre la maqueta, a las 10:00 y a las 14:00 horas, el p\u00fablico puede disfrutar de los\u00a0<em>videomappings<\/em>\u00a0&#8220;M\u00e9xico Tenochtitl\u00e1n: el imperio de los lagos&#8221;, que explica de manera innovadora el pasado nahua, tolteca-chichimeca, y mexica de esta gran urbe, as\u00ed como &#8220;Latido milenario&#8221;, &#8220;Agua en la ciudad&#8221; y &#8220;Movilidad integral y sustentable de la Ciudad de M\u00e9xico&#8221;, que permiten conocer el crecimiento y desarrollo de la ciudad.<br aria-hidden=\"true\" \/>\u00a0<br aria-hidden=\"true\" \/>La Maqueta Interactiva Ciudad de M\u00e9xico est\u00e1 disponible en la Agencia Digital de Innovaci\u00f3n P\u00fablica (ADIP) ubicada en Plaza de las Vizca\u00ednas 30, Colonia Centro, con un horario de atenci\u00f3n de lunes a viernes de 10:00 a 15:00 horas y s\u00e1bados con previa cita.<br aria-hidden=\"true\" \/>\u00a0<br aria-hidden=\"true\" \/>Las actividades de la Secretar\u00eda de Cultura de la Ciudad de M\u00e9xico se pueden conocer en su p\u00e1gina oficial (<a href=\"https:\/\/gob.us21.list-manage.com\/track\/click?u=24ab1d8cf82850533a5af327c&amp;id=069ac6b48d&amp;e=4fe2704bc3\" target=\"_blank\" rel=\"noopener noreferrer\" data-auth=\"NotApplicable\" data-linkindex=\"0\">https:\/\/cultura.cdmx.gob.mx\/<\/a>), en la Cartelera de la Ciudad de M\u00e9xico (<a href=\"https:\/\/gob.us21.list-manage.com\/track\/click?u=24ab1d8cf82850533a5af327c&amp;id=3b3d0cd024&amp;e=4fe2704bc3\" target=\"_blank\" rel=\"noopener noreferrer\" data-auth=\"NotApplicable\" data-linkindex=\"1\">https:\/\/cartelera.cdmx.gob.mx\/<\/a>) y a trav\u00e9s de sus redes sociales en Facebook, Twitter, Instagram y YouTube).<\/p>\n<p>[\/fusion_text][fusion_imageframe image_id=&#8221;48571|medium&#8221; max_width=&#8221;&#8221; style_type=&#8221;&#8221; blur=&#8221;&#8221; stylecolor=&#8221;&#8221; hover_type=&#8221;none&#8221; bordersize=&#8221;&#8221; bordercolor=&#8221;&#8221; borderradius=&#8221;&#8221; align=&#8221;none&#8221; lightbox=&#8221;no&#8221; gallery_id=&#8221;&#8221; lightbox_image=&#8221;&#8221; lightbox_image_id=&#8221;&#8221; alt=&#8221;&#8221; link=&#8221;&#8221; linktarget=&#8221;_self&#8221; hide_on_mobile=&#8221;small-visibility,medium-visibility,large-visibility&#8221; class=&#8221;&#8221; id=&#8221;&#8221; animation_type=&#8221;&#8221; animation_direction=&#8221;left&#8221; animation_speed=&#8221;0.3&#8243; animation_offset=&#8221;&#8221;]https:\/\/www.bitacoracdmx.com\/wp-content\/uploads\/2022\/12\/67556d8d-e3dd-7cf3-916c-3500b6a54537-300&#215;200.jpeg[\/fusion_imageframe][\/fusion_builder_column][\/fusion_builder_row][\/fusion_builder_container]<\/p>\n","protected":false},"excerpt":{"rendered":"<p>[fusion_builder_container hundred_percent=&#8221;no&#8221; equal_height_columns=&#8221;no&#8221; menu_anchor=&#8221;&#8221; hide_on_mobile=&#8221;small-visibility,medium-visibility,large-visibility&#8221; class=&#8221;&#8221; id=&#8221;&#8221; background_color=&#8221;&#8221; background_image=&#8221;&#8221; background_position=&#8221;center center&#8221; background_repeat=&#8221;no-repeat&#8221; fade=&#8221;no&#8221; background_parallax=&#8221;none&#8221; parallax_speed=&#8221;0.3&#8243; video_mp4=&#8221;&#8221; video_webm=&#8221;&#8221; video_ogv=&#8221;&#8221; video_url=&#8221;&#8221; video_aspect_ratio=&#8221;16:9&#8243; video_loop=&#8221;yes&#8221; video_mute=&#8221;yes&#8221; overlay_color=&#8221;&#8221; video_preview_image=&#8221;&#8221; border_size=&#8221;&#8221; border_color=&#8221;&#8221; border_style=&#8221;solid&#8221; padding_top=&#8221;&#8221; padding_bottom=&#8221;&#8221; padding_left=&#8221;&#8221; padding_right=&#8221;&#8221;][fusion_builder_row][fusion_builder_column type=&#8221;1_1&#8243; layout=&#8221;1_1&#8243; background_position=&#8221;left top&#8221; background_color=&#8221;&#8221; border_size=&#8221;&#8221; border_color=&#8221;&#8221; border_style=&#8221;solid&#8221; border_position=&#8221;all&#8221; spacing=&#8221;yes&#8221; background_image=&#8221;&#8221; background_repeat=&#8221;no-repeat&#8221; padding_top=&#8221;&#8221; padding_right=&#8221;&#8221; padding_bottom=&#8221;&#8221; padding_left=&#8221;&#8221; margin_top=&#8221;0px&#8221; margin_bottom=&#8221;0px&#8221; class=&#8221;&#8221; id=&#8221;&#8221; animation_type=&#8221;&#8221; animation_speed=&#8221;0.3&#8243; animation_direction=&#8221;left&#8221; hide_on_mobile=&#8221;small-visibility,medium-visibility,large-visibility&#8221; center_content=&#8221;no&#8221; last=&#8221;no&#8221; min_height=&#8221;&#8221; hover_type=&#8221;none&#8221; link=&#8221;&#8221;][fusion_text] REDACCI\u00d3N Tras un periodo de actualizaci\u00f3n y mantenimiento, la gran maqueta de la ciudad vuelve a recibir al p\u00fablico de lunes a viernes de 10:00 a 15:00 horas. Las y los visitantes pueden disfrutar a las 10:00 y a las [&hellip;]<\/p>\n","protected":false},"author":1,"featured_media":48571,"comment_status":"open","ping_status":"open","sticky":false,"template":"","format":"standard","meta":{"footnotes":""},"categories":[5,4,9],"tags":[],"_links":{"self":[{"href":"https:\/\/www.bitacoracdmx.com\/index.php?rest_route=\/wp\/v2\/posts\/48570"}],"collection":[{"href":"https:\/\/www.bitacoracdmx.com\/index.php?rest_route=\/wp\/v2\/posts"}],"about":[{"href":"https:\/\/www.bitacoracdmx.com\/index.php?rest_route=\/wp\/v2\/types\/post"}],"author":[{"embeddable":true,"href":"https:\/\/www.bitacoracdmx.com\/index.php?rest_route=\/wp\/v2\/users\/1"}],"replies":[{"embeddable":true,"href":"https:\/\/www.bitacoracdmx.com\/index.php?rest_route=%2Fwp%2Fv2%2Fcomments&post=48570"}],"version-history":[{"count":1,"href":"https:\/\/www.bitacoracdmx.com\/index.php?rest_route=\/wp\/v2\/posts\/48570\/revisions"}],"predecessor-version":[{"id":48572,"href":"https:\/\/www.bitacoracdmx.com\/index.php?rest_route=\/wp\/v2\/posts\/48570\/revisions\/48572"}],"wp:featuredmedia":[{"embeddable":true,"href":"https:\/\/www.bitacoracdmx.com\/index.php?rest_route=\/wp\/v2\/media\/48571"}],"wp:attachment":[{"href":"https:\/\/www.bitacoracdmx.com\/index.php?rest_route=%2Fwp%2Fv2%2Fmedia&parent=48570"}],"wp:term":[{"taxonomy":"category","embeddable":true,"href":"https:\/\/www.bitacoracdmx.com\/index.php?rest_route=%2Fwp%2Fv2%2Fcategories&post=48570"},{"taxonomy":"post_tag","embeddable":true,"href":"https:\/\/www.bitacoracdmx.com\/index.php?rest_route=%2Fwp%2Fv2%2Ftags&post=48570"}],"curies":[{"name":"wp","href":"https:\/\/api.w.org\/{rel}","templated":true}]}}