{"id":48573,"date":"2022-12-17T05:04:02","date_gmt":"2022-12-17T05:04:02","guid":{"rendered":"https:\/\/www.bitacoracdmx.com\/?p=48573"},"modified":"2022-12-17T05:04:02","modified_gmt":"2022-12-17T05:04:02","slug":"procinecdmx-cierra-temporada-de-cine-en-tu-ciudad-con-version-restaurada-de-mecanica-nacional","status":"publish","type":"post","link":"https:\/\/www.bitacoracdmx.com\/?p=48573","title":{"rendered":"PROCINECDMX cierra temporada de \u201cCINE EN TU CIUDAD\u201d con versi\u00f3n restaurada de &#8220;MEC\u00c1NICA NACIONAL&#8221;"},"content":{"rendered":"<p>[fusion_builder_container hundred_percent=&#8221;no&#8221; equal_height_columns=&#8221;no&#8221; menu_anchor=&#8221;&#8221; hide_on_mobile=&#8221;small-visibility,medium-visibility,large-visibility&#8221; class=&#8221;&#8221; id=&#8221;&#8221; background_color=&#8221;&#8221; background_image=&#8221;&#8221; background_position=&#8221;center center&#8221; background_repeat=&#8221;no-repeat&#8221; fade=&#8221;no&#8221; background_parallax=&#8221;none&#8221; parallax_speed=&#8221;0.3&#8243; video_mp4=&#8221;&#8221; video_webm=&#8221;&#8221; video_ogv=&#8221;&#8221; video_url=&#8221;&#8221; video_aspect_ratio=&#8221;16:9&#8243; video_loop=&#8221;yes&#8221; video_mute=&#8221;yes&#8221; overlay_color=&#8221;&#8221; video_preview_image=&#8221;&#8221; border_size=&#8221;&#8221; border_color=&#8221;&#8221; border_style=&#8221;solid&#8221; padding_top=&#8221;&#8221; padding_bottom=&#8221;&#8221; padding_left=&#8221;&#8221; padding_right=&#8221;&#8221;][fusion_builder_row][fusion_builder_column type=&#8221;1_1&#8243; layout=&#8221;1_1&#8243; background_position=&#8221;left top&#8221; background_color=&#8221;&#8221; border_size=&#8221;&#8221; border_color=&#8221;&#8221; border_style=&#8221;solid&#8221; border_position=&#8221;all&#8221; spacing=&#8221;yes&#8221; background_image=&#8221;&#8221; background_repeat=&#8221;no-repeat&#8221; padding_top=&#8221;&#8221; padding_right=&#8221;&#8221; padding_bottom=&#8221;&#8221; padding_left=&#8221;&#8221; margin_top=&#8221;0px&#8221; margin_bottom=&#8221;0px&#8221; class=&#8221;&#8221; id=&#8221;&#8221; animation_type=&#8221;&#8221; animation_speed=&#8221;0.3&#8243; animation_direction=&#8221;left&#8221; hide_on_mobile=&#8221;small-visibility,medium-visibility,large-visibility&#8221; center_content=&#8221;no&#8221; last=&#8221;no&#8221; min_height=&#8221;&#8221; hover_type=&#8221;none&#8221; link=&#8221;&#8221;][fusion_text]<\/p>\n<p>REDACCI\u00d3N<\/p>\n<ul>\n<li>\u00a0La exhibici\u00f3n forma parte del festejo por los 50 a\u00f1os de la primera proyecci\u00f3n del filme de Luis Alcoriza, el cual fue restaurado por la Cineteca Nacional para la ocasi\u00f3n.\u00a0<br aria-hidden=\"true\" \/><\/li>\n<li>La cinta retrata con humor negro a la familia mexicana de los a\u00f1os 70 y dio pie al cine de autor mexicano y a la proyecci\u00f3n de actrices como Mar\u00eda Rojo, Patricia Reyes Esp\u00edndola, Delia Casanova, Lucha Villa, y actores como Ernesto G\u00f3mez Cruz y Manolo F\u00e1bregas.<\/li>\n<\/ul>\n<p>El\u00a0<strong>Fideicomiso para la Promoci\u00f3n y Desarrollo del Cine Mexicano (PROCINECDMX)<\/strong>, adscrito a la\u00a0<strong>Secretar\u00eda de Cultura de la Ciudad de M\u00e9xico<\/strong>, cerr\u00f3 su ciclo 2022 de\u00a0<strong>\u201cCine en tu Ciudad\u201d<\/strong>\u00a0con la proyecci\u00f3n de\u00a0<strong><em>Mec\u00e1nica Nacional<\/em>\u00a0de Luis Alcoriza<\/strong>, que exhibi\u00f3 este jueves su versi\u00f3n restaurada por la\u00a0<strong>Cineteca Nacional<\/strong>\u00a0a prop\u00f3sito de su 50 aniversario.<br aria-hidden=\"true\" \/>\u00a0<br aria-hidden=\"true\" \/>Considerada por cr\u00edticos y especialistas del cine como una de las pel\u00edculas ic\u00f3nicas del cine nacional, esta producci\u00f3n cuenta con las actuaciones de Manolo F\u00e1bregas, Lucha Villa, H\u00e9ctor Su\u00e1rez, Sara Garc\u00eda, Pancho C\u00f3rdova, Fabiola Falc\u00f3n, Gloria Mar\u00edn, Fernando Casanova, Alma Muriel, Patricio Castillo y Paco Ignacio Taibo I, con locaciones en la carretera libre a Cuernavaca.<br aria-hidden=\"true\" \/>\u00a0<br aria-hidden=\"true\" \/>\u201cEs un programa que PROCINECDMX ha lanzado con la misi\u00f3n de que llevemos cine a distintos puntos y rincones de la Ciudad de M\u00e9xico. Hemos dado alrededor de mil funciones este a\u00f1o, al aire libre, funciones en espacios cerrados y en espacios p\u00fablicos como el Metro,\u00a0 reclusorios y lugares para adultos mayores\u201d, dijo Elizabeth Rodr\u00edguez, coordinadora ejecutiva de Proyectos de PROCINECDMX, quien prometi\u00f3 que en 2023 habr\u00e1 m\u00e1s proyecciones de este tipo.<br aria-hidden=\"true\" \/>\u00a0<br aria-hidden=\"true\" \/>Por su parte, Jos\u00e9 Antonio Valdez, cr\u00edtico e investigador de cine, dijo que\u00a0<em>Mec\u00e1nica Nacional<\/em>\u00a0es una de las primeras pel\u00edculas que responde a un nuevo momento del cine mexicano en los a\u00f1os 70.<br aria-hidden=\"true\" \/>\u00a0<br aria-hidden=\"true\" \/>\u201cAntes hab\u00eda llegado Rodolfo Echeverr\u00eda al Banco Nacional Cinematogr\u00e1fico y \u00e9l trae una idea muy importante acerca del cine que nos va a acercar al cine de autor en el que van a brillar autores como Arturo Ripstein, Felipe Cazals y Jaime Humberto Hermosillo\u201d, expres\u00f3.<br aria-hidden=\"true\" \/>\u00a0<br aria-hidden=\"true\" \/>Indic\u00f3 que\u00a0<em>Mec\u00e1nica Nacional<\/em>\u00a0se enmarca en el nacimiento de toda una nueva generaci\u00f3n de actores como Eduardo L\u00f3pez Rojas, Ernesto G\u00f3mez Cruz, Jos\u00e9 Carlos Ruiz, Patricia Reyes Esp\u00edndola, Mar\u00eda Rojo y Delia Casanova.<br aria-hidden=\"true\" \/>\u00a0<br aria-hidden=\"true\" \/>\u201cLuis Alcoriza empez\u00f3 su carrera como actor, muy jovencito. Afortunadamente se le ocurri\u00f3 empezar a escribir historias, a escribir guiones y durante toda la \u00e9poca fue uno de los m\u00e1s importantes que tuvo una gran colaboraci\u00f3n con Luis Bu\u00f1uel como\u00a0<em>Los olvidados<\/em>,\u00a0<em>El ahijado de la muerte<\/em>,\u00a0<em>El \u00e1ngel exterminador<\/em>\u201d, dijo.<br aria-hidden=\"true\" \/>\u00a0<br aria-hidden=\"true\" \/>Celebr\u00f3 que fue un pionero en realizar un retrato social \u201ces una obra maestra del humor negro, del humor chocarrero. Es una pel\u00edcula donde los mexicanos nos vemos a trav\u00e9s de un retrato hecho con bistur\u00ed, con cincel\u201d, dijo.<br aria-hidden=\"true\" \/>\u00a0<br aria-hidden=\"true\" \/>Estrenada el 28 de diciembre de 1972 en el cine Real Cinema, se mantuvo en cartelera durante 39 semanas y fue ganadora de cinco Arieles un a\u00f1o despu\u00e9s, entre ellos \u201cMejor pel\u00edcula\u201d, \u201cMejor Direcci\u00f3n\u201d y \u201cMejor Argumento original\u201d.<br aria-hidden=\"true\" \/>\u00a0<br aria-hidden=\"true\" \/>Derivado de su \u00e9xito, se quiso trasladar a la pantalla chica un a\u00f1o despu\u00e9s, en una secuela televisiva de Telesistema Mexicano protagonizada por David Reynoso y Lucha Villa, titulada \u201cTelemec\u00e1nica nacional\u201d.<br aria-hidden=\"true\" \/>\u00a0<br aria-hidden=\"true\" \/>Como parte del proyecto de preservaci\u00f3n del cine mexicano de la Cineteca Nacional, la pel\u00edcula fue restaurada digitalmente; para ello, se escane\u00f3 en 3K la imagen del negativo original en soporte de acetato de 35mm y se restaur\u00f3 el sonido a partir de una copia en poli\u00e9ster de 35mm perteneciente al acervo de la Cineteca, complementada con el negativo original de sonido \u00f3ptico.<br aria-hidden=\"true\" \/>\u00a0<br aria-hidden=\"true\" \/>Para conocer m\u00e1s sobre pr\u00f3ximas proyecciones de PROCINECDMX, as\u00ed como otras actividades de la Secretar\u00eda de Cultura capitalina, se puede consultar la Cartelera de la Ciudad de M\u00e9xico\u00a0 (<a href=\"https:\/\/gob.us21.list-manage.com\/track\/click?u=24ab1d8cf82850533a5af327c&amp;id=8641415f9a&amp;e=4fe2704bc3\" target=\"_blank\" rel=\"noopener noreferrer\" data-auth=\"NotApplicable\" data-linkindex=\"0\">https:\/\/cartelera.cdmx.gob.mx\/<\/a>) \u00a0y las redes sociales de la Secretar\u00eda de Cultura:\u00a0Facebook, Twitter, Instagram y YouTube.<\/p>\n<p>[\/fusion_text][fusion_imageframe image_id=&#8221;48574|medium&#8221; max_width=&#8221;&#8221; style_type=&#8221;&#8221; blur=&#8221;&#8221; stylecolor=&#8221;&#8221; hover_type=&#8221;none&#8221; bordersize=&#8221;&#8221; bordercolor=&#8221;&#8221; borderradius=&#8221;&#8221; align=&#8221;none&#8221; lightbox=&#8221;no&#8221; gallery_id=&#8221;&#8221; lightbox_image=&#8221;&#8221; lightbox_image_id=&#8221;&#8221; alt=&#8221;&#8221; link=&#8221;&#8221; linktarget=&#8221;_self&#8221; hide_on_mobile=&#8221;small-visibility,medium-visibility,large-visibility&#8221; class=&#8221;&#8221; id=&#8221;&#8221; animation_type=&#8221;&#8221; animation_direction=&#8221;left&#8221; animation_speed=&#8221;0.3&#8243; animation_offset=&#8221;&#8221;]https:\/\/www.bitacoracdmx.com\/wp-content\/uploads\/2022\/12\/67798fae-8345-12cb-88d0-b39900e691a5-300&#215;200.jpeg[\/fusion_imageframe][\/fusion_builder_column][\/fusion_builder_row][\/fusion_builder_container]<\/p>\n","protected":false},"excerpt":{"rendered":"<p>[fusion_builder_container hundred_percent=&#8221;no&#8221; equal_height_columns=&#8221;no&#8221; menu_anchor=&#8221;&#8221; hide_on_mobile=&#8221;small-visibility,medium-visibility,large-visibility&#8221; class=&#8221;&#8221; id=&#8221;&#8221; background_color=&#8221;&#8221; background_image=&#8221;&#8221; background_position=&#8221;center center&#8221; background_repeat=&#8221;no-repeat&#8221; fade=&#8221;no&#8221; background_parallax=&#8221;none&#8221; parallax_speed=&#8221;0.3&#8243; video_mp4=&#8221;&#8221; video_webm=&#8221;&#8221; video_ogv=&#8221;&#8221; video_url=&#8221;&#8221; video_aspect_ratio=&#8221;16:9&#8243; video_loop=&#8221;yes&#8221; video_mute=&#8221;yes&#8221; overlay_color=&#8221;&#8221; video_preview_image=&#8221;&#8221; border_size=&#8221;&#8221; border_color=&#8221;&#8221; border_style=&#8221;solid&#8221; padding_top=&#8221;&#8221; padding_bottom=&#8221;&#8221; padding_left=&#8221;&#8221; padding_right=&#8221;&#8221;][fusion_builder_row][fusion_builder_column type=&#8221;1_1&#8243; layout=&#8221;1_1&#8243; background_position=&#8221;left top&#8221; background_color=&#8221;&#8221; border_size=&#8221;&#8221; border_color=&#8221;&#8221; border_style=&#8221;solid&#8221; border_position=&#8221;all&#8221; spacing=&#8221;yes&#8221; background_image=&#8221;&#8221; background_repeat=&#8221;no-repeat&#8221; padding_top=&#8221;&#8221; padding_right=&#8221;&#8221; padding_bottom=&#8221;&#8221; padding_left=&#8221;&#8221; margin_top=&#8221;0px&#8221; margin_bottom=&#8221;0px&#8221; class=&#8221;&#8221; id=&#8221;&#8221; animation_type=&#8221;&#8221; animation_speed=&#8221;0.3&#8243; animation_direction=&#8221;left&#8221; hide_on_mobile=&#8221;small-visibility,medium-visibility,large-visibility&#8221; center_content=&#8221;no&#8221; last=&#8221;no&#8221; min_height=&#8221;&#8221; hover_type=&#8221;none&#8221; link=&#8221;&#8221;][fusion_text] REDACCI\u00d3N \u00a0La exhibici\u00f3n forma parte del festejo por los 50 a\u00f1os de la primera proyecci\u00f3n del filme de Luis Alcoriza, el cual fue restaurado por la Cineteca Nacional para la ocasi\u00f3n.\u00a0 La cinta retrata con humor negro a la familia [&hellip;]<\/p>\n","protected":false},"author":1,"featured_media":48574,"comment_status":"open","ping_status":"open","sticky":false,"template":"","format":"standard","meta":{"footnotes":""},"categories":[3,9],"tags":[],"_links":{"self":[{"href":"https:\/\/www.bitacoracdmx.com\/index.php?rest_route=\/wp\/v2\/posts\/48573"}],"collection":[{"href":"https:\/\/www.bitacoracdmx.com\/index.php?rest_route=\/wp\/v2\/posts"}],"about":[{"href":"https:\/\/www.bitacoracdmx.com\/index.php?rest_route=\/wp\/v2\/types\/post"}],"author":[{"embeddable":true,"href":"https:\/\/www.bitacoracdmx.com\/index.php?rest_route=\/wp\/v2\/users\/1"}],"replies":[{"embeddable":true,"href":"https:\/\/www.bitacoracdmx.com\/index.php?rest_route=%2Fwp%2Fv2%2Fcomments&post=48573"}],"version-history":[{"count":1,"href":"https:\/\/www.bitacoracdmx.com\/index.php?rest_route=\/wp\/v2\/posts\/48573\/revisions"}],"predecessor-version":[{"id":48575,"href":"https:\/\/www.bitacoracdmx.com\/index.php?rest_route=\/wp\/v2\/posts\/48573\/revisions\/48575"}],"wp:featuredmedia":[{"embeddable":true,"href":"https:\/\/www.bitacoracdmx.com\/index.php?rest_route=\/wp\/v2\/media\/48574"}],"wp:attachment":[{"href":"https:\/\/www.bitacoracdmx.com\/index.php?rest_route=%2Fwp%2Fv2%2Fmedia&parent=48573"}],"wp:term":[{"taxonomy":"category","embeddable":true,"href":"https:\/\/www.bitacoracdmx.com\/index.php?rest_route=%2Fwp%2Fv2%2Fcategories&post=48573"},{"taxonomy":"post_tag","embeddable":true,"href":"https:\/\/www.bitacoracdmx.com\/index.php?rest_route=%2Fwp%2Fv2%2Ftags&post=48573"}],"curies":[{"name":"wp","href":"https:\/\/api.w.org\/{rel}","templated":true}]}}