{"id":48576,"date":"2022-12-17T05:19:25","date_gmt":"2022-12-17T05:19:25","guid":{"rendered":"https:\/\/www.bitacoracdmx.com\/?p=48576"},"modified":"2022-12-17T05:19:25","modified_gmt":"2022-12-17T05:19:25","slug":"museo-archivo-de-fotografia-presenta-la-alquimia-fotografica-de-daniel-mendoza-alafita","status":"publish","type":"post","link":"https:\/\/www.bitacoracdmx.com\/?p=48576","title":{"rendered":"MUSEO ARCHIVO DE FOTOGRAF\u00cdA presenta LA ALQUIMIA FOTOGR\u00c1FICA de DANIEL MENDOZA ALAFITA"},"content":{"rendered":"<p>[fusion_builder_container hundred_percent=&#8221;no&#8221; equal_height_columns=&#8221;no&#8221; menu_anchor=&#8221;&#8221; hide_on_mobile=&#8221;small-visibility,medium-visibility,large-visibility&#8221; class=&#8221;&#8221; id=&#8221;&#8221; background_color=&#8221;&#8221; background_image=&#8221;&#8221; background_position=&#8221;center center&#8221; background_repeat=&#8221;no-repeat&#8221; fade=&#8221;no&#8221; background_parallax=&#8221;none&#8221; parallax_speed=&#8221;0.3&#8243; video_mp4=&#8221;&#8221; video_webm=&#8221;&#8221; video_ogv=&#8221;&#8221; video_url=&#8221;&#8221; video_aspect_ratio=&#8221;16:9&#8243; video_loop=&#8221;yes&#8221; video_mute=&#8221;yes&#8221; overlay_color=&#8221;&#8221; video_preview_image=&#8221;&#8221; border_size=&#8221;&#8221; border_color=&#8221;&#8221; border_style=&#8221;solid&#8221; padding_top=&#8221;&#8221; padding_bottom=&#8221;&#8221; padding_left=&#8221;&#8221; padding_right=&#8221;&#8221;][fusion_builder_row][fusion_builder_column type=&#8221;1_1&#8243; layout=&#8221;1_1&#8243; background_position=&#8221;left top&#8221; background_color=&#8221;&#8221; border_size=&#8221;&#8221; border_color=&#8221;&#8221; border_style=&#8221;solid&#8221; border_position=&#8221;all&#8221; spacing=&#8221;yes&#8221; background_image=&#8221;&#8221; background_repeat=&#8221;no-repeat&#8221; padding_top=&#8221;&#8221; padding_right=&#8221;&#8221; padding_bottom=&#8221;&#8221; padding_left=&#8221;&#8221; margin_top=&#8221;0px&#8221; margin_bottom=&#8221;0px&#8221; class=&#8221;&#8221; id=&#8221;&#8221; animation_type=&#8221;&#8221; animation_speed=&#8221;0.3&#8243; animation_direction=&#8221;left&#8221; hide_on_mobile=&#8221;small-visibility,medium-visibility,large-visibility&#8221; center_content=&#8221;no&#8221; last=&#8221;no&#8221; min_height=&#8221;&#8221; hover_type=&#8221;none&#8221; link=&#8221;&#8221;][fusion_text]<\/p>\n<p>REDACCI\u00d3N<\/p>\n<ul>\n<li>La exposici\u00f3n conformada por m\u00e1s de 50 piezas originales divididas en once series, abarcan diferentes \u00e9pocas creativas del gran fot\u00f3grafo e impresor mexicano.<br aria-hidden=\"true\" \/><\/li>\n<li>Daniel Mendoza Alafita se desempe\u00f1a como docente universitario, cinefot\u00f3grafo y un apasionado defensor de la fotograf\u00eda experimental<\/li>\n<\/ul>\n<p>El\u00a0<strong>Museo Archivo de Fotograf\u00eda (MAP)\u00a0<\/strong>recinto de la\u00a0<strong>Secretar\u00eda de Cultura de la Ciudad de\u00a0<\/strong>M\u00e9xico present\u00f3 la velada de ayer la exposici\u00f3n\u00a0<em>Daniel Mendoza Alafita: El Alquimista en sus Mundos Secretos,\u00a0<\/em>la cual muestra m\u00e1s de 50 piezas originales divididas en 11 series, que abarcan diferentes \u00e9pocas creativas del artista, que comparte su obra por primera vez despu\u00e9s de ocho a\u00f1os de no exponer individualmente.<br aria-hidden=\"true\" \/>\u00a0<br aria-hidden=\"true\" \/>Este alquimista mexicano presenta un trabajo minucioso sobre la vida ritual y las fiestas tradicionales de los pueblos originarios y afromexicanos, durante un recorrido en el estado de Veracruz en la Direcci\u00f3n General de Culturas Populares, adem\u00e1s de sus trabajos m\u00e1s contempor\u00e1neos y experimentales. Tambi\u00e9n se exhiben c\u00e1maras estenopeicas, libros y collages del fundador de Taller-Estudio Selenium.<br aria-hidden=\"true\" \/>\u00a0<br aria-hidden=\"true\" \/>Alumno de Nacho L\u00f3pez y Carlos Jurado, considerados grandes maestros de la fotograf\u00eda mexicana, Mendoza estudi\u00f3 en la Facultad de Artes Pl\u00e1sticas de la Universidad Veracruzana y cuenta con una amplia trayectoria pues fund\u00f3 Imagen Jarocha convirti\u00e9ndola en la primera agencia de informaci\u00f3n fotogr\u00e1fica de Veracruz en los a\u00f1os ochenta y entrada la siguiente d\u00e9cada arrib\u00f3 a la Ciudad de M\u00e9xico y trabaj\u00f3 como fotorreportero del peri\u00f3dico\u00a0<em>El Economista<\/em>.<br aria-hidden=\"true\" \/>\u00a0<br aria-hidden=\"true\" \/>Actualmente se desempe\u00f1a como docente universitario, cinefot\u00f3grafo y un apasionado defensor de la fotograf\u00eda experimental; con m\u00e1s de 30 exposiciones colectivas en M\u00e9xico y el extranjero y luego de 8 a\u00f1os de no exhibir de manera individual, el artista comparte por primera vez su obra en uno de los recintos hist\u00f3ricos que ha alojado autores como Graciela Iturbide, Antonio Caballero, Agust\u00edn Jim\u00e9nez y, recientemente, Bob Schalkwijk.<br aria-hidden=\"true\" \/>\u00a0<br aria-hidden=\"true\" \/>Para que el p\u00fablico conozca el trabajo de este artista de la imagen puede visitar el Museo Archivo de la Fotograf\u00eda en la Calle de Rep\u00fablica de Guatemala, N\u00famero 34, en el Centro Hist\u00f3rico de la Ciudad de M\u00e9xico.<br aria-hidden=\"true\" \/>\u00a0<br aria-hidden=\"true\" \/>Las actividades\u00a0de\u00a0la\u00a0<strong>Secretar\u00eda\u00a0de\u00a0Cultura\u00a0de la Ciudad\u00a0de\u00a0M\u00e9xico<\/strong>\u00a0se pueden conocer\u00a0en\u00a0su p\u00e1gina oficial (<a href=\"https:\/\/gob.us21.list-manage.com\/track\/click?u=24ab1d8cf82850533a5af327c&amp;id=3b6c500d11&amp;e=4fe2704bc3\" target=\"_blank\" rel=\"noopener noreferrer\" data-auth=\"NotApplicable\" data-linkindex=\"0\">https:\/\/cultura.cdmx.gob.mx\/<\/a>),\u00a0en\u00a0la Cartelera\u00a0de\u00a0la Ciudad\u00a0de\u00a0M\u00e9xico y a trav\u00e9s\u00a0de\u00a0sus redes sociales:\u00a0Facebook, Twitter, Instagram y YouTube.<\/p>\n<p>[\/fusion_text][fusion_imageframe image_id=&#8221;48577|medium&#8221; max_width=&#8221;&#8221; style_type=&#8221;&#8221; blur=&#8221;&#8221; stylecolor=&#8221;&#8221; hover_type=&#8221;none&#8221; bordersize=&#8221;&#8221; bordercolor=&#8221;&#8221; borderradius=&#8221;&#8221; align=&#8221;none&#8221; lightbox=&#8221;no&#8221; gallery_id=&#8221;&#8221; lightbox_image=&#8221;&#8221; lightbox_image_id=&#8221;&#8221; alt=&#8221;&#8221; link=&#8221;&#8221; linktarget=&#8221;_self&#8221; hide_on_mobile=&#8221;small-visibility,medium-visibility,large-visibility&#8221; class=&#8221;&#8221; id=&#8221;&#8221; animation_type=&#8221;&#8221; animation_direction=&#8221;left&#8221; animation_speed=&#8221;0.3&#8243; animation_offset=&#8221;&#8221;]https:\/\/www.bitacoracdmx.com\/wp-content\/uploads\/2022\/12\/DANIEL-ALAFITA-INAUGURACION-3-300&#215;200.jpg[\/fusion_imageframe][\/fusion_builder_column][\/fusion_builder_row][\/fusion_builder_container]<\/p>\n","protected":false},"excerpt":{"rendered":"<p>[fusion_builder_container hundred_percent=&#8221;no&#8221; equal_height_columns=&#8221;no&#8221; menu_anchor=&#8221;&#8221; hide_on_mobile=&#8221;small-visibility,medium-visibility,large-visibility&#8221; class=&#8221;&#8221; id=&#8221;&#8221; background_color=&#8221;&#8221; background_image=&#8221;&#8221; background_position=&#8221;center center&#8221; background_repeat=&#8221;no-repeat&#8221; fade=&#8221;no&#8221; background_parallax=&#8221;none&#8221; parallax_speed=&#8221;0.3&#8243; video_mp4=&#8221;&#8221; video_webm=&#8221;&#8221; video_ogv=&#8221;&#8221; video_url=&#8221;&#8221; video_aspect_ratio=&#8221;16:9&#8243; video_loop=&#8221;yes&#8221; video_mute=&#8221;yes&#8221; overlay_color=&#8221;&#8221; video_preview_image=&#8221;&#8221; border_size=&#8221;&#8221; border_color=&#8221;&#8221; border_style=&#8221;solid&#8221; padding_top=&#8221;&#8221; padding_bottom=&#8221;&#8221; padding_left=&#8221;&#8221; padding_right=&#8221;&#8221;][fusion_builder_row][fusion_builder_column type=&#8221;1_1&#8243; layout=&#8221;1_1&#8243; background_position=&#8221;left top&#8221; background_color=&#8221;&#8221; border_size=&#8221;&#8221; border_color=&#8221;&#8221; border_style=&#8221;solid&#8221; border_position=&#8221;all&#8221; spacing=&#8221;yes&#8221; background_image=&#8221;&#8221; background_repeat=&#8221;no-repeat&#8221; padding_top=&#8221;&#8221; padding_right=&#8221;&#8221; padding_bottom=&#8221;&#8221; padding_left=&#8221;&#8221; margin_top=&#8221;0px&#8221; margin_bottom=&#8221;0px&#8221; class=&#8221;&#8221; id=&#8221;&#8221; animation_type=&#8221;&#8221; animation_speed=&#8221;0.3&#8243; animation_direction=&#8221;left&#8221; hide_on_mobile=&#8221;small-visibility,medium-visibility,large-visibility&#8221; center_content=&#8221;no&#8221; last=&#8221;no&#8221; min_height=&#8221;&#8221; hover_type=&#8221;none&#8221; link=&#8221;&#8221;][fusion_text] REDACCI\u00d3N La exposici\u00f3n conformada por m\u00e1s de 50 piezas originales divididas en once series, abarcan diferentes \u00e9pocas creativas del gran fot\u00f3grafo e impresor mexicano. Daniel Mendoza Alafita se desempe\u00f1a como docente universitario, cinefot\u00f3grafo y un apasionado defensor de la fotograf\u00eda [&hellip;]<\/p>\n","protected":false},"author":1,"featured_media":48577,"comment_status":"open","ping_status":"open","sticky":false,"template":"","format":"standard","meta":{"footnotes":""},"categories":[5,9],"tags":[],"_links":{"self":[{"href":"https:\/\/www.bitacoracdmx.com\/index.php?rest_route=\/wp\/v2\/posts\/48576"}],"collection":[{"href":"https:\/\/www.bitacoracdmx.com\/index.php?rest_route=\/wp\/v2\/posts"}],"about":[{"href":"https:\/\/www.bitacoracdmx.com\/index.php?rest_route=\/wp\/v2\/types\/post"}],"author":[{"embeddable":true,"href":"https:\/\/www.bitacoracdmx.com\/index.php?rest_route=\/wp\/v2\/users\/1"}],"replies":[{"embeddable":true,"href":"https:\/\/www.bitacoracdmx.com\/index.php?rest_route=%2Fwp%2Fv2%2Fcomments&post=48576"}],"version-history":[{"count":1,"href":"https:\/\/www.bitacoracdmx.com\/index.php?rest_route=\/wp\/v2\/posts\/48576\/revisions"}],"predecessor-version":[{"id":48578,"href":"https:\/\/www.bitacoracdmx.com\/index.php?rest_route=\/wp\/v2\/posts\/48576\/revisions\/48578"}],"wp:featuredmedia":[{"embeddable":true,"href":"https:\/\/www.bitacoracdmx.com\/index.php?rest_route=\/wp\/v2\/media\/48577"}],"wp:attachment":[{"href":"https:\/\/www.bitacoracdmx.com\/index.php?rest_route=%2Fwp%2Fv2%2Fmedia&parent=48576"}],"wp:term":[{"taxonomy":"category","embeddable":true,"href":"https:\/\/www.bitacoracdmx.com\/index.php?rest_route=%2Fwp%2Fv2%2Fcategories&post=48576"},{"taxonomy":"post_tag","embeddable":true,"href":"https:\/\/www.bitacoracdmx.com\/index.php?rest_route=%2Fwp%2Fv2%2Ftags&post=48576"}],"curies":[{"name":"wp","href":"https:\/\/api.w.org\/{rel}","templated":true}]}}