{"id":48603,"date":"2022-12-20T02:39:57","date_gmt":"2022-12-20T02:39:57","guid":{"rendered":"https:\/\/www.bitacoracdmx.com\/?p=48603"},"modified":"2022-12-20T02:39:57","modified_gmt":"2022-12-20T02:39:57","slug":"ganan-dos-egresados-de-procine-fideicomiso-de-100-mil-pesos-por-cortometraje-con-practicas-sustentables","status":"publish","type":"post","link":"https:\/\/www.bitacoracdmx.com\/?p=48603","title":{"rendered":"Ganan dos egresados de PROCINE FIDEICOMISO de 100 mil pesos por CORTOMETRAJE con PR\u00c1CTICAS SUSTENTABLES"},"content":{"rendered":"<p>[fusion_builder_container hundred_percent=&#8221;no&#8221; equal_height_columns=&#8221;no&#8221; menu_anchor=&#8221;&#8221; hide_on_mobile=&#8221;small-visibility,medium-visibility,large-visibility&#8221; class=&#8221;&#8221; id=&#8221;&#8221; background_color=&#8221;&#8221; background_image=&#8221;&#8221; background_position=&#8221;center center&#8221; background_repeat=&#8221;no-repeat&#8221; fade=&#8221;no&#8221; background_parallax=&#8221;none&#8221; parallax_speed=&#8221;0.3&#8243; video_mp4=&#8221;&#8221; video_webm=&#8221;&#8221; video_ogv=&#8221;&#8221; video_url=&#8221;&#8221; video_aspect_ratio=&#8221;16:9&#8243; video_loop=&#8221;yes&#8221; video_mute=&#8221;yes&#8221; overlay_color=&#8221;&#8221; video_preview_image=&#8221;&#8221; border_size=&#8221;&#8221; border_color=&#8221;&#8221; border_style=&#8221;solid&#8221; padding_top=&#8221;&#8221; padding_bottom=&#8221;&#8221; padding_left=&#8221;&#8221; padding_right=&#8221;&#8221;][fusion_builder_row][fusion_builder_column type=&#8221;1_1&#8243; layout=&#8221;1_1&#8243; background_position=&#8221;left top&#8221; background_color=&#8221;&#8221; border_size=&#8221;&#8221; border_color=&#8221;&#8221; border_style=&#8221;solid&#8221; border_position=&#8221;all&#8221; spacing=&#8221;yes&#8221; background_image=&#8221;&#8221; background_repeat=&#8221;no-repeat&#8221; padding_top=&#8221;&#8221; padding_right=&#8221;&#8221; padding_bottom=&#8221;&#8221; padding_left=&#8221;&#8221; margin_top=&#8221;0px&#8221; margin_bottom=&#8221;0px&#8221; class=&#8221;&#8221; id=&#8221;&#8221; animation_type=&#8221;&#8221; animation_speed=&#8221;0.3&#8243; animation_direction=&#8221;left&#8221; hide_on_mobile=&#8221;small-visibility,medium-visibility,large-visibility&#8221; center_content=&#8221;no&#8221; last=&#8221;no&#8221; min_height=&#8221;&#8221; hover_type=&#8221;none&#8221; link=&#8221;&#8221;][fusion_text]<\/p>\n<p>REDACCI\u00d3N<\/p>\n<ul>\n<li>De nueve j\u00f3venes del \u201cCiclo de Formaci\u00f3n de Productores Audiovisuales Comunitarios de PROCINECDMX\u201d, que participaron en la residencia, se eligieron dos proyectos finalistas que recibieron un apoyo de cien mil pesos para su rodaje.<br aria-hidden=\"true\" \/><\/li>\n<li>Bel\u00e9n Ruiz P\u00e9rez, y Omar Yitzhak Garc\u00eda Serrano, finalistas de la convocatoria por parte de los talleres de PROCINE, presentaron sus materiales, junto con los cinco filmes ganadores.<\/li>\n<\/ul>\n<p>Dos cortometrajes realizados dentro de los Talleres de Formaci\u00f3n para Productores Audiovisuales Comunitarios, programa del Fideicomiso para la Promoci\u00f3n y Desarrollo del Cine Mexicano en la Ciudad de M\u00e9xico\u00a0<strong>(PROCINECDMX)<\/strong>, adscrito a la\u00a0<strong>Secretar\u00eda de Cultura de la Ciudad de M\u00e9xico<\/strong>, resultaron ganadores de la Convocatoria\u00a0<strong>\u201c<\/strong><strong>Huellas Verdes\u201d<\/strong>, concurso de creaci\u00f3n de cortometrajes con mejores pr\u00e1cticas para reducir su impacto ambiental, emitida por la Secretar\u00eda de Cultura del Gobierno de M\u00e9xico a trav\u00e9s del Centro de Capacitaci\u00f3n Cinematogr\u00e1fica A.C. (CCC), como parte del proyecto prioritario Chapultepec, Naturaleza y Cultura.<br aria-hidden=\"true\" \/><br aria-hidden=\"true\" \/><em>Cautiverio<\/em>, dirigido por Bel\u00e9n Ruiz P\u00e9rez, y\u00a0<em>Tonalli<\/em>, dirigido por Omar Yitzhak Garc\u00eda Serrano, fueron seleccionados por el Fideicomiso, por lo que recibieron un apoyo de cien mil pesos para su producci\u00f3n en los temas \u201cnaturaleza y cultura\u201d, tomando en cuenta diversos aspectos b\u00e1sicos para reducir el impacto ambiental que se genera regularmente en los rodajes tradicionales.<br aria-hidden=\"true\" \/>\u00a0<br aria-hidden=\"true\" \/>La realizaci\u00f3n de los cinco cortometrajes finalistas, junto con los dos de PROCINE, se llev\u00f3 a cabo entre el 6 y el 31 de octubre de este a\u00f1o, en todo momento intentando trabajar al m\u00e1ximo con luz natural para evitar el uso de plantas generadoras de electricidad; asimismo, en la medida de lo posible, se usaron recursos y servicios, como el de alimentaci\u00f3n, disponibles en las comunidades para evitar contaminaci\u00f3n externa y apoyar la econom\u00eda local.<br aria-hidden=\"true\" \/><br aria-hidden=\"true\" \/>Durante dos semanas, en el mes de agosto, las 20 personas seleccionadas inicialmente por la convocatoria, junto a 10 integrantes de los Semilleros Creativos, del programa Cultura Comunitaria de la Secretar\u00eda de Cultura del Gobierno de M\u00e9xico, as\u00ed como nueve m\u00e1s de los Talleres de PROCINE, fueron parte de una residencia formativa en el Complejo Cultural los Pinos en donde recibieron charlas, talleres, asesor\u00edas y llevaron a cabo pr\u00e1cticas, con la finalidad de incorporar procesos que les permitieran reducir el impacto ambiental en sus proyectos f\u00edlmicos.<br aria-hidden=\"true\" \/><br aria-hidden=\"true\" \/>El\u00a0<strong>viernes 16 de diciembre\u00a0<\/strong>en la\u00a0<strong>Casa Miguel Alem\u00e1n del Complejo Cultural Los Pinos,<\/strong>\u00a0se realiz\u00f3 la exhibici\u00f3n de los cortometrajes, encabezada por Mar\u00eda Novaro Pe\u00f1aloza, Directora General de IMCINE, Alfredo A. Loaeza S\u00e1nchez, Director General del Centro de Capacitaci\u00f3n Cinematogr\u00e1fica y Cristi\u00e1n Cal\u00f3nico Lucio, Director General del Fideicomiso PROCINECDMX.<br aria-hidden=\"true\" \/><br aria-hidden=\"true\" \/>Loaeza destac\u00f3 que esta iniciativa se puede ir perfilando como un modelo de formaci\u00f3n cinematogr\u00e1fica, permitiendo que el alcance se extienda a m\u00e1s regiones del pa\u00eds y que personas de distintos lugares puedan mostrar sus historias, contextos y distintas maneras de ver el mundo.<br aria-hidden=\"true\" \/><br aria-hidden=\"true\" \/>Asimismo, puntualiz\u00f3 que en este a\u00f1o, se logr\u00f3 sumar a participantes de los Talleres de PROCINE y de Semilleros Creativos de Cultura Comunitaria, duplicando el apoyo exponencialmente, esperando que los j\u00f3venes cineastas lleven estas pr\u00e1cticas al quehacer audiovisual y cinematogr\u00e1fico.<br aria-hidden=\"true\" \/><br aria-hidden=\"true\" \/>Por su parte, Cal\u00f3nico, titular del Fideicomiso PROCINE, agradeci\u00f3 la alianza conformada con el CCC, que ha permitido que j\u00f3venes que no cuentan con formaci\u00f3n audiovisual, accedan a estas oportunidades. Reconoci\u00f3 que los j\u00f3venes egresados de los talleres, se enfrentaron a una gran competencia con relaci\u00f3n a sus compa\u00f1eros de residencia, que ya cuentan con una experiencia y trayectoria en el medio audiovisual, destacando que el resultado ha sido favorable y digno, al ser este, su primer cortometraje.<br aria-hidden=\"true\" \/><br aria-hidden=\"true\" \/>De igual forma, se\u00f1al\u00f3 que estas alianzas entre IMCINE y CCC permiten crear nuevos proyectos en conjunto, entre ellos \u201cCine a bordo\u201d, en el que las y los usuarios del RTP podr\u00e1n disfrutar de pel\u00edculas de manera gratuita en su celular durante sus trayectos, as\u00ed como la producci\u00f3n de un cat\u00e1logo audiovisual de pel\u00edculas filmadas en la Ciudad de M\u00e9xico y su inclusi\u00f3n en la reci\u00e9n creada &#8220;Red Interinstitucional por la Igualdad de G\u00e9nero en la Comunidad Audiovisual de la Ciudad de M\u00e9xico&#8221; que busca prevenir la violencia de g\u00e9nero en este gremio, de la que ambas instituciones ya forman parte.<br aria-hidden=\"true\" \/>\u00a0<br aria-hidden=\"true\" \/>La directora del IMCINE celebr\u00f3 estas iniciativas que permiten la construcci\u00f3n de un medio m\u00e1s diverso, plural, descentralizado y con diversidad de g\u00e9nero, que conlleve pr\u00e1cticas menos jer\u00e1rquicas y libres de violencia; as\u00ed como una formaci\u00f3n audiovisual no escolarizada. Aprovech\u00f3 para invitar a las y los participantes a consultar las pr\u00f3ximas convocatorias del FOCINE, no sin antes dejar de felicitar a los j\u00f3venes cineastas.<br aria-hidden=\"true\" \/>\u00a0<br aria-hidden=\"true\" \/>Entre los requisitos que estableci\u00f3 la convocatoria para la realizaci\u00f3n de cortometrajes seleccionados, resaltan la filmaci\u00f3n en su lugar de origen y poner en pr\u00e1ctica estrategias que reduzcan el impacto ambiental, que ya deber\u00edan ser implementadas en la manera de hacer cine. De igual manera, se cont\u00f3 con paridad de g\u00e9nero para las y los participantes, jurado y talleristas.<br aria-hidden=\"true\" \/>\u00a0<br aria-hidden=\"true\" \/>Los cinco cortometrajes finalistas de la Convocatoria \u201cHuellas Verdes\u201d fueron:\u00a0<em>D\u00edas de abundancia,<\/em>\u00a0de Itzel Aiko Alonso Anaya (Regi\u00f3n Centro, CDMX),\u00a0<em>Bajudh,\u00a0<\/em>de Carlos Matienzo Serment (Regi\u00f3n Centro-Occidente, San Luis Potos\u00ed),\u00a0<em>Espejo humano<\/em>, de Bernardino de Jes\u00fas L\u00f3pez de la Cruz (Regi\u00f3n Sur, Chiapas, perteneciente a una comunida tsotsil),\u00a0\u00a0<em>Hikuri,<\/em>\u00a0de Sandra Ovilla Leon (Regi\u00f3n Centro-Occidente, Nayarit),\u00a0<em>La jaula y la selva,<\/em>\u00a0de Juan Carlos Dom\u00ednguez Domingo (Regi\u00f3n Centro, CDMX).<br aria-hidden=\"true\" \/>\u00a0<br aria-hidden=\"true\" \/>Adem\u00e1s de estas producciones, se presentaron los dos cortometrajes realizados dentro de los Talleres de Formaci\u00f3n para Productores Audiovisuales Comunitarios de PROCINECDMX:\u00a0<em>Cautiverio,<\/em>\u00a0dirigido por Bel\u00e9n Ruiz P\u00e9rez, y\u00a0<em>Tonalli<\/em>, dirigido por Omar Yitzhak Garc\u00eda Serrano.<br aria-hidden=\"true\" \/>\u00a0<br aria-hidden=\"true\" \/>Cabe mencionar que los cinco cortometrajes ganadores de la convocatoria formar\u00e1n parte del cat\u00e1logo del CCC para poder ser distribuidos en muestras, festivales y eventos cinematogr\u00e1ficos en M\u00e9xico y el mundo.<br aria-hidden=\"true\" \/>\u00a0<br aria-hidden=\"true\" \/>Para consultar esta y otras actividades se puede consultar la Cartelera de la Ciudad de M\u00e9xico\u00a0 (<a href=\"https:\/\/gob.us21.list-manage.com\/track\/click?u=24ab1d8cf82850533a5af327c&amp;id=6dc373f6ac&amp;e=4fe2704bc3\" target=\"_blank\" rel=\"noopener noreferrer\" data-auth=\"NotApplicable\" data-linkindex=\"0\">https:\/\/cartelera.cdmx.gob.mx\/<\/a>) \u00a0y a trav\u00e9s\u00a0de\u00a0las redes sociales de la Secretar\u00eda de Cultura y el Fondo de Cultura Econ\u00f3mica:\u00a0Facebook, Twitter, Instagram y YouTube.<\/p>\n<p>[\/fusion_text][fusion_imageframe image_id=&#8221;48604|medium&#8221; max_width=&#8221;&#8221; style_type=&#8221;&#8221; blur=&#8221;&#8221; stylecolor=&#8221;&#8221; hover_type=&#8221;none&#8221; bordersize=&#8221;&#8221; bordercolor=&#8221;&#8221; borderradius=&#8221;&#8221; align=&#8221;none&#8221; lightbox=&#8221;no&#8221; gallery_id=&#8221;&#8221; lightbox_image=&#8221;&#8221; lightbox_image_id=&#8221;&#8221; alt=&#8221;&#8221; link=&#8221;&#8221; linktarget=&#8221;_self&#8221; hide_on_mobile=&#8221;small-visibility,medium-visibility,large-visibility&#8221; class=&#8221;&#8221; id=&#8221;&#8221; animation_type=&#8221;&#8221; animation_direction=&#8221;left&#8221; animation_speed=&#8221;0.3&#8243; animation_offset=&#8221;&#8221;]https:\/\/www.bitacoracdmx.com\/wp-content\/uploads\/2022\/12\/9d0917fa-dcf7-2d88-3da1-2e27fa3e3622-1-300&#215;169.jpg[\/fusion_imageframe][\/fusion_builder_column][\/fusion_builder_row][\/fusion_builder_container]<\/p>\n","protected":false},"excerpt":{"rendered":"<p>[fusion_builder_container hundred_percent=&#8221;no&#8221; equal_height_columns=&#8221;no&#8221; menu_anchor=&#8221;&#8221; hide_on_mobile=&#8221;small-visibility,medium-visibility,large-visibility&#8221; class=&#8221;&#8221; id=&#8221;&#8221; background_color=&#8221;&#8221; background_image=&#8221;&#8221; background_position=&#8221;center center&#8221; background_repeat=&#8221;no-repeat&#8221; fade=&#8221;no&#8221; background_parallax=&#8221;none&#8221; parallax_speed=&#8221;0.3&#8243; video_mp4=&#8221;&#8221; video_webm=&#8221;&#8221; video_ogv=&#8221;&#8221; video_url=&#8221;&#8221; video_aspect_ratio=&#8221;16:9&#8243; video_loop=&#8221;yes&#8221; video_mute=&#8221;yes&#8221; overlay_color=&#8221;&#8221; video_preview_image=&#8221;&#8221; border_size=&#8221;&#8221; border_color=&#8221;&#8221; border_style=&#8221;solid&#8221; padding_top=&#8221;&#8221; padding_bottom=&#8221;&#8221; padding_left=&#8221;&#8221; padding_right=&#8221;&#8221;][fusion_builder_row][fusion_builder_column type=&#8221;1_1&#8243; layout=&#8221;1_1&#8243; background_position=&#8221;left top&#8221; background_color=&#8221;&#8221; border_size=&#8221;&#8221; border_color=&#8221;&#8221; border_style=&#8221;solid&#8221; border_position=&#8221;all&#8221; spacing=&#8221;yes&#8221; background_image=&#8221;&#8221; background_repeat=&#8221;no-repeat&#8221; padding_top=&#8221;&#8221; padding_right=&#8221;&#8221; padding_bottom=&#8221;&#8221; padding_left=&#8221;&#8221; margin_top=&#8221;0px&#8221; margin_bottom=&#8221;0px&#8221; class=&#8221;&#8221; id=&#8221;&#8221; animation_type=&#8221;&#8221; animation_speed=&#8221;0.3&#8243; animation_direction=&#8221;left&#8221; hide_on_mobile=&#8221;small-visibility,medium-visibility,large-visibility&#8221; center_content=&#8221;no&#8221; last=&#8221;no&#8221; min_height=&#8221;&#8221; hover_type=&#8221;none&#8221; link=&#8221;&#8221;][fusion_text] REDACCI\u00d3N De nueve j\u00f3venes del \u201cCiclo de Formaci\u00f3n de Productores Audiovisuales Comunitarios de PROCINECDMX\u201d, que participaron en la residencia, se eligieron dos proyectos finalistas que recibieron un apoyo de cien mil pesos para su rodaje. Bel\u00e9n Ruiz P\u00e9rez, y Omar [&hellip;]<\/p>\n","protected":false},"author":1,"featured_media":48604,"comment_status":"open","ping_status":"open","sticky":false,"template":"","format":"standard","meta":{"footnotes":""},"categories":[3,9],"tags":[],"_links":{"self":[{"href":"https:\/\/www.bitacoracdmx.com\/index.php?rest_route=\/wp\/v2\/posts\/48603"}],"collection":[{"href":"https:\/\/www.bitacoracdmx.com\/index.php?rest_route=\/wp\/v2\/posts"}],"about":[{"href":"https:\/\/www.bitacoracdmx.com\/index.php?rest_route=\/wp\/v2\/types\/post"}],"author":[{"embeddable":true,"href":"https:\/\/www.bitacoracdmx.com\/index.php?rest_route=\/wp\/v2\/users\/1"}],"replies":[{"embeddable":true,"href":"https:\/\/www.bitacoracdmx.com\/index.php?rest_route=%2Fwp%2Fv2%2Fcomments&post=48603"}],"version-history":[{"count":1,"href":"https:\/\/www.bitacoracdmx.com\/index.php?rest_route=\/wp\/v2\/posts\/48603\/revisions"}],"predecessor-version":[{"id":48605,"href":"https:\/\/www.bitacoracdmx.com\/index.php?rest_route=\/wp\/v2\/posts\/48603\/revisions\/48605"}],"wp:featuredmedia":[{"embeddable":true,"href":"https:\/\/www.bitacoracdmx.com\/index.php?rest_route=\/wp\/v2\/media\/48604"}],"wp:attachment":[{"href":"https:\/\/www.bitacoracdmx.com\/index.php?rest_route=%2Fwp%2Fv2%2Fmedia&parent=48603"}],"wp:term":[{"taxonomy":"category","embeddable":true,"href":"https:\/\/www.bitacoracdmx.com\/index.php?rest_route=%2Fwp%2Fv2%2Fcategories&post=48603"},{"taxonomy":"post_tag","embeddable":true,"href":"https:\/\/www.bitacoracdmx.com\/index.php?rest_route=%2Fwp%2Fv2%2Ftags&post=48603"}],"curies":[{"name":"wp","href":"https:\/\/api.w.org\/{rel}","templated":true}]}}